{"id":35394,"date":"2024-03-10T16:50:41","date_gmt":"2024-03-10T19:50:41","guid":{"rendered":"https:\/\/somdepapo.com.br\/portal\/?p=35394"},"modified":"2024-03-10T16:50:41","modified_gmt":"2024-03-10T19:50:41","slug":"a-ascensao-da-mulher-no-mercado-de-trabalho-desafios-conquistas-e-perspectivas","status":"publish","type":"post","link":"https:\/\/somdepapo.com.br\/portal\/a-ascensao-da-mulher-no-mercado-de-trabalho-desafios-conquistas-e-perspectivas\/","title":{"rendered":"A ascens\u00e3o da mulher no Mercado de Trabalho: desafios, conquistas e perspectivas"},"content":{"rendered":"<p style=\"text-align: right;\">Por Andr\u00e9a Alvarenga<\/p>\n<p style=\"text-align: justify;\">Consultora de RH, Palestrante, Multiplicadora<\/p>\n<p style=\"text-align: justify;\">Na hist\u00f3ria do mercado de trabalho, a presen\u00e7a feminina tem sido marcada por uma jornada repleta de desafios, resist\u00eancia e, felizmente, not\u00e1veis conquistas. Desde lutas por direitos b\u00e1sicos at\u00e9 a busca por igualdade de oportunidades, as mulheres t\u00eam desempenhado pap\u00e9is fundamentais na transforma\u00e7\u00e3o do panorama profissional global.<\/p>\n<p style=\"text-align: justify;\">No entanto, mesmo diante de avan\u00e7os significativos, ainda h\u00e1 uma s\u00e9rie de obst\u00e1culos a serem superados. Explorando esse cen\u00e1rio em constante evolu\u00e7\u00e3o, analisando os desafios enfrentados pelas mulheres, suas conquistas s\u00e3o not\u00e1veis e de boas perspectivas para o futuro.<\/p>\n<p style=\"text-align: justify;\">Desde os prim\u00f3rdios da Revolu\u00e7\u00e3o Industrial at\u00e9 os dias atuais, as mulheres t\u00eam enfrentado discrimina\u00e7\u00e3o de g\u00eanero no local de trabalho. Sal\u00e1rios mais baixos em compara\u00e7\u00e3o com seus colegas masculinos, dificuldades de ascens\u00e3o na carreira, falta de representatividade de cargos de lideran\u00e7a e quest\u00f5es relacionadas \u00e0 concilia\u00e7\u00e3o entre vida profissional e pessoal s\u00e3o apenas alguns desafios que persistem.<\/p>\n<p style=\"text-align: justify;\">A cultura organizacional tamb\u00e9m desempenha um papel importante na perpetua\u00e7\u00e3o dessas desigualdades, com estere\u00f3tipos de g\u00eanero ainda influenciando as percep\u00e7\u00f5es e oportunidades dispon\u00edveis para as mulheres em muitos setores.<\/p>\n<p style=\"text-align: justify;\">Apesar dos desafios, as mulheres t\u00eam alcan\u00e7ado conquistas significativas no mercado de trabalho. Hoje, vemos mais mulheres ocupando cargos de lideran\u00e7a nas empresas, desempenhando pap\u00e9is de destaque em setores tradicionalmente dominados por homens, como tecnologia e finan\u00e7as, e contribuindo de maneira crucial para o progresso econ\u00f4mico e social.<\/p>\n<p style=\"text-align: justify;\">Al\u00e9m disso, pol\u00edticas e legisla\u00e7\u00f5es voltadas para a promo\u00e7\u00e3o da igualdade de g\u00eanero no local de trabalho t\u00eam ajudado a impulsionar mudan\u00e7as positivas, incentivando a implementa\u00e7\u00e3o de medidas como licen\u00e7a-maternidade\/paternidade remunerada, pol\u00edticas de igualdade salarial e programas de diversidade e inclus\u00e3o.<\/p>\n<p style=\"text-align: justify;\">Embora tenhamos feito grandes avan\u00e7os, ainda h\u00e1 um longo caminho a percorrer na busca pela verdadeira igualdade de oportunidade no mercado de trabalho. Para alcan\u00e7ar esse objetivo, \u00e9 essencial um esfor\u00e7o conjunto de governos, empresas, organiza\u00e7\u00f5es da sociedade civil e indiv\u00edduos.<\/p>\n<p style=\"text-align: justify;\">Investimentos em educa\u00e7\u00e3o e capacita\u00e7\u00e3o profissional para mulheres, promo\u00e7\u00e3o de ambientes de trabalho inclusivos e equitativos, revis\u00e3o e implementa\u00e7\u00e3o de pol\u00edticas de igualdade de g\u00eanero e o fortalecimento do apoio \u00e0 concilia\u00e7\u00e3o entre trabalho e vida pessoal s\u00e3o algumas das medidas cruciais que podem contribuis para uma mudan\u00e7a significativa.<\/p>\n<p style=\"text-align: justify;\">\u00c0 medida que nos aproximamos de um futuro onde a igualdade de g\u00eanero seja a norma, \u00e9 imperativo reconhecer e valorizar as contribui\u00e7\u00f5es das mulheres em todos os aspectos da sociedade.<\/p>\n<p style=\"text-align: justify;\">Somente atrav\u00e9s do empoderamento e da promo\u00e7\u00e3o da equidade, poderemos alcan\u00e7ar um mercado de trabalho verdadeiramente justo e inclusivo, onde todos tenham a oportunidade de prosperar e realizar seu pleno potencial, independente do g\u00eanero.<\/p>\n<p style=\"text-align: justify;\">Refer\u00eancia texto e imagem:<\/p>\n<p style=\"text-align: justify;\">https:\/\/mundoeducacao.uol.com.br\/geografia\/participacao-feminina-no-mercado-trabalho.htm<\/p>\n<p style=\"text-align: justify;\">\n<blockquote class=\"wp-embedded-content\" data-secret=\"X6FCOlm7Kb\"><p><a href=\"https:\/\/www.sitedebelezaemoda.com.br\/mensagens-para-o-dia-internacional-da-mulher\/\">Mensagens para o dia internacional da MULHER: 8 de mar\u00e7o<\/a><\/p><\/blockquote>\n<p><iframe class=\"wp-embedded-content\" sandbox=\"allow-scripts\" security=\"restricted\" style=\"position: absolute; visibility: hidden;\" title=\"&#8220;Mensagens para o dia internacional da MULHER: 8 de mar\u00e7o&#8221; &#8212; Site de Beleza e Moda\" src=\"https:\/\/www.sitedebelezaemoda.com.br\/mensagens-para-o-dia-internacional-da-mulher\/embed\/#?secret=zhkaDU231D#?secret=X6FCOlm7Kb\" data-secret=\"X6FCOlm7Kb\" width=\"500\" height=\"282\" frameborder=\"0\" marginwidth=\"0\" marginheight=\"0\" scrolling=\"no\"><\/iframe><\/p>\n<p style=\"text-align: justify;\">&nbsp;<\/p>\n<p>&nbsp;<\/p>\n<p>&nbsp;<\/p>\n<p>&nbsp;<\/p>\n<p>&nbsp;<\/p>\n","protected":false},"excerpt":{"rendered":"<p>Por Andr\u00e9a Alvarenga Consultora de RH, Palestrante, Multiplicadora Na hist\u00f3ria do mercado de trabalho, a presen\u00e7a feminina tem sido marcada por uma jornada repleta de desafios, resist\u00eancia e, felizmente, not\u00e1veis conquistas. Desde lutas por direitos b\u00e1sicos at\u00e9 a busca por igualdade de oportunidades, as mulheres t\u00eam desempenhado pap\u00e9is fundamentais na transforma\u00e7\u00e3o do panorama profissional global. [&hellip;]<\/p>\n","protected":false},"author":1,"featured_media":35395,"comment_status":"open","ping_status":"open","sticky":false,"template":"","format":"standard","meta":{"ngg_post_thumbnail":0,"footnotes":""},"categories":[2,155,41],"tags":[],"class_list":["post-35394","post","type-post","status-publish","format-standard","has-post-thumbnail","hentry","category-destaques","category-mercado-de-trabalho-2","category-ultimasnoticias"],"_links":{"self":[{"href":"https:\/\/somdepapo.com.br\/portal\/wp-json\/wp\/v2\/posts\/35394","targetHints":{"allow":["GET"]}}],"collection":[{"href":"https:\/\/somdepapo.com.br\/portal\/wp-json\/wp\/v2\/posts"}],"about":[{"href":"https:\/\/somdepapo.com.br\/portal\/wp-json\/wp\/v2\/types\/post"}],"author":[{"embeddable":true,"href":"https:\/\/somdepapo.com.br\/portal\/wp-json\/wp\/v2\/users\/1"}],"replies":[{"embeddable":true,"href":"https:\/\/somdepapo.com.br\/portal\/wp-json\/wp\/v2\/comments?post=35394"}],"version-history":[{"count":1,"href":"https:\/\/somdepapo.com.br\/portal\/wp-json\/wp\/v2\/posts\/35394\/revisions"}],"predecessor-version":[{"id":35396,"href":"https:\/\/somdepapo.com.br\/portal\/wp-json\/wp\/v2\/posts\/35394\/revisions\/35396"}],"wp:featuredmedia":[{"embeddable":true,"href":"https:\/\/somdepapo.com.br\/portal\/wp-json\/wp\/v2\/media\/35395"}],"wp:attachment":[{"href":"https:\/\/somdepapo.com.br\/portal\/wp-json\/wp\/v2\/media?parent=35394"}],"wp:term":[{"taxonomy":"category","embeddable":true,"href":"https:\/\/somdepapo.com.br\/portal\/wp-json\/wp\/v2\/categories?post=35394"},{"taxonomy":"post_tag","embeddable":true,"href":"https:\/\/somdepapo.com.br\/portal\/wp-json\/wp\/v2\/tags?post=35394"}],"curies":[{"name":"wp","href":"https:\/\/api.w.org\/{rel}","templated":true}]}}