{"id":35513,"date":"2024-03-24T07:03:15","date_gmt":"2024-03-24T10:03:15","guid":{"rendered":"https:\/\/somdepapo.com.br\/portal\/?p=35513"},"modified":"2024-03-24T07:03:15","modified_gmt":"2024-03-24T10:03:15","slug":"a-docura-da-profissao-padeiros-e-confeiteiros-da-pascoa","status":"publish","type":"post","link":"https:\/\/somdepapo.com.br\/portal\/a-docura-da-profissao-padeiros-e-confeiteiros-da-pascoa\/","title":{"rendered":"A do\u00e7ura da profiss\u00e3o: padeiros e confeiteiros da P\u00e1scoa"},"content":{"rendered":"<p style=\"text-align: right;\">Por: Andr\u00e9a Alvarenga<\/p>\n<h6 style=\"text-align: right;\">Consultora de RH, Palestrante, Multiplicadora<\/h6>\n<p style=\"text-align: justify;\">Com a chegada da P\u00e1scoa, os aromas e sabores irresist\u00edveis de chocolate, especiarias e massas frescas invadem as casas ao redor do mundo. E por tr\u00e1s dessas del\u00edcias sazonais est\u00e3o os habilidosos profissionais, que, especialistas ou principiantes, desenvolvem um trabalho criativo, delicado e meticuloso que nos encantam e enchem nossos olhos de vontades, nessa \u00e9poca do ano.<\/p>\n<p style=\"text-align: justify;\">A profiss\u00e3o padeiro e confeiteiro combina habilidades t\u00e9cnicas, criatividade e paix\u00e3o pela culin\u00e1ria. E na P\u00e1scoa todos os sentidos est\u00e3o agu\u00e7ados para n\u00e3o ter erros em suas del\u00edcias de chocolates, massas e tantas outras que hoje temos o prazer de experimentar e presentear.<\/p>\n<p style=\"text-align: justify;\">&nbsp;Al\u00e9m dos ovos de chocolate hoje t\u00e3o recheados de diversos sabores e texturas, essas m\u00e3os habilidosas transformam o chocolates e massas em obras de arte comest\u00edveis.<\/p>\n<p style=\"text-align: justify;\">Esses profissionais, sejam de empresas ou caseiros, desenvolvem receitas e t\u00e9cnicas para surpreender e encantar os clientes, sempre inovando, empregando outras pessoas, criando mem\u00f3rias duradouras nas pessoas, por ser uma arte que traz acolhimento e fomenta sentimentos.<\/p>\n<p style=\"text-align: justify;\">No entanto, por tr\u00e1s dessas del\u00edcias da P\u00e1scoa, existe um trabalho \u00e1rduo e dedicado. Come\u00e7a seus dias bem cedinho, escolhendo os melhores insumos e preparando os ingredientes para garantir essa experi\u00eancia deliciosa para todos n\u00f3s.<\/p>\n<p style=\"text-align: justify;\">Se voc\u00ea tem interesse em ingressar no Mercado de Trabalho ou abrir um neg\u00f3cio na \u00e1rea de padaria e confeitaria, mesmo em sua resid\u00eancia, n\u00e3o pense que apenas os seres especiais que possuem dons nesse mundo saboroso, podem ingressar com sucesso nessa \u00e1rea. Voc\u00ea tamb\u00e9m pode, e estou aqui para lhe dizer como:<\/p>\n<p style=\"text-align: justify;\">1- Participe de cursos e workshops introdut\u00f3rios em panifica\u00e7\u00e3o e confeitaria, essa forma\u00e7\u00e3o b\u00e1sica lhe dar\u00e1 seguran\u00e7a para evitar excessos e lhe dar dicas incr\u00edveis, al\u00e9m de ensinar a t\u00e9cnica de base.<\/p>\n<p style=\"text-align: justify;\">2- Se ofere\u00e7a para est\u00e1gios e\/ou trabalhos volunt\u00e1rios em padarias e confeitarias locais porque voc\u00ea aprender\u00e1 na pr\u00e1tica. Mesmo sem experi\u00eancia, comece pelas tarefas simples e v\u00e1 avan\u00e7ando. Absorva conhecimento dos experientes.<\/p>\n<p style=\"text-align: justify;\">3- Existem muitos recursos online para seu desenvolvimento na arte da panifica\u00e7\u00e3o e confeitaria, explore esse nicho, pessoas dispostas a ensinar gratuitamente suas receitas e dicas, s\u00e3o valiosas. Pratique!<\/p>\n<p style=\"text-align: justify;\">4- Comece em casa e experimente chamar a fam\u00edlia e os amigos para provarem suas receitas. Repita algumas vezes at\u00e9 se sentir segura (o), porque a pr\u00e1tica leva \u00e0 excel\u00eancia.<\/p>\n<p style=\"text-align: justify;\">Veja que mesmo sem expertise de um padeiro e confeiteiro experiente, h\u00e1 diversas maneiras de explorar o mundo da panifica\u00e7\u00e3o e confeitaria, contribuindo para as mais fant\u00e1sticas experi\u00eancia de sabores em todas as idades, e ganhando admiradores fi\u00e9is. Com dedica\u00e7\u00e3o, paci\u00eancia e criatividade voc\u00ea pode abrir as portas no mercado de trabalho nessa arte e se tornar uma refer\u00eancia onde estiver.<\/p>\n<p style=\"text-align: justify;\">E para contribuir ainda mais, d\u00e1 uma olhada nas refer\u00eancias, tem dicas maravilhosas para Voc\u00ea!!<\/p>\n<p style=\"text-align: justify;\">Refer\u00eancias texto e imagens:<\/p>\n<p style=\"text-align: justify;\">https:\/\/d3q79ipuvy7qd5.cloudfront.net\/entities\/f329acad133fe8baecf526ba165b96b3\/a7b962e745941f418670c9a8b64d088700a44611cf9b020fcd3ba6fe99d76d29.jpg<\/p>\n<p style=\"text-align: justify;\">https:\/\/aprimoramente.com\/guia\/curso\/presencial\/codo?area=padaria<\/p>\n<p style=\"text-align: justify;\">https:\/\/bibliotecas.sebrae.com.br\/chronus\/ARQUIVOS_CHRONUS\/bds\/bds.nsf\/1F052F68F60C507D832576B70060DA88\/$File\/NT0004390A.pdf<\/p>\n<p style=\"text-align: justify;\">https:\/\/www.academiaassai.com.br\/noticia\/curso-gratuito-confeitarias<\/p>\n<p style=\"text-align: justify;\">&nbsp;<\/p>\n<p>&nbsp;<\/p>\n<p>&nbsp;<\/p>\n<p>&nbsp;<\/p>\n<p>&nbsp;<\/p>\n<p>&nbsp;<\/p>\n<p>&nbsp;<\/p>\n<p>&nbsp;<\/p>\n<p>&nbsp;<\/p>\n<p>&nbsp;<\/p>\n<p>&nbsp;<\/p>\n","protected":false},"excerpt":{"rendered":"<p>Por: Andr\u00e9a Alvarenga Consultora de RH, Palestrante, Multiplicadora Com a chegada da P\u00e1scoa, os aromas e sabores irresist\u00edveis de chocolate, especiarias e massas frescas invadem as casas ao redor do mundo. E por tr\u00e1s dessas del\u00edcias sazonais est\u00e3o os habilidosos profissionais, que, especialistas ou principiantes, desenvolvem um trabalho criativo, delicado e meticuloso que nos encantam [&hellip;]<\/p>\n","protected":false},"author":1,"featured_media":35514,"comment_status":"open","ping_status":"open","sticky":false,"template":"","format":"standard","meta":{"ngg_post_thumbnail":0,"footnotes":""},"categories":[2,155,41],"tags":[],"class_list":["post-35513","post","type-post","status-publish","format-standard","has-post-thumbnail","hentry","category-destaques","category-mercado-de-trabalho-2","category-ultimasnoticias"],"_links":{"self":[{"href":"https:\/\/somdepapo.com.br\/portal\/wp-json\/wp\/v2\/posts\/35513","targetHints":{"allow":["GET"]}}],"collection":[{"href":"https:\/\/somdepapo.com.br\/portal\/wp-json\/wp\/v2\/posts"}],"about":[{"href":"https:\/\/somdepapo.com.br\/portal\/wp-json\/wp\/v2\/types\/post"}],"author":[{"embeddable":true,"href":"https:\/\/somdepapo.com.br\/portal\/wp-json\/wp\/v2\/users\/1"}],"replies":[{"embeddable":true,"href":"https:\/\/somdepapo.com.br\/portal\/wp-json\/wp\/v2\/comments?post=35513"}],"version-history":[{"count":1,"href":"https:\/\/somdepapo.com.br\/portal\/wp-json\/wp\/v2\/posts\/35513\/revisions"}],"predecessor-version":[{"id":35515,"href":"https:\/\/somdepapo.com.br\/portal\/wp-json\/wp\/v2\/posts\/35513\/revisions\/35515"}],"wp:featuredmedia":[{"embeddable":true,"href":"https:\/\/somdepapo.com.br\/portal\/wp-json\/wp\/v2\/media\/35514"}],"wp:attachment":[{"href":"https:\/\/somdepapo.com.br\/portal\/wp-json\/wp\/v2\/media?parent=35513"}],"wp:term":[{"taxonomy":"category","embeddable":true,"href":"https:\/\/somdepapo.com.br\/portal\/wp-json\/wp\/v2\/categories?post=35513"},{"taxonomy":"post_tag","embeddable":true,"href":"https:\/\/somdepapo.com.br\/portal\/wp-json\/wp\/v2\/tags?post=35513"}],"curies":[{"name":"wp","href":"https:\/\/api.w.org\/{rel}","templated":true}]}}