{"id":35587,"date":"2024-03-31T07:58:10","date_gmt":"2024-03-31T10:58:10","guid":{"rendered":"https:\/\/somdepapo.com.br\/portal\/?p=35587"},"modified":"2024-03-31T07:58:10","modified_gmt":"2024-03-31T10:58:10","slug":"mercado-de-trabalho-expectativas-das-empresas-e-dos-candidatos","status":"publish","type":"post","link":"https:\/\/somdepapo.com.br\/portal\/mercado-de-trabalho-expectativas-das-empresas-e-dos-candidatos\/","title":{"rendered":"Mercado de Trabalho: expectativas das empresas e dos candidatos"},"content":{"rendered":"<p style=\"text-align: right;\">Por: Andr\u00e9a Alvarenga<\/p>\n<p style=\"text-align: justify;\">Consultora de RH, Palestrante, Multiplicadora<\/p>\n<p style=\"text-align: justify;\">No cen\u00e1rio atual do mercado de trabalho, a din\u00e2mica entre empresas e candidatos est\u00e1 em constante evolu\u00e7\u00e3o. As organiza\u00e7\u00f5es est\u00e3o cada vez mais exigentes na sele\u00e7\u00e3o de novos colaboradores, buscando profissionais capacitados e alinhados com suas culturas e valores. Por outro lado, os candidatos tamb\u00e9m t\u00eam suas pr\u00f3prias expectativas em rela\u00e7\u00e3o \u00e0s empresas, esperando mais do que simplesmente um sal\u00e1rio e benef\u00edcios.<\/p>\n<p style=\"text-align: justify;\">O que as empresas est\u00e3o exigindo dos candidatos?<\/p>\n<p style=\"text-align: justify;\">1. Compet\u00eancias T\u00e9cnicas e Soft Skills: Al\u00e9m das habilidades t\u00e9cnicas necess\u00e1rias para desempenhar as fun\u00e7\u00f5es do cargo, as empresas est\u00e3o valorizando cada vez mais as chamadas soft skills, como comunica\u00e7\u00e3o eficaz, trabalho em equipe, resolu\u00e7\u00e3o de problemas e pensamento cr\u00edtico. Essas habilidades s\u00e3o essenciais para a adapta\u00e7\u00e3o a um ambiente de trabalho em constante mudan\u00e7a.<\/p>\n<p style=\"text-align: justify;\">2. Experi\u00eancia e Qualifica\u00e7\u00f5es: A experi\u00eancia pr\u00e9via na \u00e1rea e qualifica\u00e7\u00f5es relevantes continuam a ser crit\u00e9rios importantes para as empresas na sele\u00e7\u00e3o de candidatos. Certifica\u00e7\u00f5es, cursos e especializa\u00e7\u00f5es podem fazer a diferen\u00e7a na escolha do profissional mais adequado para a vaga.<\/p>\n<p style=\"text-align: justify;\">3. Adapta\u00e7\u00e3o \u00e0 Cultura Organizacional: As empresas est\u00e3o valorizando candidatos que se encaixam em sua cultura organizacional e compartilham de seus valores e objetivos. A capacidade de se adaptar e se integrar rapidamente \u00e0 equipe e aos processos da empresa \u00e9 fundamental.<\/p>\n<p style=\"text-align: justify;\">4. Inova\u00e7\u00e3o e Proatividade: A capacidade de inovar, propor solu\u00e7\u00f5es criativas e assumir responsabilidades extras s\u00e3o caracter\u00edsticas cada vez mais valorizadas pelas empresas. Profissionais proativos que buscam constantemente melhorar e aprender s\u00e3o bem-vindos em ambientes competitivos.<\/p>\n<p style=\"text-align: justify;\">O que os candidatos est\u00e3o esperando das empresas?<\/p>\n<p style=\"text-align: justify;\">1. Desenvolvimento Profissional: Os candidatos buscam oportunidades de crescimento e desenvolvimento profissional dentro das empresas. Programas de mentoria, treinamentos e planos de carreira s\u00e3o fatores que contribuem para a fideliza\u00e7\u00e3o e engajamento dos colaboradores.<\/p>\n<p style=\"text-align: justify;\">2. Ambiente de Trabalho Saud\u00e1vel: A qualidade do ambiente de trabalho, o equil\u00edbrio entre vida pessoal e profissional, e a valoriza\u00e7\u00e3o do bem-estar dos colaboradores s\u00e3o aspectos cada vez mais valorizados pelos candidatos. Empresas que priorizam a sa\u00fade mental e f\u00edsica de seus funcion\u00e1rios tendem a ter equipes mais engajadas e produtivas.<\/p>\n<p style=\"text-align: justify;\">3. Reconhecimento e Feedback: O reconhecimento pelo trabalho bem feito e o feedback construtivo s\u00e3o essenciais para manter os colaboradores motivados e engajados. Candidatos esperam que as empresas valorizem suas contribui\u00e7\u00f5es e forne\u00e7am orienta\u00e7\u00f5es claras para o seu desenvolvimento.<\/p>\n<p style=\"text-align: justify;\">4. Prop\u00f3sito e Impacto Social: Cada vez mais, os candidatos buscam empresas que tenham um prop\u00f3sito claro e que estejam engajadas em causas sociais e ambientais. Oportunidades de contribuir para um impacto positivo na sociedade s\u00e3o aspectos que atraem e ret\u00eam talentos.<\/p>\n<p style=\"text-align: justify;\">O mercado de trabalho atual demanda uma rela\u00e7\u00e3o mais pr\u00f3xima e colaborativa entre empresas e candidatos. As organiza\u00e7\u00f5es que conseguem atender \u00e0s expectativas dos profissionais, proporcionando um ambiente de trabalho estimulante, oportunidades de crescimento e reconhecimento, tendem a atrair e reter os melhores talentos, promovendo um ciclo positivo de engajamento e produtividade. Por outro lado, candidatos que se dedicam, inovam e buscam constantemente se desenvolver s\u00e3o os mais procurados pelas empresas que almejam se destacar em um mercado competitivo e em constante transforma\u00e7\u00e3o.<\/p>\n<p style=\"text-align: justify;\">Refer\u00eancias texto e imagem<\/p>\n<p style=\"text-align: justify;\">\n<blockquote class=\"wp-embedded-content\" data-secret=\"cYaTWv8piM\"><p><a href=\"https:\/\/www.rhnossa.com.br\/o-que-mudou-no-mercado-de-trabalho-que-vai-impactar-empresas-em-2024\/\">O que mudou no mercado de trabalho que vai impactar empresas em 2024?<\/a><\/p><\/blockquote>\n<p><iframe class=\"wp-embedded-content\" sandbox=\"allow-scripts\" security=\"restricted\" style=\"position: absolute; visibility: hidden;\" title=\"&#8220;O que mudou no mercado de trabalho que vai impactar empresas em 2024?&#8221; &#8212; RH Nossa\" src=\"https:\/\/www.rhnossa.com.br\/o-que-mudou-no-mercado-de-trabalho-que-vai-impactar-empresas-em-2024\/embed\/#?secret=A6bSFY7zyT#?secret=cYaTWv8piM\" data-secret=\"cYaTWv8piM\" width=\"500\" height=\"282\" frameborder=\"0\" marginwidth=\"0\" marginheight=\"0\" scrolling=\"no\"><\/iframe><\/p>\n<p style=\"text-align: justify;\">https:\/\/www.univates.br\/bduserver\/api\/core\/bitstreams\/6b91aac4-00a4-4883-a6c4-cecd58ef6921\/content<\/p>\n<p style=\"text-align: justify;\">https:\/\/br.freepik.com\/fotos-premium\/fechar-aperto-de-mao-firme-entre-executivos-fechando-acordos-com-confianca-mutua-e-parceria_61364455.htm<\/p>\n<p style=\"text-align: justify;\">&nbsp;<\/p>\n<p>&nbsp;<\/p>\n<p>&nbsp;<\/p>\n<p>&nbsp;<\/p>\n<p>&nbsp;<\/p>\n<p>&nbsp;<\/p>\n<p>&nbsp;<\/p>\n<p>&nbsp;<\/p>\n<p>&nbsp;<\/p>\n<p>&nbsp;<\/p>\n<p>&nbsp;<\/p>\n<p>&nbsp;<\/p>\n<p>&nbsp;<\/p>\n<p>&nbsp;<\/p>\n<p>&nbsp;<\/p>\n<p>&nbsp;<\/p>\n<p>&nbsp;<\/p>\n<p>&nbsp;<\/p>\n","protected":false},"excerpt":{"rendered":"<p>Por: Andr\u00e9a Alvarenga Consultora de RH, Palestrante, Multiplicadora No cen\u00e1rio atual do mercado de trabalho, a din\u00e2mica entre empresas e candidatos est\u00e1 em constante evolu\u00e7\u00e3o. As organiza\u00e7\u00f5es est\u00e3o cada vez mais exigentes na sele\u00e7\u00e3o de novos colaboradores, buscando profissionais capacitados e alinhados com suas culturas e valores. Por outro lado, os candidatos tamb\u00e9m t\u00eam suas [&hellip;]<\/p>\n","protected":false},"author":1,"featured_media":35588,"comment_status":"open","ping_status":"open","sticky":false,"template":"","format":"standard","meta":{"ngg_post_thumbnail":0,"footnotes":""},"categories":[2,155,41],"tags":[],"class_list":["post-35587","post","type-post","status-publish","format-standard","has-post-thumbnail","hentry","category-destaques","category-mercado-de-trabalho-2","category-ultimasnoticias"],"_links":{"self":[{"href":"https:\/\/somdepapo.com.br\/portal\/wp-json\/wp\/v2\/posts\/35587","targetHints":{"allow":["GET"]}}],"collection":[{"href":"https:\/\/somdepapo.com.br\/portal\/wp-json\/wp\/v2\/posts"}],"about":[{"href":"https:\/\/somdepapo.com.br\/portal\/wp-json\/wp\/v2\/types\/post"}],"author":[{"embeddable":true,"href":"https:\/\/somdepapo.com.br\/portal\/wp-json\/wp\/v2\/users\/1"}],"replies":[{"embeddable":true,"href":"https:\/\/somdepapo.com.br\/portal\/wp-json\/wp\/v2\/comments?post=35587"}],"version-history":[{"count":1,"href":"https:\/\/somdepapo.com.br\/portal\/wp-json\/wp\/v2\/posts\/35587\/revisions"}],"predecessor-version":[{"id":35589,"href":"https:\/\/somdepapo.com.br\/portal\/wp-json\/wp\/v2\/posts\/35587\/revisions\/35589"}],"wp:featuredmedia":[{"embeddable":true,"href":"https:\/\/somdepapo.com.br\/portal\/wp-json\/wp\/v2\/media\/35588"}],"wp:attachment":[{"href":"https:\/\/somdepapo.com.br\/portal\/wp-json\/wp\/v2\/media?parent=35587"}],"wp:term":[{"taxonomy":"category","embeddable":true,"href":"https:\/\/somdepapo.com.br\/portal\/wp-json\/wp\/v2\/categories?post=35587"},{"taxonomy":"post_tag","embeddable":true,"href":"https:\/\/somdepapo.com.br\/portal\/wp-json\/wp\/v2\/tags?post=35587"}],"curies":[{"name":"wp","href":"https:\/\/api.w.org\/{rel}","templated":true}]}}