{"id":35651,"date":"2024-04-07T08:39:55","date_gmt":"2024-04-07T11:39:55","guid":{"rendered":"https:\/\/somdepapo.com.br\/portal\/?p=35651"},"modified":"2024-04-07T08:39:55","modified_gmt":"2024-04-07T11:39:55","slug":"orientacao-profissional-quando-chega-a-hora-de-acertar-o-alvo","status":"publish","type":"post","link":"https:\/\/somdepapo.com.br\/portal\/orientacao-profissional-quando-chega-a-hora-de-acertar-o-alvo\/","title":{"rendered":"Orienta\u00e7\u00e3o Profissional: quando chega a hora de acertar o Alvo?"},"content":{"rendered":"<p style=\"text-align: right;\">Por Andr\u00e9a Alvarenga<br \/>\nConsultora de RH, Palestrante, Multiplicadora<\/p>\n<p style=\"text-align: justify;\">A Orienta\u00e7\u00e3o Profissional ou Vocacional, atrav\u00e9s da Psicologia, desempenha um papel fundamental no desenvolvimento e na progress\u00e3o da carreira de uma pessoa.<br \/>\n\u00c9 um servi\u00e7o destinado a pessoas que necessitam de um aux\u00edlio para a tomada de decis\u00f5es tanto para identificar as profiss\u00f5es que mais se adequam ao seu perfil em seu in\u00edcio no mercado de trabalho, quanto para aqueles que desejam fazer uma transi\u00e7\u00e3o de carreira, ou at\u00e9 mesmo definir um planejamento em seu percurso profissional ou desenvolver habilidades comunicativas e de Lideran\u00e7a. \u00c9 amplo o leque de op\u00e7\u00f5es numa Orienta\u00e7\u00e3o Profissional.<br \/>\nEste breve artigo, visa apresentar maneiras pelas quais a Orienta\u00e7\u00e3o Profissional pode ser ben\u00e9fica e fazer grande diferen\u00e7a na vida da pessoa:<br \/>\n\u2022 Autoconhecimento: A orienta\u00e7\u00e3o profissional permite que os indiv\u00edduos explorem suas habilidades, interesses, valores e personalidade. Isso ajuda na compreens\u00e3o de si mesmos e na identifica\u00e7\u00e3o de carreiras que se alinhem com quem s\u00e3o e o que desejam alcan\u00e7ar.<br \/>\n\u2022 Tomada de decis\u00e3o: Com uma compreens\u00e3o mais profunda de si mesmos e das op\u00e7\u00f5es dispon\u00edveis, os indiv\u00edduos podem tomar decis\u00f5es de carreira mais informadas e alinhadas com seus objetivos pessoais e profissionais.<br \/>\n\u2022 Explora\u00e7\u00e3o de op\u00e7\u00f5es de carreira: Atrav\u00e9s de diferentes m\u00e9todos, como testes psicol\u00f3gicos, entrevistas e atividades pr\u00e1ticas, os orientadores profissionais ajudam os indiv\u00edduos a explorar uma variedade de op\u00e7\u00f5es de carreira. Isso permite que eles considerem diferentes caminhos e fa\u00e7am escolhas mais bem fundamentadas.<br \/>\n\u2022 Desenvolvimento de habilidades: A orienta\u00e7\u00e3o profissional pode identificar lacunas de habilidades e sugerir oportunidades de desenvolvimento profissional para ajudar os indiv\u00edduos a alcan\u00e7ar seus objetivos de carreira.<br \/>\n\u2022 Gerenciamento de transi\u00e7\u00f5es de carreira: Seja na entrada no mercado de trabalho, mudan\u00e7a de carreira ou aposentadoria, os orientadores profissionais podem ajudar os indiv\u00edduos a navegar por transi\u00e7\u00f5es importantes na carreira, oferecendo suporte emocional e pr\u00e1tico.<br \/>\n\u2022 Resolu\u00e7\u00e3o de problemas e supera\u00e7\u00e3o de obst\u00e1culos: Os orientadores profissionais podem ajudar os indiv\u00edduos a identificar e superar obst\u00e1culos que possam surgir ao longo de suas carreiras, oferecendo estrat\u00e9gias e recursos para lidar com desafios espec\u00edficos.<br \/>\n\u2022 Satisfa\u00e7\u00e3o e realiza\u00e7\u00e3o profissional: Ao encontrar uma carreira que se alinha com suas habilidades, interesses e valores, os indiv\u00edduos s\u00e3o mais propensos a experimentar satisfa\u00e7\u00e3o e realiza\u00e7\u00e3o profissional, o que pode ter um impacto positivo em sua vida como um todo.<br \/>\nEm resumo, a orienta\u00e7\u00e3o profissional, atrav\u00e9s da psicologia, pode ajudar os indiv\u00edduos a tomar decis\u00f5es de carreira mais assertivas e estrat\u00e9gicas, encontrando caminhos que se alinhem com quem s\u00e3o e alcan\u00e7ar maior satisfa\u00e7\u00e3o e sucesso profissional.<\/p>\n<p>Refer\u00eancias de texto e imagem:<\/p>\n<p style=\"text-align: justify;\">ABOP (Associa\u00e7\u00e3o Brasileira de Orienta\u00e7\u00e3o Profissional). Voc\u00ea sabe o que \u00e9 orienta\u00e7\u00e3o profissional? Oriente-se! Macei\u00f3: 2019. (Cartilha informativa). Dispon\u00edvel em: https:\/\/abraopc.org.br\/site2022\/wp-content\/uploads\/2022\/07\/cartilha.pdf<\/p>\n<p>https:\/\/noticias.uem.br\/images\/2018\/TVOrienta%C3%A7%C3%A3oProfissional.png<\/p>\n<p>&nbsp;<\/p>\n","protected":false},"excerpt":{"rendered":"<p>Por Andr\u00e9a Alvarenga Consultora de RH, Palestrante, Multiplicadora A Orienta\u00e7\u00e3o Profissional ou Vocacional, atrav\u00e9s da Psicologia, desempenha um papel fundamental no desenvolvimento e na progress\u00e3o da carreira de uma pessoa. \u00c9 um servi\u00e7o destinado a pessoas que necessitam de um aux\u00edlio para a tomada de decis\u00f5es tanto para identificar as profiss\u00f5es que mais se adequam [&hellip;]<\/p>\n","protected":false},"author":1,"featured_media":35652,"comment_status":"open","ping_status":"open","sticky":false,"template":"","format":"standard","meta":{"ngg_post_thumbnail":0,"footnotes":""},"categories":[2,155,41],"tags":[],"class_list":["post-35651","post","type-post","status-publish","format-standard","has-post-thumbnail","hentry","category-destaques","category-mercado-de-trabalho-2","category-ultimasnoticias"],"_links":{"self":[{"href":"https:\/\/somdepapo.com.br\/portal\/wp-json\/wp\/v2\/posts\/35651","targetHints":{"allow":["GET"]}}],"collection":[{"href":"https:\/\/somdepapo.com.br\/portal\/wp-json\/wp\/v2\/posts"}],"about":[{"href":"https:\/\/somdepapo.com.br\/portal\/wp-json\/wp\/v2\/types\/post"}],"author":[{"embeddable":true,"href":"https:\/\/somdepapo.com.br\/portal\/wp-json\/wp\/v2\/users\/1"}],"replies":[{"embeddable":true,"href":"https:\/\/somdepapo.com.br\/portal\/wp-json\/wp\/v2\/comments?post=35651"}],"version-history":[{"count":1,"href":"https:\/\/somdepapo.com.br\/portal\/wp-json\/wp\/v2\/posts\/35651\/revisions"}],"predecessor-version":[{"id":35653,"href":"https:\/\/somdepapo.com.br\/portal\/wp-json\/wp\/v2\/posts\/35651\/revisions\/35653"}],"wp:featuredmedia":[{"embeddable":true,"href":"https:\/\/somdepapo.com.br\/portal\/wp-json\/wp\/v2\/media\/35652"}],"wp:attachment":[{"href":"https:\/\/somdepapo.com.br\/portal\/wp-json\/wp\/v2\/media?parent=35651"}],"wp:term":[{"taxonomy":"category","embeddable":true,"href":"https:\/\/somdepapo.com.br\/portal\/wp-json\/wp\/v2\/categories?post=35651"},{"taxonomy":"post_tag","embeddable":true,"href":"https:\/\/somdepapo.com.br\/portal\/wp-json\/wp\/v2\/tags?post=35651"}],"curies":[{"name":"wp","href":"https:\/\/api.w.org\/{rel}","templated":true}]}}