{"id":35874,"date":"2024-05-01T11:39:12","date_gmt":"2024-05-01T14:39:12","guid":{"rendered":"https:\/\/somdepapo.com.br\/portal\/?p=35874"},"modified":"2024-05-01T11:39:12","modified_gmt":"2024-05-01T14:39:12","slug":"dia-do-auditor-fiscal-no-estado-da-bahia-agora-e-oficial","status":"publish","type":"post","link":"https:\/\/somdepapo.com.br\/portal\/dia-do-auditor-fiscal-no-estado-da-bahia-agora-e-oficial\/","title":{"rendered":"Dia do Auditor Fiscal no Estado da Bahia agora \u00e9 oficial"},"content":{"rendered":"<p style=\"text-align: right;\">Por Reda\u00e7\u00e3o<\/p>\n<p style=\"text-align: justify;\">Agora \u00e9 lei: Governo da Bahia sanciona Dia do Auditor Fiscal no estado<\/p>\n<p style=\"text-align: justify;\">O Di\u00e1rio Oficial da Bahia publicou, na sexta-feira (26), a lei n\u00ba 14.670, de 25 de abril de 2024, que institui o dia 21 de setembro como data a ser comemorada, anualmente, como o Dia do Auditor Fiscal no estado. A nova lei reconhece o m\u00e9rito desses profissionais e a import\u00e2ncia das suas atividades para a estrutura\u00e7\u00e3o e desenvolvimento da sociedade.<\/p>\n<p style=\"text-align: justify;\">A escolha da data foi feita pelo fato de ser o dia de S\u00e3o Mateus, que antes de ser ap\u00f3stolo, exercia a profiss\u00e3o de coletor de impostos. O Projeto de Lei foi de autoria da deputada estadual Fab\u00edola Mansur. De acordo com a parlamentar, \u201co estabelecimento do dia espec\u00edfico servir\u00e1 at\u00e9 mesmo para conscientizar o povo acerca da essencialidade das atividades dos auditores e tamb\u00e9m sobre a import\u00e2ncia do recolhimento dos tributos para organiza\u00e7\u00e3o estatal e pleno desenvolvimento da sociedade\u201d.<\/p>\n<p style=\"text-align: justify;\">O Instituto de Auditores Fiscais da Bahia (IAF Sindical) ressalta que os profissionais da categoria s\u00e3o indispens\u00e1veis ao funcionamento do Estado. O seu trabalho permite que sejam disponibilizados os recursos estatais necess\u00e1rios ao atendimento dos anseios sociais. A conquista da data comemorativa foi celebrada:<\/p>\n<p style=\"text-align: justify;\">\u201cFoi uma luta que vinha sendo travada pelo IAF Sindical, que agora se concretiza, com o valoroso apoio da deputada Fab\u00edola. Sem o trabalho do auditor fiscal, torna-se assim\u00e9trica a rela\u00e7\u00e3o entre Estado e sociedade civil e os preju\u00edzos s\u00e3o sentidos por todos. \u00c9 preciso reconhecer o valor deste profissional. O aperfei\u00e7oamento da sociedade e tamb\u00e9m do Estado depende do bom desempenho das fun\u00e7\u00f5es de arrecada\u00e7\u00e3o e fiscaliza\u00e7\u00e3o dos tributos, porque \u00e9 deles que prov\u00eam as melhorias e desenvolvimentos sociais propiciados pelo Poder P\u00fablico\u201d, disse Marcos Carneiro, presidente do IAF Sindical.&nbsp;<\/p>\n<p style=\"text-align: justify;\">Criado em 8 de junho de 2006, O IAF Sindical tem como objetivo maior defender os direitos dos auditores fiscais estaduais. A institui\u00e7\u00e3o \u00e9 reconhecida tamb\u00e9m como refer\u00eancia na produ\u00e7\u00e3o de informa\u00e7\u00f5es econ\u00f4micas sobre a Bahia, primando pela qualidade e \u00e9tica das informa\u00e7\u00f5es. O instituto busca ainda levar informa\u00e7\u00f5es econ\u00f4micas e tribut\u00e1rias para os diversos segmentos da popula\u00e7\u00e3o, melhorando a rela\u00e7\u00e3o do contribuinte-cidad\u00e3o com o Fisco Estadual.<\/p>\n<p style=\"text-align: justify;\">Uma das a\u00e7\u00f5es executadas pela institui\u00e7\u00e3o \u00e9 o Pr\u00eamio de Educa\u00e7\u00e3o Fiscal, que visa disseminar os conceitos e a fun\u00e7\u00e3o social dos tributos. Como est\u00edmulo \u00e0 participa\u00e7\u00e3o da sociedade, o projeto premia escolas, universidades, \u00f3rg\u00e3os p\u00fablicos, prefeituras, c\u00e2mara de vereadores e empresas ou profissionais da imprensa ou de tecnologia que atuem com projet na tem\u00e1tica.&nbsp;<\/p>\n<p style=\"text-align: right;\">&nbsp;<\/p>\n<p style=\"text-align: right;\">Fonte: Duo Comunica\u00e7\u00f5es&nbsp;<\/p>\n<p style=\"text-align: right;\">&nbsp;<\/p>\n<p style=\"text-align: right;\">&nbsp;<\/p>\n<p style=\"text-align: right;\">&nbsp;<\/p>\n<p style=\"text-align: right;\">&nbsp;<\/p>\n<p style=\"text-align: right;\">&#8212;<\/p>\n<p style=\"text-align: right;\">&nbsp;<\/p>\n<p style=\"text-align: right;\">&#8212;<\/p>\n<p style=\"text-align: right;\">&nbsp;<\/p>\n<p style=\"text-align: right;\">&nbsp;<\/p>\n<p style=\"text-align: right;\">&nbsp;<\/p>\n<p style=\"text-align: right;\">&nbsp;<\/p>\n<p style=\"text-align: right;\">&nbsp;<\/p>\n<p style=\"text-align: right;\">&nbsp;<\/p>\n<p style=\"text-align: right;\">&nbsp;<\/p>\n<p style=\"text-align: right;\">&nbsp;<\/p>\n<p style=\"text-align: right;\">&nbsp;<\/p>\n","protected":false},"excerpt":{"rendered":"<p>Por Reda\u00e7\u00e3o Agora \u00e9 lei: Governo da Bahia sanciona Dia do Auditor Fiscal no estado O Di\u00e1rio Oficial da Bahia publicou, na sexta-feira (26), a lei n\u00ba 14.670, de 25 de abril de 2024, que institui o dia 21 de setembro como data a ser comemorada, anualmente, como o Dia do Auditor Fiscal no estado. [&hellip;]<\/p>\n","protected":false},"author":1,"featured_media":35875,"comment_status":"open","ping_status":"open","sticky":false,"template":"","format":"standard","meta":{"ngg_post_thumbnail":0,"footnotes":""},"categories":[2,30,41],"tags":[],"class_list":["post-35874","post","type-post","status-publish","format-standard","has-post-thumbnail","hentry","category-destaques","category-negocios","category-ultimasnoticias"],"_links":{"self":[{"href":"https:\/\/somdepapo.com.br\/portal\/wp-json\/wp\/v2\/posts\/35874","targetHints":{"allow":["GET"]}}],"collection":[{"href":"https:\/\/somdepapo.com.br\/portal\/wp-json\/wp\/v2\/posts"}],"about":[{"href":"https:\/\/somdepapo.com.br\/portal\/wp-json\/wp\/v2\/types\/post"}],"author":[{"embeddable":true,"href":"https:\/\/somdepapo.com.br\/portal\/wp-json\/wp\/v2\/users\/1"}],"replies":[{"embeddable":true,"href":"https:\/\/somdepapo.com.br\/portal\/wp-json\/wp\/v2\/comments?post=35874"}],"version-history":[{"count":1,"href":"https:\/\/somdepapo.com.br\/portal\/wp-json\/wp\/v2\/posts\/35874\/revisions"}],"predecessor-version":[{"id":35876,"href":"https:\/\/somdepapo.com.br\/portal\/wp-json\/wp\/v2\/posts\/35874\/revisions\/35876"}],"wp:featuredmedia":[{"embeddable":true,"href":"https:\/\/somdepapo.com.br\/portal\/wp-json\/wp\/v2\/media\/35875"}],"wp:attachment":[{"href":"https:\/\/somdepapo.com.br\/portal\/wp-json\/wp\/v2\/media?parent=35874"}],"wp:term":[{"taxonomy":"category","embeddable":true,"href":"https:\/\/somdepapo.com.br\/portal\/wp-json\/wp\/v2\/categories?post=35874"},{"taxonomy":"post_tag","embeddable":true,"href":"https:\/\/somdepapo.com.br\/portal\/wp-json\/wp\/v2\/tags?post=35874"}],"curies":[{"name":"wp","href":"https:\/\/api.w.org\/{rel}","templated":true}]}}