{"id":36025,"date":"2024-05-20T14:00:33","date_gmt":"2024-05-20T17:00:33","guid":{"rendered":"https:\/\/somdepapo.com.br\/portal\/?p=36025"},"modified":"2024-05-20T14:00:33","modified_gmt":"2024-05-20T17:00:33","slug":"uma-reflexao-o-que-nos-ensina-a-tragedia-do-rio-grande-do-sul","status":"publish","type":"post","link":"https:\/\/somdepapo.com.br\/portal\/uma-reflexao-o-que-nos-ensina-a-tragedia-do-rio-grande-do-sul\/","title":{"rendered":"Uma reflex\u00e3o: o que nos ensina a trag\u00e9dia do Rio Grande do Sul?"},"content":{"rendered":"<p style=\"text-align: right;\">Por Paula Furtado&nbsp;<\/p>\n<p style=\"text-align: justify;\">Quantas vezes permitimos duvidar de n\u00f3s mesmos, de nossa capacidade e valor e quantas vezes sentimos que n\u00e3o somos suficientes num mundo t\u00e3o corrido e t\u00e3o cheio de si mesmo, mas hoje eu reflito essa trag\u00e9dia do RS nos mostra que a vida \u00e9 t\u00e3o importante, a nossa vida, a vida de quem amamos e at\u00e9 mesmo de quem n\u00e3o conhecemos. Que aprendemos a amar as pessoas hoje, a abra\u00e7ar hoje, a perdoar hoje, n\u00f3s de fato n\u00e3o sabemos o que nos aguarda o futuro.&nbsp;<\/p>\n<p style=\"text-align: justify;\">Mostramos como um s\u00f3 povo que podemos nos unir, ajudar, n\u00e3o importando nessa hora se somos brancos ou pretos, altos ou baixos, magros ou gordos, ricos ou pobres, n\u00f3s unimos como uma s\u00f3 na\u00e7\u00e3o e assim devemos ser.<\/p>\n<p style=\"text-align: justify;\">E aquilo que hoje ainda n\u00e3o alcan\u00e7amos, os sentimentos que nos entristece, o que n\u00e3o conseguimos ainda agradecer possamos entregar nas m\u00e3os de Deus e ressignificar. Que possamos alcan\u00e7ar uma maturidade de vida e que haja vida entre n\u00f3s!<\/p>\n<p style=\"text-align: justify;\">&nbsp;<\/p>\n<p style=\"text-align: justify;\">Por Paula Furtado- professora e modelo Plus Size.<\/p>\n<p style=\"text-align: justify;\">&nbsp;<\/p>\n","protected":false},"excerpt":{"rendered":"<p>Por Paula Furtado&nbsp; Quantas vezes permitimos duvidar de n\u00f3s mesmos, de nossa capacidade e valor e quantas vezes sentimos que n\u00e3o somos suficientes num mundo t\u00e3o corrido e t\u00e3o cheio de si mesmo, mas hoje eu reflito essa trag\u00e9dia do RS nos mostra que a vida \u00e9 t\u00e3o importante, a nossa vida, a vida de [&hellip;]<\/p>\n","protected":false},"author":1,"featured_media":36026,"comment_status":"open","ping_status":"open","sticky":false,"template":"","format":"standard","meta":{"ngg_post_thumbnail":0,"footnotes":""},"categories":[2,158,41],"tags":[],"class_list":["post-36025","post","type-post","status-publish","format-standard","has-post-thumbnail","hentry","category-destaques","category-plus-size","category-ultimasnoticias"],"_links":{"self":[{"href":"https:\/\/somdepapo.com.br\/portal\/wp-json\/wp\/v2\/posts\/36025","targetHints":{"allow":["GET"]}}],"collection":[{"href":"https:\/\/somdepapo.com.br\/portal\/wp-json\/wp\/v2\/posts"}],"about":[{"href":"https:\/\/somdepapo.com.br\/portal\/wp-json\/wp\/v2\/types\/post"}],"author":[{"embeddable":true,"href":"https:\/\/somdepapo.com.br\/portal\/wp-json\/wp\/v2\/users\/1"}],"replies":[{"embeddable":true,"href":"https:\/\/somdepapo.com.br\/portal\/wp-json\/wp\/v2\/comments?post=36025"}],"version-history":[{"count":1,"href":"https:\/\/somdepapo.com.br\/portal\/wp-json\/wp\/v2\/posts\/36025\/revisions"}],"predecessor-version":[{"id":36027,"href":"https:\/\/somdepapo.com.br\/portal\/wp-json\/wp\/v2\/posts\/36025\/revisions\/36027"}],"wp:featuredmedia":[{"embeddable":true,"href":"https:\/\/somdepapo.com.br\/portal\/wp-json\/wp\/v2\/media\/36026"}],"wp:attachment":[{"href":"https:\/\/somdepapo.com.br\/portal\/wp-json\/wp\/v2\/media?parent=36025"}],"wp:term":[{"taxonomy":"category","embeddable":true,"href":"https:\/\/somdepapo.com.br\/portal\/wp-json\/wp\/v2\/categories?post=36025"},{"taxonomy":"post_tag","embeddable":true,"href":"https:\/\/somdepapo.com.br\/portal\/wp-json\/wp\/v2\/tags?post=36025"}],"curies":[{"name":"wp","href":"https:\/\/api.w.org\/{rel}","templated":true}]}}