{"id":36064,"date":"2024-05-25T10:12:13","date_gmt":"2024-05-25T13:12:13","guid":{"rendered":"https:\/\/somdepapo.com.br\/portal\/?p=36064"},"modified":"2024-05-25T10:12:13","modified_gmt":"2024-05-25T13:12:13","slug":"o-significado-de-diversidade","status":"publish","type":"post","link":"https:\/\/somdepapo.com.br\/portal\/o-significado-de-diversidade\/","title":{"rendered":"O Significado de Diversidade"},"content":{"rendered":"<p style=\"text-align: right;\">Por Ramon Henrique&nbsp;<\/p>\n<p style=\"text-align: justify;\">A ideia de diversidade est\u00e1 ligada aos conceitos de pluralidade, multiplicidade, diferentes \u00e2ngulos de vis\u00e3o ou de abordagem, heterogeneidade e variedade.<\/p>\n<p style=\"text-align: justify;\">O termo diversidade diz respeito \u00e0 variedade e conviv\u00eancia de ideias, caracter\u00edsticas ou elementos diferentes entre si, em determinado assunto, situa\u00e7\u00e3o ou ambiente.<br \/>\nEm sociologia, diversidade cultural diz respeito \u00e0 exist\u00eancia de uma grande variedade de culturas antr\u00f3picas. Refere-se \u00e0 inclus\u00e3o de diferentes perspectivas culturais em uma organiza\u00e7\u00e3o ou sociedade..<br \/>\n\u00c9 a capacidade de reconhecer, aceitar e valorizar as diferen\u00e7as entre as pessoas, seja em termos de ra\u00e7a, g\u00eanero, idade, orienta\u00e7\u00e3o sexual, habilidade, religi\u00e3o ou qualquer outra caracter\u00edstica que possa diferenciar um indiv\u00edduo de outro.<\/p>\n<p style=\"text-align: justify;\">\nTexto: Ramon Henrique<br \/>\nCr\u00e9dito Fotogr\u00e1fico: coletivo sistema de g\u00eanero<br \/>\nFonte: Uol\/Terra\/Yahoo<\/p>\n<p style=\"text-align: justify;\">&nbsp;<\/p>\n","protected":false},"excerpt":{"rendered":"<p>Por Ramon Henrique&nbsp; A ideia de diversidade est\u00e1 ligada aos conceitos de pluralidade, multiplicidade, diferentes \u00e2ngulos de vis\u00e3o ou de abordagem, heterogeneidade e variedade. O termo diversidade diz respeito \u00e0 variedade e conviv\u00eancia de ideias, caracter\u00edsticas ou elementos diferentes entre si, em determinado assunto, situa\u00e7\u00e3o ou ambiente. Em sociologia, diversidade cultural diz respeito \u00e0 exist\u00eancia [&hellip;]<\/p>\n","protected":false},"author":1,"featured_media":36065,"comment_status":"open","ping_status":"open","sticky":false,"template":"","format":"standard","meta":{"ngg_post_thumbnail":0,"footnotes":""},"categories":[2,276,41],"tags":[],"class_list":["post-36064","post","type-post","status-publish","format-standard","has-post-thumbnail","hentry","category-destaques","category-lgbtqia","category-ultimasnoticias"],"_links":{"self":[{"href":"https:\/\/somdepapo.com.br\/portal\/wp-json\/wp\/v2\/posts\/36064","targetHints":{"allow":["GET"]}}],"collection":[{"href":"https:\/\/somdepapo.com.br\/portal\/wp-json\/wp\/v2\/posts"}],"about":[{"href":"https:\/\/somdepapo.com.br\/portal\/wp-json\/wp\/v2\/types\/post"}],"author":[{"embeddable":true,"href":"https:\/\/somdepapo.com.br\/portal\/wp-json\/wp\/v2\/users\/1"}],"replies":[{"embeddable":true,"href":"https:\/\/somdepapo.com.br\/portal\/wp-json\/wp\/v2\/comments?post=36064"}],"version-history":[{"count":1,"href":"https:\/\/somdepapo.com.br\/portal\/wp-json\/wp\/v2\/posts\/36064\/revisions"}],"predecessor-version":[{"id":36066,"href":"https:\/\/somdepapo.com.br\/portal\/wp-json\/wp\/v2\/posts\/36064\/revisions\/36066"}],"wp:featuredmedia":[{"embeddable":true,"href":"https:\/\/somdepapo.com.br\/portal\/wp-json\/wp\/v2\/media\/36065"}],"wp:attachment":[{"href":"https:\/\/somdepapo.com.br\/portal\/wp-json\/wp\/v2\/media?parent=36064"}],"wp:term":[{"taxonomy":"category","embeddable":true,"href":"https:\/\/somdepapo.com.br\/portal\/wp-json\/wp\/v2\/categories?post=36064"},{"taxonomy":"post_tag","embeddable":true,"href":"https:\/\/somdepapo.com.br\/portal\/wp-json\/wp\/v2\/tags?post=36064"}],"curies":[{"name":"wp","href":"https:\/\/api.w.org\/{rel}","templated":true}]}}