{"id":36135,"date":"2024-06-03T11:09:27","date_gmt":"2024-06-03T14:09:27","guid":{"rendered":"https:\/\/somdepapo.com.br\/portal\/?p=36135"},"modified":"2024-06-03T11:14:33","modified_gmt":"2024-06-03T14:14:33","slug":"iniciativa-de-apoio-para-bares-e-restaurantes-no-rio-grande-do-sul","status":"publish","type":"post","link":"https:\/\/somdepapo.com.br\/portal\/iniciativa-de-apoio-para-bares-e-restaurantes-no-rio-grande-do-sul\/","title":{"rendered":"Iniciativa de apoio para bares e restaurantes no Rio Grande do Sul"},"content":{"rendered":"<p style=\"text-align: right;\">Por Reda\u00e7\u00e3o&nbsp;<\/p>\n<p style=\"text-align: justify;\">Entidade adapta plataforma digital UP para ouvir necessidades dos empres\u00e1rios e entregar solu\u00e7\u00f5es individualizadas, al\u00e9m de buscar novas medidas, tanto emergenciais como de reestrutura\u00e7\u00e3o do setor.<\/p>\n<p style=\"text-align: justify;\">A Abrasel vem tomando medidas proativas para apoiar os bares e restaurantes do Rio Grande do Sul, que enfrentam uma crise sem precedentes devido \u00e0s recentes enchentes no estado. Em um esfor\u00e7o coordenado, a Abrasel tem buscado solu\u00e7\u00f5es de curto, m\u00e9dio e longo prazo para ajudar os empres\u00e1rios a superar esse per\u00edodo desafiador e garantir a sustentabilidade de seus neg\u00f3cios. No curt\u00edssimo prazo, o desafio \u00e9 encontrar maneira de manter os empregos no setor, j\u00e1 que n\u00e3o h\u00e1 condi\u00e7\u00f5es para pagamento de sal\u00e1rios \u2013 mesmo as empresas que n\u00e3o foram diretamente atingidas pelas enchentes t\u00eam queda brutal no faturamento. Mas a entidade entende tamb\u00e9m que ser\u00e3o necess\u00e1rias medidas graduais de apoio \u2013 a estimativa \u00e9 que leve ao menos dois anos para a normaliza\u00e7\u00e3o das atividades do setor no estado.<\/p>\n<p style=\"text-align: justify;\">Uma das principais iniciativas da Abrasel \u00e9 a adapta\u00e7\u00e3o da plataforma digital UP, que permitir\u00e1 ouvir e analisar as necessidades dos empres\u00e1rios do setor, entregando a eles solu\u00e7\u00f5es poss\u00edveis, individualizadas e adequadas a cada momento. Uma caracter\u00edstica da trag\u00e9dia, sob o ponto de vista das empresas, \u00e9 que cada uma foi atingida de modo muito particular \u2013 algumas perderam tudo nas enchentes, outras sofrem com a falta de insumos, outras est\u00e3o sem clientes por causa da dificuldade de acesso, para citar apenas algumas.&nbsp;<\/p>\n<p style=\"text-align: justify;\">\u201c\u00c9 urgente termos informa\u00e7\u00f5es sobre o setor de bares e restaurantes no momento, quantos neg\u00f3cios foram afetados, de qual forma e quem s\u00e3o, para mobilizarmos formas de auxiliar o empres\u00e1rio a superar esse momento\u201d, aponta o presidente da Abrasel no Rio Grande do Sul, Jo\u00e3o Melo, que completa: \u201ca inclus\u00e3o do Up trar\u00e1 mais r\u00e1pido os dados necess\u00e1rios para agirmos e reconstruirmos o segmento no estado\u201d.&nbsp;&nbsp;<\/p>\n<p style=\"text-align: justify;\">A vers\u00e3o da ferramenta (que originalmente ajuda o empres\u00e1rio a analisar a sua gest\u00e3o, comparar-se com o mercado e planejar a melhoria de forma mais eficiente) ser\u00e1 fundamental para coletar dados em tempo real e fornecer um suporte mais direcionado e eficaz. \u201cDevemos lan\u00e7ar esta vers\u00e3o para os empres\u00e1rios ga\u00fachos nos pr\u00f3ximos dias. Ela permitir\u00e1 entender melhor as dificuldades enfrentadas por eles e ir\u00e1 oferecer solu\u00e7\u00f5es personalizadas. A ideia \u00e9 n\u00e3o depender s\u00f3 do poder p\u00fablico, mas tamb\u00e9m viabilizar no dia a dia a ajuda dos fornecedores do setor. H\u00e1 muitas empresas e outras associa\u00e7\u00f5es que querem ajudar, como os nossos colegas da ABAD, a associa\u00e7\u00e3o dos atacadistas e distribuidores. Com o diagn\u00f3stico individualizado dos problemas, podemos conectar a ajuda das empresas \u00e0s principais necessidades de cada bar ou restaurante&#8221;, afirmou o presidente da Abrasel, Paulo Solmucci.<\/p>\n<p style=\"text-align: justify;\">Para auxiliar os empreendedores ga\u00fachos na busca por informa\u00e7\u00f5es relevantes, a Abrasel reuniu em uma publica\u00e7\u00e3o (acesse clicando neste link) todos os conte\u00fados relacionados \u00e0s provid\u00eancias anunciadas pelo poder p\u00fablico e por entidades para a recupera\u00e7\u00e3o dos estabelecimentos afetados. Novas datas para pagamento de tributos federais, parcelamentos e obriga\u00e7\u00f5es acess\u00f3rias, prorroga\u00e7\u00e3o do dia de vencimento no Simples Nacional, orienta\u00e7\u00f5es da prefeitura de Porto Alegre, medidas do Governo Federal, renegocia\u00e7\u00e3o de d\u00edvidas banc\u00e1rias, cobertura de seguros, entre outros dados est\u00e3o dispon\u00edveis no documento.<\/p>\n<p style=\"text-align: justify;\">Outra grande preocupa\u00e7\u00e3o \u00e9 com a sa\u00fade dos empres\u00e1rios e funcion\u00e1rios do setor. A Abrasel acaba de lan\u00e7ar uma cartilha para apoiar esses estabelecimentos na limpeza e recupera\u00e7\u00e3o ap\u00f3s as inunda\u00e7\u00f5es. O material oferece orienta\u00e7\u00f5es pr\u00e1ticas sobre como realizar a limpeza e higieniza\u00e7\u00e3o dos locais afetados, garantindo que os empres\u00e1rios possam retomar suas atividades com seguran\u00e7a. O guia pode ser acessado neste link. A cartilha oferece um passo a passo sobre como proceder na limpeza de \u00e1reas afetadas pela \u00e1gua, abordando desde a remo\u00e7\u00e3o de res\u00edduos e lama at\u00e9 a desinfec\u00e7\u00e3o de superf\u00edcies e equipamentos. &#8220;A seguran\u00e7a das pessoas \u00e9 uma prioridade. Por isso, o nosso guia detalha os procedimentos necess\u00e1rios para garantir que os estabelecimentos estejam preparados para operar livres de riscos e contamina\u00e7\u00f5es&#8221;, explica Jo\u00e3o Melo.<\/p>\n<p style=\"text-align: justify;\">Ainda na quest\u00e3o de sa\u00fade, a Abrasel fechou um acordo com a plataforma Doctor8, que conta com mais de 1.500 m\u00e9dicos volunt\u00e1rios cadastrados, que dar\u00e3o aux\u00edlio gratuito por meio da telemedicina. \u201cA sa\u00fade dos empreendedores, de seus familiares e dos funcion\u00e1rios merece muita aten\u00e7\u00e3o. Um cuidado muito importante neste momento \u00e9 com a sa\u00fade mental, por exemplo. O aprendizado que tivemos na pandemia \u00e9 que o choque e a sensa\u00e7\u00e3o de impot\u00eancia diante da crise s\u00e3o imensos, precisamos cuidar do psicol\u00f3gico das pessoas para que elas possam superar este momento. Para quem est\u00e1 em meio a uma trag\u00e9dia como essa, receber apoio \u00e9 fundamental\u201d, afirma Paulo Solmucci.<\/p>\n<p style=\"text-align: justify;\">Al\u00e9m destas iniciativas, a Abrasel continua pressionando por medidas governamentais r\u00e1pidas e efetivas. A entidade critica a demora na libera\u00e7\u00e3o dos recursos p\u00fablicos destinados ao aux\u00edlio dos estabelecimentos afetados. &#8220;Durante a pandemia, entre a primeira reuni\u00e3o e a edi\u00e7\u00e3o de uma medida provis\u00f3ria para garantir os empregos, por exemplo, foram apenas tr\u00eas semanas. J\u00e1 estamos h\u00e1 um m\u00eas com essa situa\u00e7\u00e3o de calamidade no Rio Grande do Sul e n\u00e3o h\u00e1 nenhum movimento para tratar deste problema&#8221;, destacou Solmucci. A Abrasel tamb\u00e9m est\u00e1 buscando alternativas de apoio financeiro para os empres\u00e1rios, permitindo que possam manter suas opera\u00e7\u00f5es durante essa crise. &#8220;A curto prazo, os empres\u00e1rios v\u00e3o precisar de um financiamento de uma ou duas vezes o faturamento mensal para manter as portas abertas&#8221;, conclui.<\/p>\n<p style=\"text-align: justify;\">Com essas iniciativas, a Abrasel reafirma seu compromisso em fortalecer o setor de bares e restaurantes no Rio Grande do Sul n\u00e3o s\u00f3 neste momento, mas ao longo de todo o processo de reconstru\u00e7\u00e3o e retomada, contribuindo para a gera\u00e7\u00e3o de empregos e o desenvolvimento econ\u00f4mico do estado. &#8220;Estamos aqui para apoiar nossos empres\u00e1rios em todos os momentos, oferecendo e buscando por solu\u00e7\u00f5es pr\u00e1ticas e eficazes para garantir a continuidade e o sucesso de seus neg\u00f3cios&#8221;, afirma Paulo Solmucci.<\/p>\n<p>Contatos da assessoria<\/p>\n<p>\u00cdsis Castro | isiscastro.br@abrasel.com.br<\/p>\n<p>Tatiane Ferreira | tatianeferreira.br@abrasel.com.br<\/p>\n<p>&nbsp;<\/p>\n<p>&nbsp;<\/p>\n<p>&nbsp;<\/p>\n<p>&nbsp;<\/p>\n<p>&nbsp;<\/p>\n","protected":false},"excerpt":{"rendered":"<p>Por Reda\u00e7\u00e3o&nbsp; Entidade adapta plataforma digital UP para ouvir necessidades dos empres\u00e1rios e entregar solu\u00e7\u00f5es individualizadas, al\u00e9m de buscar novas medidas, tanto emergenciais como de reestrutura\u00e7\u00e3o do setor. A Abrasel vem tomando medidas proativas para apoiar os bares e restaurantes do Rio Grande do Sul, que enfrentam uma crise sem precedentes devido \u00e0s recentes enchentes [&hellip;]<\/p>\n","protected":false},"author":1,"featured_media":36137,"comment_status":"open","ping_status":"open","sticky":false,"template":"","format":"standard","meta":{"ngg_post_thumbnail":0,"footnotes":""},"categories":[2,30,41],"tags":[],"class_list":["post-36135","post","type-post","status-publish","format-standard","has-post-thumbnail","hentry","category-destaques","category-negocios","category-ultimasnoticias"],"_links":{"self":[{"href":"https:\/\/somdepapo.com.br\/portal\/wp-json\/wp\/v2\/posts\/36135","targetHints":{"allow":["GET"]}}],"collection":[{"href":"https:\/\/somdepapo.com.br\/portal\/wp-json\/wp\/v2\/posts"}],"about":[{"href":"https:\/\/somdepapo.com.br\/portal\/wp-json\/wp\/v2\/types\/post"}],"author":[{"embeddable":true,"href":"https:\/\/somdepapo.com.br\/portal\/wp-json\/wp\/v2\/users\/1"}],"replies":[{"embeddable":true,"href":"https:\/\/somdepapo.com.br\/portal\/wp-json\/wp\/v2\/comments?post=36135"}],"version-history":[{"count":1,"href":"https:\/\/somdepapo.com.br\/portal\/wp-json\/wp\/v2\/posts\/36135\/revisions"}],"predecessor-version":[{"id":36136,"href":"https:\/\/somdepapo.com.br\/portal\/wp-json\/wp\/v2\/posts\/36135\/revisions\/36136"}],"wp:featuredmedia":[{"embeddable":true,"href":"https:\/\/somdepapo.com.br\/portal\/wp-json\/wp\/v2\/media\/36137"}],"wp:attachment":[{"href":"https:\/\/somdepapo.com.br\/portal\/wp-json\/wp\/v2\/media?parent=36135"}],"wp:term":[{"taxonomy":"category","embeddable":true,"href":"https:\/\/somdepapo.com.br\/portal\/wp-json\/wp\/v2\/categories?post=36135"},{"taxonomy":"post_tag","embeddable":true,"href":"https:\/\/somdepapo.com.br\/portal\/wp-json\/wp\/v2\/tags?post=36135"}],"curies":[{"name":"wp","href":"https:\/\/api.w.org\/{rel}","templated":true}]}}