{"id":36271,"date":"2024-06-21T10:45:22","date_gmt":"2024-06-21T13:45:22","guid":{"rendered":"https:\/\/somdepapo.com.br\/portal\/?p=36271"},"modified":"2024-06-21T10:45:22","modified_gmt":"2024-06-21T13:45:22","slug":"alienacao-parental","status":"publish","type":"post","link":"https:\/\/somdepapo.com.br\/portal\/alienacao-parental\/","title":{"rendered":"Aliena\u00e7\u00e3o Parental"},"content":{"rendered":"<p style=\"text-align: right;\">Por Dr Gilanio Calixto&nbsp;<\/p>\n<p style=\"text-align: justify;\">Com certeza voc\u00ea j\u00e1 deve ter escutado esses termos e frases a seguir mencionadas, infelizmente, num \u00e9 mesmo? Vejamos:<\/p>\n<p style=\"text-align: justify;\">&nbsp; \u201cSeu pai abandonou voc\u00ea porque quis\u201d<\/p>\n<p style=\"text-align: justify;\">\u201cSeu pai tem outra fam\u00edlia, ele n\u00e3o gosta mais de voc\u00ea\u201d<\/p>\n<p style=\"text-align: justify;\">\u201cVoc\u00ea deveria ter vergonha do lixo da sua m\u00e3e\u201d<\/p>\n<p style=\"text-align: justify;\">\u201cN\u00e3o atende o seu pai filho, ele quer tirar voc\u00ea da mam\u00e3e\u201d<\/p>\n<p style=\"text-align: justify;\">\u201cVoc\u00ea ficou doente porque a sua m\u00e3e n\u00e3o sabe cuidar de voc\u00ea\u201d<\/p>\n<p style=\"text-align: justify;\">\u201cSua m\u00e3e nunca quis voc\u00ea. Ela s\u00f3 pensa na pens\u00e3o\u201d<\/p>\n<p style=\"text-align: justify;\">Inclusive muito presente, lastimavelmente, nos dias atuais e que causam s\u00e9rios problemas. Vamos conhec\u00ea-lo?<\/p>\n<p style=\"text-align: justify;\">Pois bem, isso tem nome e chama-se de Aliena\u00e7\u00e3o parental e \u00e9 considerado crimes, s\u00e3o interfer\u00eancias psicol\u00f3gicas nas crian\u00e7as ou nos adolescentes geradas pelos pais que se divorciaram ou puseram fim em uma rela\u00e7\u00e3o ou at\u00e9 mesmo por aqueles que det\u00e9m a guarda. Essas a\u00e7\u00f5es s\u00e3o consideradas crimes pelas leis brasileiras, inclusive com destaque para a lei n\u00ba 12.318\/2010 que define e destaca as suas san\u00e7\u00f5es.<\/p>\n<p style=\"text-align: justify;\">Essa situa\u00e7\u00e3o provoca in\u00fameros efeitos na vida sentimental, psicol\u00f3gica e afetiva dos menores, gerando distanciamentos familiares e prejudicando os la\u00e7os afetivos.<\/p>\n<p style=\"text-align: justify;\">A aliena\u00e7\u00e3o parental fere, portanto, o direito fundamental da crian\u00e7a \u00e0 conviv\u00eancia familiar saud\u00e1vel, sendo, ainda, um descumprimento dos deveres relacionados \u00e0 autoridade dos pais ou decorrentes de tutela ou guarda.<\/p>\n<p style=\"text-align: justify;\">Alguns dos intensos preju\u00edzos psicol\u00f3gicos e afetivos sofridos pelas v\u00edtimas, visto que, \u00e9 importante proteger a crian\u00e7a dos conflitos e desaven\u00e7as do casal, impedindo que eventuais disputas afetem o v\u00ednculo entre pais e filhos.<\/p>\n<p style=\"text-align: justify;\">As crian\u00e7as e adolescentes, que sofrem aliena\u00e7\u00e3o, podem desenvolver s\u00e9rios problemas tais como: isolamentos sociais, ansiedade, inseguran\u00e7as, depress\u00e3o e dificuldades de relacionamento e as quest\u00f5es voltdas aos resultados do aprendizado na escola, o que resulta em um desenvolvimento psicossocial afetado, e que perduram seus efeitos para toda a vida se torna uma cat\u00e1strofe na vida dos menores.<\/p>\n<p style=\"text-align: justify;\">\u00c9 preciso CONSCI\u00caNCIA que os filhos n\u00e3o s\u00e3o respons\u00e1veis pelo fim do relacionamento, que n\u00e3o podem ser \u201cusados\u201d como ferramentas para atingir a outra parte e que n\u00e3o existe \u201cex-filhos\u201d. Faz-se necess\u00e1rios aos PAIS deixarem marcas de AMOR, DE RESPEITO, DE AFETIVIDADE e de PRESEN\u00c7A na vida dos menores, pois isso \u00e9 ETERNO.<\/p>\n<p style=\"text-align: justify;\">E voc\u00ea? Conhece algu\u00e9m que pratica tais atos inadmissiveis? Conhece crian\u00e7as e adolescentes que sobrevivem neste dilema entre os pais devido o fim do relacionamento?<\/p>\n<p style=\"text-align: justify;\">&nbsp; &nbsp; &nbsp; &nbsp; Isso \u00e9 muito s\u00e9rio!!<\/p>\n<p style=\"text-align: justify;\">&nbsp; &nbsp; &nbsp; Precisamos ser mais conscientes!!<\/p>\n<p style=\"text-align: justify;\">Fiquemos pois atentos e mais solid\u00e1rios.<\/p>\n<p style=\"text-align: justify;\">Pense nisso!!!<\/p>\n<p style=\"text-align: justify;\">Gilanio Calixto Velez<\/p>\n<p style=\"text-align: justify;\">Advogado e Professor<\/p>\n<p style=\"text-align: justify;\">\uf0fc Advogado especialista em Direito Previdenci\u00e1rio e em Direito de Familia<\/p>\n<p style=\"text-align: justify;\">\uf0fc Te aguardo nos meus perfis das redes sociais no Instagram: @gilaniocalixtoadv; @mcrereser<\/p>\n<p style=\"text-align: justify;\">\uf0fc Email: gcalixtoadvocacia@gmail.com ; fone: (83).9.9866.3639<\/p>\n<p style=\"text-align: justify;\">Fontes:<\/p>\n<p style=\"text-align: justify;\">&#8211; Lei 12. 318\/2010 &#8211; Disp\u00f5e sobre a aliena\u00e7\u00e3o parental e altera o art. 236 da Lei no 8.069, de 13 de julho de 1990.<\/p>\n<p style=\"text-align: justify;\">&nbsp;<\/p>\n<p>&nbsp;<\/p>\n<p>&nbsp;<\/p>\n<p>&nbsp;<\/p>\n<p>&nbsp;<\/p>\n<p>&nbsp;<\/p>\n<p>&nbsp;<\/p>\n","protected":false},"excerpt":{"rendered":"<p>Por Dr Gilanio Calixto&nbsp; Com certeza voc\u00ea j\u00e1 deve ter escutado esses termos e frases a seguir mencionadas, infelizmente, num \u00e9 mesmo? Vejamos: &nbsp; \u201cSeu pai abandonou voc\u00ea porque quis\u201d \u201cSeu pai tem outra fam\u00edlia, ele n\u00e3o gosta mais de voc\u00ea\u201d \u201cVoc\u00ea deveria ter vergonha do lixo da sua m\u00e3e\u201d \u201cN\u00e3o atende o seu pai [&hellip;]<\/p>\n","protected":false},"author":1,"featured_media":36272,"comment_status":"open","ping_status":"open","sticky":false,"template":"","format":"standard","meta":{"ngg_post_thumbnail":0,"footnotes":""},"categories":[225,2,41],"tags":[],"class_list":["post-36271","post","type-post","status-publish","format-standard","has-post-thumbnail","hentry","category-cidadania","category-destaques","category-ultimasnoticias"],"_links":{"self":[{"href":"https:\/\/somdepapo.com.br\/portal\/wp-json\/wp\/v2\/posts\/36271","targetHints":{"allow":["GET"]}}],"collection":[{"href":"https:\/\/somdepapo.com.br\/portal\/wp-json\/wp\/v2\/posts"}],"about":[{"href":"https:\/\/somdepapo.com.br\/portal\/wp-json\/wp\/v2\/types\/post"}],"author":[{"embeddable":true,"href":"https:\/\/somdepapo.com.br\/portal\/wp-json\/wp\/v2\/users\/1"}],"replies":[{"embeddable":true,"href":"https:\/\/somdepapo.com.br\/portal\/wp-json\/wp\/v2\/comments?post=36271"}],"version-history":[{"count":1,"href":"https:\/\/somdepapo.com.br\/portal\/wp-json\/wp\/v2\/posts\/36271\/revisions"}],"predecessor-version":[{"id":36273,"href":"https:\/\/somdepapo.com.br\/portal\/wp-json\/wp\/v2\/posts\/36271\/revisions\/36273"}],"wp:featuredmedia":[{"embeddable":true,"href":"https:\/\/somdepapo.com.br\/portal\/wp-json\/wp\/v2\/media\/36272"}],"wp:attachment":[{"href":"https:\/\/somdepapo.com.br\/portal\/wp-json\/wp\/v2\/media?parent=36271"}],"wp:term":[{"taxonomy":"category","embeddable":true,"href":"https:\/\/somdepapo.com.br\/portal\/wp-json\/wp\/v2\/categories?post=36271"},{"taxonomy":"post_tag","embeddable":true,"href":"https:\/\/somdepapo.com.br\/portal\/wp-json\/wp\/v2\/tags?post=36271"}],"curies":[{"name":"wp","href":"https:\/\/api.w.org\/{rel}","templated":true}]}}