{"id":36307,"date":"2024-06-27T13:04:44","date_gmt":"2024-06-27T16:04:44","guid":{"rendered":"https:\/\/somdepapo.com.br\/portal\/?p=36307"},"modified":"2024-06-27T13:07:15","modified_gmt":"2024-06-27T16:07:15","slug":"as-mulheres-nas-festas-juninas","status":"publish","type":"post","link":"https:\/\/somdepapo.com.br\/portal\/as-mulheres-nas-festas-juninas\/","title":{"rendered":"As mulheres nas festas juninas"},"content":{"rendered":"<p style=\"text-align: right;\">Por Marize Reges&nbsp;<\/p>\n<p style=\"text-align: justify;\">As festas de S\u00e3o Jo\u00e3o e S\u00e3o Pedro s\u00e3o celebra\u00e7\u00f5es populares no Brasil,especialmente no Nordeste.<\/p>\n<p style=\"text-align: justify;\">Nessas festas a elei\u00e7\u00e3o da Rainha do Milho \u00e9 uma tradi\u00e7\u00e3o importante.<\/p>\n<p style=\"text-align: justify;\">\u00c0 Rainha do Milho \u00e9 uma figura que representa a fartura e a colheita do milho, um alimento b\u00e1sico nas festas juninas.<\/p>\n<p style=\"text-align: justify;\">Ela participa de desfiles e eventos, trazendo alegria e simbolizando prosperidade.<\/p>\n<p style=\"text-align: justify;\">A presen\u00e7a das mulheres nesses eventos \u00e9 essencial. Elas n\u00e3o s\u00f3 participam como Rainha do Milho, nas tamb\u00e9m como organizadoras,conzinheiras e artes\u00e3s, contribuindo para o sucesso das festas.<\/p>\n<p style=\"text-align: justify;\">As cantoras regionais e Famosas como Elba Ramalho por exemplo em particular, tem um papel crucial.<\/p>\n<p style=\"text-align: justify;\">Elas animam as celebra\u00e7\u00f5es com musicas t\u00edpicas, como forr\u00f3 e quadrilha,mantendo viva a cultura e tradi\u00e7\u00e3o das festas juninas.<\/p>\n<p style=\"text-align: justify;\">A musica conduzida por essas mulheres ajuda a criar um ambiente festivo e une a comunidade em celebra\u00e7\u00e3o.<\/p>\n<p style=\"text-align: justify;\">A import\u00e2ncia da mulher nas festas de S\u00e3o Jo\u00e3o e S\u00e3o Pedro \u00e9 imensa, pois elas s\u00e3o as verdadeiras guardi\u00e3s e propagadoras das tradi\u00e7\u00f5es, garantindo que a cultura e a alegria dessas celebra\u00e7\u00f5es sejam vividas inteiramente por todos.<\/p>\n<p style=\"text-align: justify;\">&nbsp;<\/p>\n","protected":false},"excerpt":{"rendered":"<p>Por Marize Reges&nbsp; As festas de S\u00e3o Jo\u00e3o e S\u00e3o Pedro s\u00e3o celebra\u00e7\u00f5es populares no Brasil,especialmente no Nordeste. Nessas festas a elei\u00e7\u00e3o da Rainha do Milho \u00e9 uma tradi\u00e7\u00e3o importante. \u00c0 Rainha do Milho \u00e9 uma figura que representa a fartura e a colheita do milho, um alimento b\u00e1sico nas festas juninas. Ela participa de [&hellip;]<\/p>\n","protected":false},"author":1,"featured_media":36309,"comment_status":"open","ping_status":"open","sticky":false,"template":"","format":"standard","meta":{"ngg_post_thumbnail":0,"footnotes":""},"categories":[2,275,41],"tags":[],"class_list":["post-36307","post","type-post","status-publish","format-standard","has-post-thumbnail","hentry","category-destaques","category-mulher","category-ultimasnoticias"],"_links":{"self":[{"href":"https:\/\/somdepapo.com.br\/portal\/wp-json\/wp\/v2\/posts\/36307","targetHints":{"allow":["GET"]}}],"collection":[{"href":"https:\/\/somdepapo.com.br\/portal\/wp-json\/wp\/v2\/posts"}],"about":[{"href":"https:\/\/somdepapo.com.br\/portal\/wp-json\/wp\/v2\/types\/post"}],"author":[{"embeddable":true,"href":"https:\/\/somdepapo.com.br\/portal\/wp-json\/wp\/v2\/users\/1"}],"replies":[{"embeddable":true,"href":"https:\/\/somdepapo.com.br\/portal\/wp-json\/wp\/v2\/comments?post=36307"}],"version-history":[{"count":2,"href":"https:\/\/somdepapo.com.br\/portal\/wp-json\/wp\/v2\/posts\/36307\/revisions"}],"predecessor-version":[{"id":36311,"href":"https:\/\/somdepapo.com.br\/portal\/wp-json\/wp\/v2\/posts\/36307\/revisions\/36311"}],"wp:featuredmedia":[{"embeddable":true,"href":"https:\/\/somdepapo.com.br\/portal\/wp-json\/wp\/v2\/media\/36309"}],"wp:attachment":[{"href":"https:\/\/somdepapo.com.br\/portal\/wp-json\/wp\/v2\/media?parent=36307"}],"wp:term":[{"taxonomy":"category","embeddable":true,"href":"https:\/\/somdepapo.com.br\/portal\/wp-json\/wp\/v2\/categories?post=36307"},{"taxonomy":"post_tag","embeddable":true,"href":"https:\/\/somdepapo.com.br\/portal\/wp-json\/wp\/v2\/tags?post=36307"}],"curies":[{"name":"wp","href":"https:\/\/api.w.org\/{rel}","templated":true}]}}