{"id":36373,"date":"2024-07-05T12:58:45","date_gmt":"2024-07-05T15:58:45","guid":{"rendered":"https:\/\/somdepapo.com.br\/portal\/?p=36373"},"modified":"2024-07-05T12:58:45","modified_gmt":"2024-07-05T15:58:45","slug":"a-forca-do-desapego","status":"publish","type":"post","link":"https:\/\/somdepapo.com.br\/portal\/a-forca-do-desapego\/","title":{"rendered":"A For\u00e7a do Desapego"},"content":{"rendered":"<p style=\"text-align: right;\">Por Gilanio Calixto&nbsp;<\/p>\n<p style=\"text-align: justify;\">&nbsp;\u201cAssim, pois, qualquer de v\u00f3s, que n\u00e3o renuncie a TUDO&nbsp;<\/p>\n<p style=\"text-align: justify;\">QUANTO TEM, n\u00e3o pode ser meu disc\u00edpulo.\u201d (Lucas 14:33)<\/p>\n<p style=\"text-align: justify;\">Uma quest\u00e3o muito real e presente na vida cotidiana das pessoas. Nos ataca de forma t\u00e3o sutil que n\u00e3o percebemos que \u00e9 o APEGO nos mais diversos aspectos: apego material, sentimental, psicol\u00f3gicos e profissional entre outros, que aprisiona e impede-nos de avan\u00e7armos na Vida.<\/p>\n<p style=\"text-align: justify;\">Desapegar-se n\u00e3o \u00e9 f\u00e1cil, mas \u00e9 um ato extremamente necess\u00e1rio que com consci\u00eancia os seres humanos necessitam fazer.&nbsp;<\/p>\n<p style=\"text-align: justify;\">Segundo a B\u00edblia, \u00e9 uma condi\u00e7\u00e3o primordial para amar a Deus e n\u00e3o h\u00e1 como jogar fora o apego se n\u00e3o houver humildade para isso, ou seja, \u00e9 uma liberta\u00e7\u00e3o, que quando est\u00e3o presentes em nossos sentimentos e atos, n\u00e3o conseguimos enxergar a import\u00e2ncia do outro e os seus valores.<\/p>\n<p style=\"text-align: justify;\">O desapego \u00e9 uma condi\u00e7\u00e3o para chegarmos a plenitude da vida, para nos tornarmos realizados, pois quem \u00e9 apegado n\u00e3o vive, apenas sobrevive. Torna-se ref\u00e9m dos desejos negativos, dos prazeres moment\u00e2neos, do fugaz e do passageiro, das falsas ilus\u00f5es do TER e do PODER. Ser desapegado \u00e9 ser livre, desprendido dos conceitos, \u00e9 reconhecer que \u00e9 p\u00f3 e fr\u00e1gil mat\u00e9ria, \u00e9 saber que tudo passa e ter na mente a finitude e as limita\u00e7\u00f5es diante do mundo e diante de Deus.<\/p>\n<p style=\"text-align: justify;\">A morte \u00e9 a maior li\u00e7\u00e3o que evidencia o quanto \u00e9 preciso desapegar de tudo. N\u00e3o que ela seja o fim, n\u00e3o no sentido de desprezar, de descuidar, mas de significados e de valores, ou seja, quais s\u00e3o os seus tesouros? Onde est\u00e1 o teu cora\u00e7\u00e3o? Na vida ligada a Deus ou apenas na condi\u00e7\u00e3o de vida ligada a este mundo?<\/p>\n<p style=\"text-align: justify;\">Em todos os livros de autoajuda, de espiritualidade, de desenvolvimento social e humano, livros de cunhos religiosos em quaisquer aspectos traz o DESAPEGO como algo extremamente fundamental para uma vida significativa e melhor. Dentre eles, a Biblia, um dos livros mais lidos no mundo, cita as quest\u00f5es do desapego em todas as fases, do inicio da cria\u00e7\u00e3o ao apocalipse.&nbsp;<\/p>\n<p style=\"text-align: justify;\">S\u00e3o in\u00fameras cita\u00e7\u00f5es b\u00edblicas elucidando a import\u00e2ncia do desapego. Basta observarmos o quanto h\u00e1 pessoas sofrendo com apegos afetivos, com depend\u00eancia emocional e sentimental. Eu diria: cheias de \u201ccordas amarradas\u201d nos pensamentos e nas emo\u00e7\u00f5es tornando-as doentias e impedindo de realmente enxergar os grandes valores da vida e as suas capacidades<\/p>\n<p style=\"text-align: justify;\">Transforme sua realidade, buscando de forma tranquila, desapegando de tudo aquilo que lhe trava, que lhe incomoda, que n\u00e3o lhe faz bem, no meu livro \u2013 \u201cDegraus de Deus para uma Vida Nova\u201d \u2013 ressalto a import\u00e2ncia deste degrau para uma mais plena e feliz.<\/p>\n<p style=\"text-align: justify;\">Pense nisso!!!<\/p>\n<p style=\"text-align: justify;\">Gilanio Calixto Velez<\/p>\n<p style=\"text-align: justify;\">Advogado e Professor<\/p>\n<p style=\"text-align: justify;\">&nbsp;<\/p>\n<p style=\"text-align: justify;\">Trecho do livro: \u201cDegraus de Deus para uma Vida Nova\u201d \u2013 Editora: Bailer Books<\/p>\n<p style=\"text-align: justify;\">Autor: Gilanio Calixto<\/p>\n<p style=\"text-align: justify;\">Advogado especialista em Direito Previdenci\u00e1rio e em Direito de Familia<\/p>\n<p style=\"text-align: justify;\">Professor Universit\u00e1rio em Direitos Humanos e Educa\u00e7\u00e3o Emocional<\/p>\n<p style=\"text-align: justify;\">Palestrante Motivacional e de Carreira Profissional<\/p>\n<p style=\"text-align: justify;\">Fundador do Instituto de Desenvolvimento Humano &#8211; Crer &amp; Ser \u2013 Metodologia e Projeto de Vida &#8211; Campina Grande \u2013 PB e Queimadas \u2013 PB<\/p>\n<p style=\"text-align: justify;\">Perfil no Instagram: @gilaniocalixtoadv; @mcrereser<\/p>\n<p style=\"text-align: justify;\">Email: gcalixtoadvocacia@gmail.com ; fone: (83).9.9866.3639<\/p>\n<p style=\"text-align: justify;\">&nbsp;<\/p>\n","protected":false},"excerpt":{"rendered":"<p>Por Gilanio Calixto&nbsp; &nbsp;\u201cAssim, pois, qualquer de v\u00f3s, que n\u00e3o renuncie a TUDO&nbsp; QUANTO TEM, n\u00e3o pode ser meu disc\u00edpulo.\u201d (Lucas 14:33) Uma quest\u00e3o muito real e presente na vida cotidiana das pessoas. Nos ataca de forma t\u00e3o sutil que n\u00e3o percebemos que \u00e9 o APEGO nos mais diversos aspectos: apego material, sentimental, psicol\u00f3gicos e [&hellip;]<\/p>\n","protected":false},"author":1,"featured_media":36374,"comment_status":"open","ping_status":"open","sticky":false,"template":"","format":"standard","meta":{"ngg_post_thumbnail":0,"footnotes":""},"categories":[225,2,41],"tags":[],"class_list":["post-36373","post","type-post","status-publish","format-standard","has-post-thumbnail","hentry","category-cidadania","category-destaques","category-ultimasnoticias"],"_links":{"self":[{"href":"https:\/\/somdepapo.com.br\/portal\/wp-json\/wp\/v2\/posts\/36373","targetHints":{"allow":["GET"]}}],"collection":[{"href":"https:\/\/somdepapo.com.br\/portal\/wp-json\/wp\/v2\/posts"}],"about":[{"href":"https:\/\/somdepapo.com.br\/portal\/wp-json\/wp\/v2\/types\/post"}],"author":[{"embeddable":true,"href":"https:\/\/somdepapo.com.br\/portal\/wp-json\/wp\/v2\/users\/1"}],"replies":[{"embeddable":true,"href":"https:\/\/somdepapo.com.br\/portal\/wp-json\/wp\/v2\/comments?post=36373"}],"version-history":[{"count":1,"href":"https:\/\/somdepapo.com.br\/portal\/wp-json\/wp\/v2\/posts\/36373\/revisions"}],"predecessor-version":[{"id":36375,"href":"https:\/\/somdepapo.com.br\/portal\/wp-json\/wp\/v2\/posts\/36373\/revisions\/36375"}],"wp:featuredmedia":[{"embeddable":true,"href":"https:\/\/somdepapo.com.br\/portal\/wp-json\/wp\/v2\/media\/36374"}],"wp:attachment":[{"href":"https:\/\/somdepapo.com.br\/portal\/wp-json\/wp\/v2\/media?parent=36373"}],"wp:term":[{"taxonomy":"category","embeddable":true,"href":"https:\/\/somdepapo.com.br\/portal\/wp-json\/wp\/v2\/categories?post=36373"},{"taxonomy":"post_tag","embeddable":true,"href":"https:\/\/somdepapo.com.br\/portal\/wp-json\/wp\/v2\/tags?post=36373"}],"curies":[{"name":"wp","href":"https:\/\/api.w.org\/{rel}","templated":true}]}}