{"id":36878,"date":"2024-08-02T13:00:36","date_gmt":"2024-08-02T16:00:36","guid":{"rendered":"https:\/\/somdepapo.com.br\/portal\/?p=36878"},"modified":"2024-08-02T12:37:35","modified_gmt":"2024-08-02T15:37:35","slug":"artigo-um-instrumento-de-poder-da-sociedade-o-voto-consciente","status":"publish","type":"post","link":"https:\/\/somdepapo.com.br\/portal\/artigo-um-instrumento-de-poder-da-sociedade-o-voto-consciente\/","title":{"rendered":"UM INSTRUMENTO DE PODER DA SOCIEDADE: O VOTO CONSCIENTE"},"content":{"rendered":"<p style=\"text-align: right;\">Por Gilanio Calixto&nbsp;<\/p>\n<p style=\"text-align: justify;\"><span style=\"text-align: justify;\">Em ano eleitoral como 2024 em que ocorrem as elei\u00e7\u00f5es municipais, n\u00e3o podemos esquecer de sempre reacender essa discuss\u00e3o sobre a import\u00e2ncia para a sociedade como um todo sobre o que \u00e9 o UM VOTO CONSCIENTE.<\/span><\/p>\n<p style=\"text-align: justify;\">Mas voc\u00ea pode estar se perguntando: \u201co que \u00e9 um voto consciente\u201d consciente do que por exemplo?<br \/>\nNa verdade, mediante estudos e an\u00e1lises quando se fala em voto consciente, refere-se a import\u00e2ncia de informa\u00e7\u00f5es adequadas, reais e ver\u00edrdicas, ao fator de conhecer as caracteristicas da pessoa do candidato, os seus prop\u00f3sitos e valores, al\u00e9m disso as suas vis\u00f5es sociais. H\u00e1 quem chame de um \u201cvoto sem apego\u201d, ou seja, com pensamentos voltados a coletividade e ao bem comum e n\u00e3o aos proprios interesses do eleitor.<br \/>\nNeste periodo os Tribunais Eleitorais espalhados por todo territ\u00f3rio nacional sempre vem tentando conscientizar os eleitores da import\u00e2ncia do voto livre, da consci\u00eancia do eleitor em exercer a sua cidadania da melhor forma possivel.<br \/>\nDentre tantas caracteristicas pr\u00e1ticas cito aqui algumas para uma elegibilidade mais consciente no dia da vota\u00e7\u00e3o:<br \/>\n01) Conhecer os candidatos que est\u00e3o concorrendo, o que nas elei\u00e7\u00f5es municipais este fator se tornam mais simples, pois em muitas cidades de pequenos portes as pessoas se conhecem com maiores facilidades, sabem de onde originam-se a familia dos candidatos, por exemplo;<br \/>\n02) Procurar informa\u00e7\u00f5es sobre os partidos pol\u00edticos e suas coliga\u00e7\u00f5es conhecendo as informa\u00e7\u00f5es das afinidades daqueles partidos e quais objetivos s\u00e3o defendidos;<br \/>\n03) N\u00e3o vender seu voto, o que uma pr\u00e1tica ilegal, pois o candidato lhe trata como uma mercadoria e o eleitor perde o poder e a for\u00e7a que possui perante aquele representante;<br \/>\n04) Fa\u00e7a perguntas aos seus candidatos quando encontr\u00e1-los nas ruas, nas reuni\u00f5es, escute-os nos programas eleitorais, observem se eles agem da mesma forma diante das c\u00e2meras e das midias assim como na comunidade onde vivem, esses e outros aspectos importantes devem ser observados.<\/p>\n<p style=\"text-align: justify;\">Todos estamos muito habituados e at\u00e9 exaustos de ouvir sobre votos conscientes, entretanto \u00e9 a nossa express\u00e3o de poder, de vontade popular, que \u00e9 soberana numa sociedade democr\u00e1tica, embora no Brasil nos tempos atuais estamos nos deparandos com aspectos contr\u00e1rios a isso infelizmente.<br \/>\nCabe a cada um de n\u00f3s refletirmos sobre isso e com toda certeza voc\u00ea e eu somos respons\u00e1veis pelos resultados sociais que obtemos ap\u00f3s os per\u00edodos eleitorais.<\/p>\n<p>&nbsp;<\/p>\n<p style=\"text-align: justify;\">Pense nisso!!!<br \/>\nGilanio Calixto Velez<br \/>\nAdvogado e Professor<\/p>\n<p style=\"text-align: justify;\">Advogado especialista em Direito Previdenci\u00e1rio e em Direito de Familia<br \/>\nProfessor Universit\u00e1rio em Direitos Humanos e Educa\u00e7\u00e3o Emocional<br \/>\nPalestrante Motivacional e de Carreira Profissional<br \/>\nFundador do Instituto de Desenvolvimento Humano &#8211; Crer &amp; Ser \u2013 Metodologia e Projeto de Vida &#8211; Campina Grande \u2013 PB e Queimadas \u2013 PB<br \/>\n\uf0fc Perfil no Instagram: @gilaniocalixtoadv; @mcrereser<br \/>\n\uf0fc Email: gcalixtoadvocacia@gmail.com ; fone: (83).9.9866.3639<\/p>\n","protected":false},"excerpt":{"rendered":"<p>Por Gilanio Calixto&nbsp; Em ano eleitoral como 2024 em que ocorrem as elei\u00e7\u00f5es municipais, n\u00e3o podemos esquecer de sempre reacender essa discuss\u00e3o sobre a import\u00e2ncia para a sociedade como um todo sobre o que \u00e9 o UM VOTO CONSCIENTE. Mas voc\u00ea pode estar se perguntando: \u201co que \u00e9 um voto consciente\u201d consciente do que por [&hellip;]<\/p>\n","protected":false},"author":1,"featured_media":36879,"comment_status":"open","ping_status":"open","sticky":false,"template":"","format":"standard","meta":{"ngg_post_thumbnail":0,"footnotes":""},"categories":[225,2,41],"tags":[],"class_list":["post-36878","post","type-post","status-publish","format-standard","has-post-thumbnail","hentry","category-cidadania","category-destaques","category-ultimasnoticias"],"_links":{"self":[{"href":"https:\/\/somdepapo.com.br\/portal\/wp-json\/wp\/v2\/posts\/36878","targetHints":{"allow":["GET"]}}],"collection":[{"href":"https:\/\/somdepapo.com.br\/portal\/wp-json\/wp\/v2\/posts"}],"about":[{"href":"https:\/\/somdepapo.com.br\/portal\/wp-json\/wp\/v2\/types\/post"}],"author":[{"embeddable":true,"href":"https:\/\/somdepapo.com.br\/portal\/wp-json\/wp\/v2\/users\/1"}],"replies":[{"embeddable":true,"href":"https:\/\/somdepapo.com.br\/portal\/wp-json\/wp\/v2\/comments?post=36878"}],"version-history":[{"count":4,"href":"https:\/\/somdepapo.com.br\/portal\/wp-json\/wp\/v2\/posts\/36878\/revisions"}],"predecessor-version":[{"id":36882,"href":"https:\/\/somdepapo.com.br\/portal\/wp-json\/wp\/v2\/posts\/36878\/revisions\/36882"}],"wp:featuredmedia":[{"embeddable":true,"href":"https:\/\/somdepapo.com.br\/portal\/wp-json\/wp\/v2\/media\/36879"}],"wp:attachment":[{"href":"https:\/\/somdepapo.com.br\/portal\/wp-json\/wp\/v2\/media?parent=36878"}],"wp:term":[{"taxonomy":"category","embeddable":true,"href":"https:\/\/somdepapo.com.br\/portal\/wp-json\/wp\/v2\/categories?post=36878"},{"taxonomy":"post_tag","embeddable":true,"href":"https:\/\/somdepapo.com.br\/portal\/wp-json\/wp\/v2\/tags?post=36878"}],"curies":[{"name":"wp","href":"https:\/\/api.w.org\/{rel}","templated":true}]}}