{"id":36943,"date":"2024-08-05T10:30:31","date_gmt":"2024-08-05T13:30:31","guid":{"rendered":"https:\/\/somdepapo.com.br\/portal\/?p=36943"},"modified":"2024-08-05T10:04:03","modified_gmt":"2024-08-05T13:04:03","slug":"voce-se-identificou-com-esta-imagem","status":"publish","type":"post","link":"https:\/\/somdepapo.com.br\/portal\/voce-se-identificou-com-esta-imagem\/","title":{"rendered":"Voc\u00ea se identificou com esta imagem?"},"content":{"rendered":"<p style=\"text-align: right;\">Por Dra K\u00e1tia Pretti<\/p>\n<p style=\"text-align: justify;\">Se olha no espelho e se enxerga um &#8220;pandinha&#8221;?<\/p>\n<p>Se voc\u00ea se identificou n\u00e3o fique triste!<\/p>\n<p style=\"text-align: justify;\">Como biomedica esteta quero compartilhar uma informa\u00e7\u00e3o; voc\u00ea faz parte de um grande grupo de indiv\u00edduos (homens e mulheres), que s\u00e3o acometidos pela indesej\u00e1vel &#8220;olheira&#8221;, conhecida cientificamente como Hiperpigmeta\u00e7\u00e3o Periorbital, causada por alguns fatores.<\/p>\n<p style=\"text-align: justify;\">Dentre os fatores mais conhecidos encontra-se a quest\u00e3o heran\u00e7a familiar, vascular, dep\u00f3sito de melanina na regi\u00e3o inferior do olhos e o envelhecimento natural.<\/p>\n<p style=\"text-align: justify;\">Estamos falando de uma patologia que tem causado importante impacto na qualidade de vida, estimulando a crescente busca por camuflagem, maquiagens e procedimentos est\u00e9ticos como recursos para amenizar o aspecto de envelhecimento, cansa\u00e7o, &#8220;pandinha&#8221;.<\/p>\n<p style=\"text-align: justify;\">Pesquisas relatam que a indesej\u00e1vel olheira pode tamb\u00e9m estar relacionada com o seu estado de sa\u00fade.<\/p>\n<p style=\"text-align: justify;\">Um artigo cient\u00edfico realizado na Universidade Federal de Ci\u00eancias da Sa\u00fade de Porto Alegre (UFCSPA) &#8211; Porto Alegre (RS), Brasil, publicado Surg Cosmet Dermatol 2013;5(4):302\u00ad8, apresenta os seguintes dados; 6,8%; dos indiv\u00edduos acometidos com hiperpigmeta\u00e7\u00e3o periorbital apresentam; desvio de septo; 48,4%; ronco \u00e0 noite, 15,1% asma; 44,7%; rinite,11,2%; dermatite at\u00f3pica, 20,1%; respira\u00e7\u00e3o bucal, e 28,6% outro tipo de alergia.<\/p>\n<p style=\"text-align: justify;\">O que nos traz o entendimento que os indiv\u00edduos que apresentam patologias ou alergias respirat\u00f3rias est\u00e3o diretamente propensos a se identificar com a imagem ilustrada nesse conte\u00fado.<\/p>\n<p style=\"text-align: justify;\">Principalmente nesse per\u00edodo de Inverno, momento em que ficamos mais suscet\u00edveis as temperaturas mais baixas, a nos concentramos em ambientes fechados, conv\u00edvio com os bichinhos de estima\u00e7\u00e3o (c\u00e3es, gatos), polui\u00e7\u00e3o, tabagismo, fatores que aumentam os \u00edndices de doen\u00e7as respirat\u00f3rias, como gripes, rinite, sinusite, contribuindo para o aparecimento da olheira.<\/p>\n<p style=\"text-align: justify;\">Com tudo a inten\u00e7\u00e3o desse conte\u00fado \u00e9 ampliar o seu conhecimento e entendimento sobre o assunto que te limitava a uma camuflagem para tentar esconder a apar\u00eancia de &#8220;pandinha &#8220;.<\/p>\n<p style=\"text-align: justify;\">Com essa maravilhosa informa\u00e7\u00e3o compartilhada, quero te convidar a parar de se esconder com as camuflagens e maquiagens e vir em busca de entender qual a real causa de sua hiperpigmeta\u00e7\u00e3o periorbital.<\/p>\n<p style=\"text-align: justify;\">Gosto muito de um trecho escrito por Dagma Moreira;<br \/>\n&#8221; O conhecimento liberta, o medo aprisiona, de tal maneira que paralisa e gera o caos dentro de si. Liberte-se da ignor\u00e2ncia!&#8221;<\/p>\n<p style=\"text-align: justify;\">Esse \u00e9 o meu convite para voc\u00ea, procure um profissional habilitado na \u00e1rea da sa\u00fade est\u00e9tica e liberte-se do que te aprisiona.<\/p>\n<p style=\"text-align: justify;\">Agora voc\u00ea j\u00e1 tem conhecimento, s\u00f3 precisa descobrir a causa!<\/p>\n<p style=\"text-align: justify;\">Refer\u00eancia;<br \/>\n&#8211; Id on Line Rev. Psic. V.11, N. 35. Maio\/2017 &#8211; ISSN 1981-1179 Edi\u00e7\u00e3o eletr\u00f4nica em http:idonline.emnuvens.com.br\/id<\/p>\n<p>&#8211; Surg Cosmet Dermatol 2013;5(4):302\u00ad8.<\/p>\n<p>Contato para agendamento de consultas ON line ou presencial;<\/p>\n<p>Tel: (11) 5196- 3881<br \/>\nInstagram; @_drakatiapretti<\/p>\n<p>&nbsp;<\/p>\n<p>&nbsp;<\/p>\n","protected":false},"excerpt":{"rendered":"<p>Por Dra K\u00e1tia Pretti Se olha no espelho e se enxerga um &#8220;pandinha&#8221;? Se voc\u00ea se identificou n\u00e3o fique triste! Como biomedica esteta quero compartilhar uma informa\u00e7\u00e3o; voc\u00ea faz parte de um grande grupo de indiv\u00edduos (homens e mulheres), que s\u00e3o acometidos pela indesej\u00e1vel &#8220;olheira&#8221;, conhecida cientificamente como Hiperpigmeta\u00e7\u00e3o Periorbital, causada por alguns fatores. Dentre [&hellip;]<\/p>\n","protected":false},"author":1,"featured_media":36944,"comment_status":"open","ping_status":"open","sticky":false,"template":"","format":"standard","meta":{"ngg_post_thumbnail":0,"footnotes":""},"categories":[2,32,41],"tags":[],"class_list":["post-36943","post","type-post","status-publish","format-standard","has-post-thumbnail","hentry","category-destaques","category-estetica","category-ultimasnoticias"],"_links":{"self":[{"href":"https:\/\/somdepapo.com.br\/portal\/wp-json\/wp\/v2\/posts\/36943","targetHints":{"allow":["GET"]}}],"collection":[{"href":"https:\/\/somdepapo.com.br\/portal\/wp-json\/wp\/v2\/posts"}],"about":[{"href":"https:\/\/somdepapo.com.br\/portal\/wp-json\/wp\/v2\/types\/post"}],"author":[{"embeddable":true,"href":"https:\/\/somdepapo.com.br\/portal\/wp-json\/wp\/v2\/users\/1"}],"replies":[{"embeddable":true,"href":"https:\/\/somdepapo.com.br\/portal\/wp-json\/wp\/v2\/comments?post=36943"}],"version-history":[{"count":4,"href":"https:\/\/somdepapo.com.br\/portal\/wp-json\/wp\/v2\/posts\/36943\/revisions"}],"predecessor-version":[{"id":36949,"href":"https:\/\/somdepapo.com.br\/portal\/wp-json\/wp\/v2\/posts\/36943\/revisions\/36949"}],"wp:featuredmedia":[{"embeddable":true,"href":"https:\/\/somdepapo.com.br\/portal\/wp-json\/wp\/v2\/media\/36944"}],"wp:attachment":[{"href":"https:\/\/somdepapo.com.br\/portal\/wp-json\/wp\/v2\/media?parent=36943"}],"wp:term":[{"taxonomy":"category","embeddable":true,"href":"https:\/\/somdepapo.com.br\/portal\/wp-json\/wp\/v2\/categories?post=36943"},{"taxonomy":"post_tag","embeddable":true,"href":"https:\/\/somdepapo.com.br\/portal\/wp-json\/wp\/v2\/tags?post=36943"}],"curies":[{"name":"wp","href":"https:\/\/api.w.org\/{rel}","templated":true}]}}