{"id":38517,"date":"2024-08-20T14:30:44","date_gmt":"2024-08-20T17:30:44","guid":{"rendered":"https:\/\/somdepapo.com.br\/portal\/?p=38517"},"modified":"2024-08-20T14:24:11","modified_gmt":"2024-08-20T17:24:11","slug":"por-que-nao-consigo-passar-numa-entrevista-de-emprego","status":"publish","type":"post","link":"https:\/\/somdepapo.com.br\/portal\/por-que-nao-consigo-passar-numa-entrevista-de-emprego\/","title":{"rendered":"Por que n\u00e3o consigo passar numa entrevista de Emprego?"},"content":{"rendered":"<p>&nbsp;<\/p>\n<p style=\"text-align: right;\">Por Andr\u00e9a Alvarenga<\/p>\n<p style=\"text-align: justify;\">N\u00e3o conseguir passar em uma entrevista de emprego pode ser frustrante, mas \u00e9 importante entender que v\u00e1rias raz\u00f5es podem estar envolvidas, e nem todas refletem a sua compet\u00eancia ou capacidade.<\/p>\n<p style=\"text-align: justify;\">Muitas vezes, a prepara\u00e7\u00e3o inadequada \u00e9 um fator significativo. Se voc\u00ea n\u00e3o pesquisou o suficiente sobre a empresa ou o cargo, pode ter dificuldade em mostrar como suas habilidades e experi\u00eancias se alinham \u00e0s necessidades do empregador. Al\u00e9m disso, a falta de pr\u00e1tica em responder a perguntas comuns pode prejudicar seu desempenho, resultando em respostas vagas ou pouco convincentes.<\/p>\n<p style=\"text-align: justify;\">Outro ponto cr\u00edtico pode ser a confian\u00e7a e a comunica\u00e7\u00e3o. Nervosismo excessivo pode fazer com que voc\u00ea transmita inseguran\u00e7a, ou at\u00e9 mesmo leve a erros simples.<\/p>\n<p style=\"text-align: justify;\">A linguagem corporal tamb\u00e9m desempenha um papel importante; posturas defensivas ou pouco envolvidas podem deixar uma impress\u00e3o negativa. A forma como voc\u00ea se expressa, seja usando um tom mon\u00f3tono ou n\u00e3o demonstrando entusiasmo, pode fazer a diferen\u00e7a.<\/p>\n<p style=\"text-align: justify;\">H\u00e1 tamb\u00e9m fatores externos que podem influenciar. O mercado de trabalho pode estar saturado, com muitos candidatos competentes competindo por uma \u00fanica vaga. Nesse caso, pode ser que outro candidato tenha uma experi\u00eancia ou perfil mais alinhado ao que a empresa procura naquele momento.<\/p>\n<p style=\"text-align: justify;\">A cultura da empresa tamb\u00e9m pode ser um fator: mesmo sendo qualificado, voc\u00ea pode n\u00e3o ter encaixado no perfil cultural que a organiza\u00e7\u00e3o valoriza.<\/p>\n<p style=\"text-align: justify;\">Por fim, \u00e9 poss\u00edvel que o feedback da entrevista n\u00e3o tenha sido claro, dificultando a identifica\u00e7\u00e3o das \u00e1reas onde voc\u00ea pode melhorar. Por isso, buscar entender o que deu errado e pedir feedback ao entrevistador pode ser essencial para se preparar melhor para futuras oportunidades.<\/p>\n<p style=\"text-align: justify;\">Cada entrevista \u00e9 uma oportunidade de aprendizado. Ao refletir sobre o que poderia ter sido feito de forma diferente, voc\u00ea se torna mais preparado e confiante para os pr\u00f3ximos desafios, aumentando suas chances de sucesso.<\/p>\n<p>Refer\u00eancias texto e imagem:<\/p>\n<p>Texto autoral<\/p>\n<p style=\"text-align: justify;\">Imagem: https:\/\/www.hubspot.com\/hs-fs\/hubfs\/media\/entrevistadeemprego.jpeg?width=893&amp;height=600&amp;name=entrevistadeemprego.jpeg<\/p>\n<p>&nbsp;<\/p>\n<p>Por Andr\u00e9a Alvarenga<\/p>\n<p>Consultoria, Assessoria e Auditoria de RH<\/p>\n<p>&nbsp;<\/p>\n","protected":false},"excerpt":{"rendered":"<p>&nbsp; Por Andr\u00e9a Alvarenga N\u00e3o conseguir passar em uma entrevista de emprego pode ser frustrante, mas \u00e9 importante entender que v\u00e1rias raz\u00f5es podem estar envolvidas, e nem todas refletem a sua compet\u00eancia ou capacidade. Muitas vezes, a prepara\u00e7\u00e3o inadequada \u00e9 um fator significativo. Se voc\u00ea n\u00e3o pesquisou o suficiente sobre a empresa ou o cargo, [&hellip;]<\/p>\n","protected":false},"author":1,"featured_media":38518,"comment_status":"open","ping_status":"open","sticky":false,"template":"","format":"standard","meta":{"ngg_post_thumbnail":0,"footnotes":""},"categories":[2,154,41],"tags":[],"class_list":["post-38517","post","type-post","status-publish","format-standard","has-post-thumbnail","hentry","category-destaques","category-mercado-de-trabalho","category-ultimasnoticias"],"_links":{"self":[{"href":"https:\/\/somdepapo.com.br\/portal\/wp-json\/wp\/v2\/posts\/38517","targetHints":{"allow":["GET"]}}],"collection":[{"href":"https:\/\/somdepapo.com.br\/portal\/wp-json\/wp\/v2\/posts"}],"about":[{"href":"https:\/\/somdepapo.com.br\/portal\/wp-json\/wp\/v2\/types\/post"}],"author":[{"embeddable":true,"href":"https:\/\/somdepapo.com.br\/portal\/wp-json\/wp\/v2\/users\/1"}],"replies":[{"embeddable":true,"href":"https:\/\/somdepapo.com.br\/portal\/wp-json\/wp\/v2\/comments?post=38517"}],"version-history":[{"count":1,"href":"https:\/\/somdepapo.com.br\/portal\/wp-json\/wp\/v2\/posts\/38517\/revisions"}],"predecessor-version":[{"id":38519,"href":"https:\/\/somdepapo.com.br\/portal\/wp-json\/wp\/v2\/posts\/38517\/revisions\/38519"}],"wp:featuredmedia":[{"embeddable":true,"href":"https:\/\/somdepapo.com.br\/portal\/wp-json\/wp\/v2\/media\/38518"}],"wp:attachment":[{"href":"https:\/\/somdepapo.com.br\/portal\/wp-json\/wp\/v2\/media?parent=38517"}],"wp:term":[{"taxonomy":"category","embeddable":true,"href":"https:\/\/somdepapo.com.br\/portal\/wp-json\/wp\/v2\/categories?post=38517"},{"taxonomy":"post_tag","embeddable":true,"href":"https:\/\/somdepapo.com.br\/portal\/wp-json\/wp\/v2\/tags?post=38517"}],"curies":[{"name":"wp","href":"https:\/\/api.w.org\/{rel}","templated":true}]}}