{"id":38785,"date":"2024-09-05T10:24:24","date_gmt":"2024-09-05T13:24:24","guid":{"rendered":"https:\/\/somdepapo.com.br\/portal\/?p=38785"},"modified":"2024-09-05T10:24:24","modified_gmt":"2024-09-05T13:24:24","slug":"mercado-de-arte-na-praia-do-flamengo","status":"publish","type":"post","link":"https:\/\/somdepapo.com.br\/portal\/mercado-de-arte-na-praia-do-flamengo\/","title":{"rendered":"Mercado de Arte na Praia do Flamengo"},"content":{"rendered":"<p style=\"text-align: right;\">Por Reda\u00e7\u00e3o&nbsp;<\/p>\n<p>&nbsp;<\/p>\n<p>&nbsp;<\/p>\n<p style=\"text-align: justify;\">Praia do Flamengo recebe a quarta edi\u00e7\u00e3o do Mercado de Arte no s\u00e1bado dia 07 de Setembro.<\/p>\n<p style=\"text-align: justify;\">Evento re\u00fane artesanato, gastronomia, moda e m\u00fasica em um dos locais mais bonitos de Salvador.<\/p>\n<p><img fetchpriority=\"high\" decoding=\"async\" class=\"alignnone size-full wp-image-38788\" src=\"https:\/\/somdepapo.com.br\/portal\/wp-content\/uploads\/2024\/09\/WhatsApp-Image-2024-09-04-at-15.07.49.jpeg\" alt=\"\" width=\"1280\" height=\"1238\" srcset=\"https:\/\/somdepapo.com.br\/portal\/wp-content\/uploads\/2024\/09\/WhatsApp-Image-2024-09-04-at-15.07.49.jpeg 1280w, https:\/\/somdepapo.com.br\/portal\/wp-content\/uploads\/2024\/09\/WhatsApp-Image-2024-09-04-at-15.07.49-300x290.jpeg 300w, https:\/\/somdepapo.com.br\/portal\/wp-content\/uploads\/2024\/09\/WhatsApp-Image-2024-09-04-at-15.07.49-1024x990.jpeg 1024w, https:\/\/somdepapo.com.br\/portal\/wp-content\/uploads\/2024\/09\/WhatsApp-Image-2024-09-04-at-15.07.49-768x743.jpeg 768w, https:\/\/somdepapo.com.br\/portal\/wp-content\/uploads\/2024\/09\/WhatsApp-Image-2024-09-04-at-15.07.49-150x145.jpeg 150w, https:\/\/somdepapo.com.br\/portal\/wp-content\/uploads\/2024\/09\/WhatsApp-Image-2024-09-04-at-15.07.49-750x725.jpeg 750w, https:\/\/somdepapo.com.br\/portal\/wp-content\/uploads\/2024\/09\/WhatsApp-Image-2024-09-04-at-15.07.49-1140x1103.jpeg 1140w\" sizes=\"(max-width: 1280px) 100vw, 1280px\" \/><\/p>\n<p style=\"text-align: justify;\">Reunir a fam\u00edlia para uma tarde de lazer, cultura e movimentar o empreendedorismo e a economia local, \u00e9 o prop\u00f3sito do Mercado de Arte, evento que acontece no s\u00e1bado, 7 de Setembro, na Praia do Flamengo, em Salvador. A quarta edi\u00e7\u00e3o da feira come\u00e7a \u00e0s 07:30 com aula de Yoga na praia e segue para beira da lagoa com aul\u00e3o de dan\u00e7a do core\u00f3grafo Tom Moreno e o torneio de Futv\u00f4lei Mercado de Arte organizado pela Federa\u00e7\u00e3o Baiana de Futv\u00f4lei (FBFv) e a partir das 16:20h conta com seus mais de 20 expositores locais, entre eles, artes\u00e3os com suas obras em macram\u00ea, croch\u00ea, aquarela, design de moda, cozinheiros com seus pratos deliciosos, alguns veganos e todos autorais, crian\u00e7as empreendedoras, al\u00e9m de acess\u00f3rios, semi j\u00f3ias, \u00f3leos essenciais, moda e decora\u00e7\u00e3o em geral com atra\u00e7\u00f5es musicais! O evento acontece no final da Rua Hamilton Drumond Frank.<\/p>\n<p><img decoding=\"async\" class=\"alignnone size-full wp-image-38787\" src=\"https:\/\/somdepapo.com.br\/portal\/wp-content\/uploads\/2024\/09\/WhatsApp-Image-2024-09-04-at-15.07.49-9.jpeg\" alt=\"\" width=\"796\" height=\"1280\" srcset=\"https:\/\/somdepapo.com.br\/portal\/wp-content\/uploads\/2024\/09\/WhatsApp-Image-2024-09-04-at-15.07.49-9.jpeg 796w, https:\/\/somdepapo.com.br\/portal\/wp-content\/uploads\/2024\/09\/WhatsApp-Image-2024-09-04-at-15.07.49-9-187x300.jpeg 187w, https:\/\/somdepapo.com.br\/portal\/wp-content\/uploads\/2024\/09\/WhatsApp-Image-2024-09-04-at-15.07.49-9-637x1024.jpeg 637w, https:\/\/somdepapo.com.br\/portal\/wp-content\/uploads\/2024\/09\/WhatsApp-Image-2024-09-04-at-15.07.49-9-768x1235.jpeg 768w, https:\/\/somdepapo.com.br\/portal\/wp-content\/uploads\/2024\/09\/WhatsApp-Image-2024-09-04-at-15.07.49-9-150x241.jpeg 150w, https:\/\/somdepapo.com.br\/portal\/wp-content\/uploads\/2024\/09\/WhatsApp-Image-2024-09-04-at-15.07.49-9-750x1206.jpeg 750w\" sizes=\"(max-width: 796px) 100vw, 796px\" \/><\/p>\n<p style=\"text-align: justify;\">A iniciativa sem fins lucrativos foi criada pela empres\u00e1ria Karine Wasnieski \u201cO Mercado de Arte \u00e9 criativo, cultural e multiplataforma. Queremos fomentar a conex\u00e3o e o aprendizado entre expositores e visitantes. Nosso projeto vai al\u00e9m, nos preocupamos com ESG, utilizamos m\u00f3veis sustent\u00e1veis, explicamos sobre energia solar e estimulamos o empreendedorismo de crian\u00e7as, m\u00e3es solo e principalmente mulheres artistas ainda em in\u00edcio de carreira que n\u00e3o tinham onde expor sua arte. O futuro \u00e9 colaborativo e al\u00e9m de que quando ocupamos a rua, afastamos a viol\u00eancia, \u00e9 nisso que acreditamos\u201d, conta Karine. A curadoria do Mercado de Arte fica a cargo da Arquiteta e Artista Pl\u00e1stica Amanda Leite \u201cSomos feitos de gente para gente. Aqui o p\u00fablico vai encontrar artistas diversos, itens de moda, esporte, gastronomia, m\u00fasica e acess\u00f3rios. Mesclamos e selecionamos a dedo para atender todos os p\u00fablicos e dar aos nossos vizinhos uma op\u00e7\u00e3o de lazer cada vez mais plural a cada edi\u00e7\u00e3o\u201d, pontua Amanda. O Mercado de Arte conta ainda com o apoio de Jairo Filho, s\u00f3cio &#8211; propriet\u00e1rio do NaLaje Hamburgueria onde acontece o evento, F\u00e1bio Marreco, s\u00f3cio &#8211; propriet\u00e1rio da Recco Produ\u00e7\u00f5es Sustent\u00e1veis respons\u00e1vel por todo o mobili\u00e1rio e estruturas que decoram o local e da Escola Sulamericana.<\/p>\n<p>&nbsp;<\/p>\n<p>&nbsp;<\/p>\n<p style=\"text-align: justify;\">O Evento ocorre mensalmente, geralmente no primeiro s\u00e1bado de cada m\u00eas e sempre no mesmo local, uma alternativa de lazer para moradores, visitantes e turistas que frequentam a Praia do Flamengo e arredores. Acompanhem pelo @mercadodeartepf, vale conhecer!<\/p>\n<p>&nbsp;<\/p>\n<p>&nbsp;<\/p>\n","protected":false},"excerpt":{"rendered":"<p>Por Reda\u00e7\u00e3o&nbsp; &nbsp; &nbsp; Praia do Flamengo recebe a quarta edi\u00e7\u00e3o do Mercado de Arte no s\u00e1bado dia 07 de Setembro. Evento re\u00fane artesanato, gastronomia, moda e m\u00fasica em um dos locais mais bonitos de Salvador. Reunir a fam\u00edlia para uma tarde de lazer, cultura e movimentar o empreendedorismo e a economia local, \u00e9 o [&hellip;]<\/p>\n","protected":false},"author":1,"featured_media":38786,"comment_status":"open","ping_status":"open","sticky":false,"template":"","format":"standard","meta":{"ngg_post_thumbnail":0,"footnotes":""},"categories":[14,2,41],"tags":[],"class_list":["post-38785","post","type-post","status-publish","format-standard","has-post-thumbnail","hentry","category-arte-e-literatura","category-destaques","category-ultimasnoticias"],"_links":{"self":[{"href":"https:\/\/somdepapo.com.br\/portal\/wp-json\/wp\/v2\/posts\/38785","targetHints":{"allow":["GET"]}}],"collection":[{"href":"https:\/\/somdepapo.com.br\/portal\/wp-json\/wp\/v2\/posts"}],"about":[{"href":"https:\/\/somdepapo.com.br\/portal\/wp-json\/wp\/v2\/types\/post"}],"author":[{"embeddable":true,"href":"https:\/\/somdepapo.com.br\/portal\/wp-json\/wp\/v2\/users\/1"}],"replies":[{"embeddable":true,"href":"https:\/\/somdepapo.com.br\/portal\/wp-json\/wp\/v2\/comments?post=38785"}],"version-history":[{"count":1,"href":"https:\/\/somdepapo.com.br\/portal\/wp-json\/wp\/v2\/posts\/38785\/revisions"}],"predecessor-version":[{"id":38789,"href":"https:\/\/somdepapo.com.br\/portal\/wp-json\/wp\/v2\/posts\/38785\/revisions\/38789"}],"wp:featuredmedia":[{"embeddable":true,"href":"https:\/\/somdepapo.com.br\/portal\/wp-json\/wp\/v2\/media\/38786"}],"wp:attachment":[{"href":"https:\/\/somdepapo.com.br\/portal\/wp-json\/wp\/v2\/media?parent=38785"}],"wp:term":[{"taxonomy":"category","embeddable":true,"href":"https:\/\/somdepapo.com.br\/portal\/wp-json\/wp\/v2\/categories?post=38785"},{"taxonomy":"post_tag","embeddable":true,"href":"https:\/\/somdepapo.com.br\/portal\/wp-json\/wp\/v2\/tags?post=38785"}],"curies":[{"name":"wp","href":"https:\/\/api.w.org\/{rel}","templated":true}]}}