{"id":38848,"date":"2024-09-10T17:05:13","date_gmt":"2024-09-10T20:05:13","guid":{"rendered":"https:\/\/somdepapo.com.br\/portal\/?p=38848"},"modified":"2024-09-10T17:08:10","modified_gmt":"2024-09-10T20:08:10","slug":"todo-dia-o-silencio-do-mundo-repousa-em-mim","status":"publish","type":"post","link":"https:\/\/somdepapo.com.br\/portal\/todo-dia-o-silencio-do-mundo-repousa-em-mim\/","title":{"rendered":"Todo dia o sil\u00eancio do mundo repousa em mim"},"content":{"rendered":"<p style=\"text-align: right;\">Por Reda\u00e7\u00e3o&nbsp;<\/p>\n<p style=\"text-align: justify;\">Vitor Andrade re\u00fane poesias em livro de estreia \u201cTodo dia o sil\u00eancio do mundo repousa em mim\u201d<\/p>\n<p style=\"text-align: justify;\">T\u00edtulo \u00e9 uma publica\u00e7\u00e3o da cole\u00e7\u00e3o \u201cCartas Bahianas\u201d, da P55 Edi\u00e7\u00e3o.<\/p>\n<p style=\"text-align: justify;\">Autor finalista no Festival de Poesia de Lisboa em 2023 e com publica\u00e7\u00f5es em antologias nacionais e internacionais, Vitor Andrade lan\u00e7a, neste s\u00e1bado (14), Todo dia o sil\u00eancio do mundo repousa em mim, pela cole\u00e7\u00e3o Cartas Bahianas, da P55 Edi\u00e7\u00e3o. O primeiro livro autoral do jornalista e poeta marca sua estreia na literatura, reunindo as poesias que ele tem escrito nos \u00faltimos anos. O evento de lan\u00e7amento acontece a partir das 15h na Cervejaria ArtMalte (Rua Feira de Santana, 354 \u2013 Rio Vermelho), quando tamb\u00e9m ser\u00e1 lan\u00e7ado Mensagens de amor futuro, de Saulo Dourado, pelo mesmo selo.<\/p>\n<p>&nbsp;<\/p>\n<p><img fetchpriority=\"high\" decoding=\"async\" class=\"alignnone size-full wp-image-38849\" src=\"https:\/\/somdepapo.com.br\/portal\/wp-content\/uploads\/2024\/09\/Vitor-Andrade-foto-por-Amanda-Tropicana-scaled.jpg\" alt=\"\" width=\"2560\" height=\"1707\" srcset=\"https:\/\/somdepapo.com.br\/portal\/wp-content\/uploads\/2024\/09\/Vitor-Andrade-foto-por-Amanda-Tropicana-scaled.jpg 2560w, https:\/\/somdepapo.com.br\/portal\/wp-content\/uploads\/2024\/09\/Vitor-Andrade-foto-por-Amanda-Tropicana-300x200.jpg 300w, https:\/\/somdepapo.com.br\/portal\/wp-content\/uploads\/2024\/09\/Vitor-Andrade-foto-por-Amanda-Tropicana-1024x683.jpg 1024w, https:\/\/somdepapo.com.br\/portal\/wp-content\/uploads\/2024\/09\/Vitor-Andrade-foto-por-Amanda-Tropicana-768x512.jpg 768w, https:\/\/somdepapo.com.br\/portal\/wp-content\/uploads\/2024\/09\/Vitor-Andrade-foto-por-Amanda-Tropicana-1536x1024.jpg 1536w, https:\/\/somdepapo.com.br\/portal\/wp-content\/uploads\/2024\/09\/Vitor-Andrade-foto-por-Amanda-Tropicana-2048x1365.jpg 2048w, https:\/\/somdepapo.com.br\/portal\/wp-content\/uploads\/2024\/09\/Vitor-Andrade-foto-por-Amanda-Tropicana-150x100.jpg 150w, https:\/\/somdepapo.com.br\/portal\/wp-content\/uploads\/2024\/09\/Vitor-Andrade-foto-por-Amanda-Tropicana-750x500.jpg 750w, https:\/\/somdepapo.com.br\/portal\/wp-content\/uploads\/2024\/09\/Vitor-Andrade-foto-por-Amanda-Tropicana-1140x760.jpg 1140w\" sizes=\"(max-width: 2560px) 100vw, 2560px\" \/><\/p>\n<p style=\"text-align: justify;\">O livro nasce do amadurecimento e desejo do autor de reafirmar e organizar essa produ\u00e7\u00e3o, que tem um fio condutor que une todos os poemas: as paix\u00f5es que o movem. Tudo o que est\u00e1 nele \u00e9 reflexo e\/ou retrato de algo vivido pelo autor que se tornou poesia. \u201c\u00c9 um livro que fala mais que silencia. Mas no processo criativo, falar s\u00f3 \u00e9 poss\u00edvel quando h\u00e1 aquieta\u00e7\u00e3o, nesse momento em que o sil\u00eancio do mundo repousa em mim. Esse livro existe por causa desses sil\u00eancios\u201d, afirma.<\/p>\n<p style=\"text-align: justify;\">A primeira apresenta\u00e7\u00e3o de Todo dia o sil\u00eancio do mundo repousa em mim aconteceu na edi\u00e7\u00e3o da FLIPEL\u00d4 deste ano, quando o autor participou de uma mesa da P55 Edi\u00e7\u00e3o na festa liter\u00e1ria, com media\u00e7\u00e3o de Andr\u00e9 Portugal e participa\u00e7\u00f5es de Saulo Dourado e K\u00e1tia Borges. J\u00e1 em setembro de 2023, Vitor foi finalista do concurso promovido pelo Festival de Poesia de Lisboa, concorrendo com o poema \u201cTravessia\u201d, que integra a antologia A vida \u00e9 mais tempo alegre do que triste, lan\u00e7ado pelo festival. Ele \u00e9 autor presente tamb\u00e9m nas antologias nacionais Poesia Livre 2023 e Poesia Agora.<\/p>\n<p style=\"text-align: justify;\">Sobre a Cole\u00e7\u00e3o Cartas Bahianas e a P55 Edi\u00e7\u00e3o<\/p>\n<p style=\"text-align: justify;\">Com a publica\u00e7\u00e3o desses novos t\u00edtulos, a P55 Edi\u00e7\u00e3o prossegue o trabalho que vem realizando, desde janeiro de 2009 na promo\u00e7\u00e3o da literatura contempor\u00e2nea da Bahia com a edi\u00e7\u00e3o da cole\u00e7\u00e3o Cartas Bahianas, que passa agora a ter 52 t\u00edtulos publicados. Sob a coordena\u00e7\u00e3o de Andr\u00e9 Portugal e Marcelo Portugal, a P55 \u00e9 uma editora baiana independente que, desde 2002, realiza projetos culturais diversos, tendo publicado centenas de livros pr\u00f3prios, com foco nos segmentos de arte, fotografia, literatura e mem\u00f3ria.&nbsp;<\/p>\n<p>SERVI\u00c7O<\/p>\n<p style=\"text-align: justify;\">Lan\u00e7amento dos livros Mensagem de amor futuro, de Saulo Dourado, e Todo dia o sil\u00eancio do mundo repousa em mim, de Vitor Andrade&nbsp;<\/p>\n<p>Data: 14\/09\/2024 \u2013 s\u00e1bado<\/p>\n<p style=\"text-align: justify;\">Local: Cervejaria ArtMalte \u2013 Rua Feira de Santana, n. 354, Rio Vermelho, Salvador (BA)<\/p>\n<p>Hor\u00e1rio: a partir das 15h<\/p>\n<p>&nbsp;<\/p>\n","protected":false},"excerpt":{"rendered":"<p>Por Reda\u00e7\u00e3o&nbsp; Vitor Andrade re\u00fane poesias em livro de estreia \u201cTodo dia o sil\u00eancio do mundo repousa em mim\u201d T\u00edtulo \u00e9 uma publica\u00e7\u00e3o da cole\u00e7\u00e3o \u201cCartas Bahianas\u201d, da P55 Edi\u00e7\u00e3o. Autor finalista no Festival de Poesia de Lisboa em 2023 e com publica\u00e7\u00f5es em antologias nacionais e internacionais, Vitor Andrade lan\u00e7a, neste s\u00e1bado (14), Todo [&hellip;]<\/p>\n","protected":false},"author":1,"featured_media":38850,"comment_status":"open","ping_status":"open","sticky":false,"template":"","format":"standard","meta":{"ngg_post_thumbnail":0,"footnotes":""},"categories":[14,2,41],"tags":[],"class_list":["post-38848","post","type-post","status-publish","format-standard","has-post-thumbnail","hentry","category-arte-e-literatura","category-destaques","category-ultimasnoticias"],"_links":{"self":[{"href":"https:\/\/somdepapo.com.br\/portal\/wp-json\/wp\/v2\/posts\/38848","targetHints":{"allow":["GET"]}}],"collection":[{"href":"https:\/\/somdepapo.com.br\/portal\/wp-json\/wp\/v2\/posts"}],"about":[{"href":"https:\/\/somdepapo.com.br\/portal\/wp-json\/wp\/v2\/types\/post"}],"author":[{"embeddable":true,"href":"https:\/\/somdepapo.com.br\/portal\/wp-json\/wp\/v2\/users\/1"}],"replies":[{"embeddable":true,"href":"https:\/\/somdepapo.com.br\/portal\/wp-json\/wp\/v2\/comments?post=38848"}],"version-history":[{"count":1,"href":"https:\/\/somdepapo.com.br\/portal\/wp-json\/wp\/v2\/posts\/38848\/revisions"}],"predecessor-version":[{"id":38851,"href":"https:\/\/somdepapo.com.br\/portal\/wp-json\/wp\/v2\/posts\/38848\/revisions\/38851"}],"wp:featuredmedia":[{"embeddable":true,"href":"https:\/\/somdepapo.com.br\/portal\/wp-json\/wp\/v2\/media\/38850"}],"wp:attachment":[{"href":"https:\/\/somdepapo.com.br\/portal\/wp-json\/wp\/v2\/media?parent=38848"}],"wp:term":[{"taxonomy":"category","embeddable":true,"href":"https:\/\/somdepapo.com.br\/portal\/wp-json\/wp\/v2\/categories?post=38848"},{"taxonomy":"post_tag","embeddable":true,"href":"https:\/\/somdepapo.com.br\/portal\/wp-json\/wp\/v2\/tags?post=38848"}],"curies":[{"name":"wp","href":"https:\/\/api.w.org\/{rel}","templated":true}]}}