{"id":38949,"date":"2024-09-15T12:40:51","date_gmt":"2024-09-15T15:40:51","guid":{"rendered":"https:\/\/somdepapo.com.br\/portal\/?p=38949"},"modified":"2024-09-15T12:41:13","modified_gmt":"2024-09-15T15:41:13","slug":"o-espelho-para-a-filha-reflexo-de-quem-somos-e-do-que-podemos-ser","status":"publish","type":"post","link":"https:\/\/somdepapo.com.br\/portal\/o-espelho-para-a-filha-reflexo-de-quem-somos-e-do-que-podemos-ser\/","title":{"rendered":"O espelho para a filha: reflexo de quem somos e do que podemos ser"},"content":{"rendered":"<p style=\"text-align: right;\">Por Marize Reges<\/p>\n<p style=\"text-align: justify;\">Desde cedo, muitas meninas crescem observando as mulheres \u00e0 sua volta, especialmente as m\u00e3es, como seus primeiros exemplos. Elas absorvem gestos, comportamentos e at\u00e9 inseguran\u00e7as, moldando sua pr\u00f3pria vis\u00e3o de si mesmas e do mundo. Por isso, ser um espelho para uma filha \u00e9 mais do que apenas um papel; \u00e9 uma responsabilidade<\/p>\n<p style=\"text-align: justify;\">Ser m\u00e3e ou uma figura feminina de refer\u00eancia n\u00e3o significa ser perfeita, mas sim aut\u00eantica. Mostrar para sua filha que \u00e9 poss\u00edvel ser forte, enfrentar desafios e ainda assim aceitar vulnerabilidades \u00e9 uma das li\u00e7\u00f5es mais importantes. Ao se olhar no espelho, sua filha ver\u00e1 n\u00e3o s\u00f3 sua for\u00e7a, mas tamb\u00e9m a coragem de ser humana. Ensinar a ela que se permitir falhar e aprender \u00e9 uma forma de autoconhecimento e crescimento.<\/p>\n<p style=\"text-align: justify;\">No mundo atual, muitas meninas crescem com uma press\u00e3o imensa sobre a apar\u00eancia f\u00edsica. Mostrar a elas que o espelho n\u00e3o deve refletir apenas a beleza exterior, mas tamb\u00e9m o car\u00e1ter, a bondade e a intelig\u00eancia \u00e9 fundamental. O reflexo que elas buscam precisa estar muito al\u00e9m da superf\u00edcie. Esse \u00e9 o verdadeiro legado que uma mulher pode deixar para sua filha.<\/p>\n<p style=\"text-align: justify;\">Atrav\u00e9s de nossas a\u00e7\u00f5es e escolhas, tamb\u00e9m ensinamos a import\u00e2ncia da autonomia. Ser um espelho n\u00e3o significa apenas que sua filha ir\u00e1 seguir seus passos, mas que, ao observar seu caminho, ela se sentir\u00e1 encorajada a trilhar o pr\u00f3prio. Mostrar que \u00e9 poss\u00edvel ser independente, tomar decis\u00f5es e ainda assim pedir ajuda quando necess\u00e1rio, \u00e9 a melhor maneira de inspirar futuras mulheres a liderarem suas pr\u00f3prias jornadas.<\/p>\n<p style=\"text-align: justify;\">Ser um espelho para a filha \u00e9, acima de tudo, ser um reflexo honesto e positivo de tudo o que somos e de tudo o que podemos ser. Quando olhamos para nossas filhas, n\u00e3o vemos apenas o presente, mas uma promessa do futuro. E, assim, o espelho reflete n\u00e3o s\u00f3 quem somos, mas o que podemos ensinar e deixar como legado.<\/p>\n<p style=\"text-align: justify;\">Marize Ribeiro Reges<\/p>\n<p style=\"text-align: justify;\">@marizerreges<\/p>\n<p style=\"text-align: justify;\">&nbsp;<\/p>\n<p>&nbsp;<\/p>\n<p>&nbsp;<\/p>\n<p>&nbsp;<\/p>\n<p>&nbsp;<\/p>\n<p>&nbsp;<\/p>\n<p>&nbsp;<\/p>\n<p>&nbsp;<\/p>\n<p>&nbsp;<\/p>\n<p>&nbsp;<\/p>\n","protected":false},"excerpt":{"rendered":"<p>Por Marize Reges Desde cedo, muitas meninas crescem observando as mulheres \u00e0 sua volta, especialmente as m\u00e3es, como seus primeiros exemplos. Elas absorvem gestos, comportamentos e at\u00e9 inseguran\u00e7as, moldando sua pr\u00f3pria vis\u00e3o de si mesmas e do mundo. Por isso, ser um espelho para uma filha \u00e9 mais do que apenas um papel; \u00e9 uma [&hellip;]<\/p>\n","protected":false},"author":1,"featured_media":38950,"comment_status":"open","ping_status":"open","sticky":false,"template":"","format":"standard","meta":{"ngg_post_thumbnail":0,"footnotes":""},"categories":[2,275,41],"tags":[],"class_list":["post-38949","post","type-post","status-publish","format-standard","has-post-thumbnail","hentry","category-destaques","category-mulher","category-ultimasnoticias"],"_links":{"self":[{"href":"https:\/\/somdepapo.com.br\/portal\/wp-json\/wp\/v2\/posts\/38949","targetHints":{"allow":["GET"]}}],"collection":[{"href":"https:\/\/somdepapo.com.br\/portal\/wp-json\/wp\/v2\/posts"}],"about":[{"href":"https:\/\/somdepapo.com.br\/portal\/wp-json\/wp\/v2\/types\/post"}],"author":[{"embeddable":true,"href":"https:\/\/somdepapo.com.br\/portal\/wp-json\/wp\/v2\/users\/1"}],"replies":[{"embeddable":true,"href":"https:\/\/somdepapo.com.br\/portal\/wp-json\/wp\/v2\/comments?post=38949"}],"version-history":[{"count":1,"href":"https:\/\/somdepapo.com.br\/portal\/wp-json\/wp\/v2\/posts\/38949\/revisions"}],"predecessor-version":[{"id":38951,"href":"https:\/\/somdepapo.com.br\/portal\/wp-json\/wp\/v2\/posts\/38949\/revisions\/38951"}],"wp:featuredmedia":[{"embeddable":true,"href":"https:\/\/somdepapo.com.br\/portal\/wp-json\/wp\/v2\/media\/38950"}],"wp:attachment":[{"href":"https:\/\/somdepapo.com.br\/portal\/wp-json\/wp\/v2\/media?parent=38949"}],"wp:term":[{"taxonomy":"category","embeddable":true,"href":"https:\/\/somdepapo.com.br\/portal\/wp-json\/wp\/v2\/categories?post=38949"},{"taxonomy":"post_tag","embeddable":true,"href":"https:\/\/somdepapo.com.br\/portal\/wp-json\/wp\/v2\/tags?post=38949"}],"curies":[{"name":"wp","href":"https:\/\/api.w.org\/{rel}","templated":true}]}}