{"id":39055,"date":"2024-09-24T10:41:28","date_gmt":"2024-09-24T13:41:28","guid":{"rendered":"https:\/\/somdepapo.com.br\/portal\/?p=39055"},"modified":"2024-09-24T10:41:28","modified_gmt":"2024-09-24T13:41:28","slug":"loucura-nao-coragem","status":"publish","type":"post","link":"https:\/\/somdepapo.com.br\/portal\/loucura-nao-coragem\/","title":{"rendered":"Loucura, n\u00e3o. Coragem!"},"content":{"rendered":"<p style=\"text-align: right;\">Por Reda\u00e7\u00e3o&nbsp;<\/p>\n<p style=\"text-align: justify;\">&nbsp;<\/p>\n<p style=\"text-align: justify;\">&#8220;Loucura, n\u00e3o. Coragem!&#8221; de Nelson Wilians chega \u00e0s livrarias brasileiras. O livro destaca a diferen\u00e7a entre a pr\u00e1tica da advocacia e as exig\u00eancias do mercado.<\/p>\n<p style=\"text-align: justify;\">O livro &#8220;Loucura, n\u00e3o. Coragem!&#8221;, do advogado Nelson Wilians, j\u00e1 est\u00e1 dispon\u00edvel nas principais livrarias do pa\u00eds. O livro oferece aos jovens profissionais uma nova vis\u00e3o sobre o papel da Comunica\u00e7\u00e3o e do Marketing em suas carreiras, sem ser um manual t\u00e9cnico.<\/p>\n<p style=\"text-align: justify;\">Baseado na trajet\u00f3ria e nas influ\u00eancias de Wilians, incluindo o super-her\u00f3i O Demolidor, o livro compartilha experi\u00eancias pr\u00e1ticas que podem mudar a forma como os rec\u00e9m-formados se posicionam no mercado de trabalho. A obra explora os desafios enfrentados pelos jovens e fornece ferramentas para evitar que se tornem uma \u201cgera\u00e7\u00e3o de fracassados\u201d.<\/p>\n<p style=\"text-align: justify;\">&nbsp;<\/p>\n<p style=\"text-align: justify;\">\u201cLoucura, n\u00e3o. Coragem!\u201d n\u00e3o \u00e9 uma biografia, mas um relato da trajet\u00f3ria de Nelson Wilians, com li\u00e7\u00f5es valiosas para estudantes e jovens profissionais.<\/p>\n<p style=\"text-align: justify;\">Com coautoria de Hiram Baroli, professor de marketing da FGV, a obra explora o uso das m\u00eddias sociais como ferramenta estrat\u00e9gica. O pref\u00e1cio \u00e9 assinado por Nizan Guanaes, um dos maiores nomes da publicidade brasileira, que refor\u00e7a a abordagem pr\u00e1tica e conceitual do livro.<\/p>\n<p><img fetchpriority=\"high\" decoding=\"async\" class=\"alignnone size-full wp-image-39057\" src=\"https:\/\/somdepapo.com.br\/portal\/wp-content\/uploads\/2024\/09\/Nelson-Wilians-Foto-Divulgacao-NWADV-03.jpeg\" alt=\"\" width=\"1040\" height=\"695\" srcset=\"https:\/\/somdepapo.com.br\/portal\/wp-content\/uploads\/2024\/09\/Nelson-Wilians-Foto-Divulgacao-NWADV-03.jpeg 1040w, https:\/\/somdepapo.com.br\/portal\/wp-content\/uploads\/2024\/09\/Nelson-Wilians-Foto-Divulgacao-NWADV-03-300x200.jpeg 300w, https:\/\/somdepapo.com.br\/portal\/wp-content\/uploads\/2024\/09\/Nelson-Wilians-Foto-Divulgacao-NWADV-03-1024x684.jpeg 1024w, https:\/\/somdepapo.com.br\/portal\/wp-content\/uploads\/2024\/09\/Nelson-Wilians-Foto-Divulgacao-NWADV-03-768x513.jpeg 768w, https:\/\/somdepapo.com.br\/portal\/wp-content\/uploads\/2024\/09\/Nelson-Wilians-Foto-Divulgacao-NWADV-03-150x100.jpeg 150w, https:\/\/somdepapo.com.br\/portal\/wp-content\/uploads\/2024\/09\/Nelson-Wilians-Foto-Divulgacao-NWADV-03-750x501.jpeg 750w\" sizes=\"(max-width: 1040px) 100vw, 1040px\" \/><\/p>\n<p style=\"text-align: justify;\">\u201cA combina\u00e7\u00e3o de pr\u00e1tica e conceito oferece um conhecimento aplic\u00e1vel e transforma ideias em resultados concretos\u201d, afirma Nelson Wilians. \u201cEstou satisfeito com o resultado da obra\u201d.<\/p>\n<p style=\"text-align: justify;\">Publicado pela Literare Books International, \u201cLoucura, n\u00e3o. Coragem!\u201d tem 344 p\u00e1ginas e foi apresentado na 27\u00aa Bienal Internacional do Livro de S\u00e3o Paulo. O lan\u00e7amento oficial ocorreu na \u00faltima quinta-feira (19), em S\u00e3o Paulo, na Livraria da Travessa do Shopping Iguatemi, seguido por uma turn\u00ea por diversas cidades do Brasil.<\/p>\n<p style=\"text-align: justify;\">&nbsp;<\/p>\n<p style=\"text-align: justify;\">Fotos:<\/p>\n<p style=\"text-align: justify;\">Nelson Wilians &#8211; Divulga\u00e7\u00e3o \/ NWADV<\/p>\n<p style=\"text-align: justify;\">Card &#8211; Ilustra\u00e7\u00e3o<\/p>\n<p style=\"text-align: justify;\">&nbsp;<\/p>\n<p style=\"text-align: justify;\">&nbsp;<\/p>\n<p style=\"text-align: justify;\">&#8212;<\/p>\n<p style=\"text-align: justify;\">________________________________<\/p>\n<p style=\"text-align: justify;\">Rafael Lemos<\/p>\n<p style=\"text-align: justify;\">Jornalista<\/p>\n<p style=\"text-align: justify;\">DRT &#8211; 5474\/BA<\/p>\n<p style=\"text-align: justify;\">(71) 98678-7787<\/p>\n<p style=\"text-align: justify;\">&nbsp;<\/p>\n<p style=\"text-align: justify;\">&nbsp;<\/p>\n","protected":false},"excerpt":{"rendered":"<p>Por Reda\u00e7\u00e3o&nbsp; &nbsp; &#8220;Loucura, n\u00e3o. Coragem!&#8221; de Nelson Wilians chega \u00e0s livrarias brasileiras. O livro destaca a diferen\u00e7a entre a pr\u00e1tica da advocacia e as exig\u00eancias do mercado. O livro &#8220;Loucura, n\u00e3o. Coragem!&#8221;, do advogado Nelson Wilians, j\u00e1 est\u00e1 dispon\u00edvel nas principais livrarias do pa\u00eds. O livro oferece aos jovens profissionais uma nova vis\u00e3o sobre [&hellip;]<\/p>\n","protected":false},"author":1,"featured_media":39056,"comment_status":"open","ping_status":"open","sticky":false,"template":"","format":"standard","meta":{"ngg_post_thumbnail":0,"footnotes":""},"categories":[14,2,41],"tags":[],"class_list":["post-39055","post","type-post","status-publish","format-standard","has-post-thumbnail","hentry","category-arte-e-literatura","category-destaques","category-ultimasnoticias"],"_links":{"self":[{"href":"https:\/\/somdepapo.com.br\/portal\/wp-json\/wp\/v2\/posts\/39055","targetHints":{"allow":["GET"]}}],"collection":[{"href":"https:\/\/somdepapo.com.br\/portal\/wp-json\/wp\/v2\/posts"}],"about":[{"href":"https:\/\/somdepapo.com.br\/portal\/wp-json\/wp\/v2\/types\/post"}],"author":[{"embeddable":true,"href":"https:\/\/somdepapo.com.br\/portal\/wp-json\/wp\/v2\/users\/1"}],"replies":[{"embeddable":true,"href":"https:\/\/somdepapo.com.br\/portal\/wp-json\/wp\/v2\/comments?post=39055"}],"version-history":[{"count":1,"href":"https:\/\/somdepapo.com.br\/portal\/wp-json\/wp\/v2\/posts\/39055\/revisions"}],"predecessor-version":[{"id":39059,"href":"https:\/\/somdepapo.com.br\/portal\/wp-json\/wp\/v2\/posts\/39055\/revisions\/39059"}],"wp:featuredmedia":[{"embeddable":true,"href":"https:\/\/somdepapo.com.br\/portal\/wp-json\/wp\/v2\/media\/39056"}],"wp:attachment":[{"href":"https:\/\/somdepapo.com.br\/portal\/wp-json\/wp\/v2\/media?parent=39055"}],"wp:term":[{"taxonomy":"category","embeddable":true,"href":"https:\/\/somdepapo.com.br\/portal\/wp-json\/wp\/v2\/categories?post=39055"},{"taxonomy":"post_tag","embeddable":true,"href":"https:\/\/somdepapo.com.br\/portal\/wp-json\/wp\/v2\/tags?post=39055"}],"curies":[{"name":"wp","href":"https:\/\/api.w.org\/{rel}","templated":true}]}}