{"id":39070,"date":"2024-09-24T16:05:15","date_gmt":"2024-09-24T19:05:15","guid":{"rendered":"https:\/\/somdepapo.com.br\/portal\/?p=39070"},"modified":"2024-09-24T16:05:15","modified_gmt":"2024-09-24T19:05:15","slug":"voce-sabe-elaborar-um-curriculo-atrativo","status":"publish","type":"post","link":"https:\/\/somdepapo.com.br\/portal\/voce-sabe-elaborar-um-curriculo-atrativo\/","title":{"rendered":"Voc\u00ea sabe elaborar um curr\u00edculo atrativo?"},"content":{"rendered":"<p style=\"text-align: right;\">Por Andr\u00e9a Alvarenga<\/p>\n<p style=\"text-align: right;\">Consultoria, Assessoria e Auditoria em RH<\/p>\n<p style=\"text-align: justify;\">O curr\u00edculo \u00e9 uma ferramenta essencial para apresentar suas qualifica\u00e7\u00f5es e experi\u00eancias ao mercado de trabalho. Ele deve ser claro, conciso e bem estruturado, destacando as informa\u00e7\u00f5es mais relevantes para a vaga pretendida. Um curr\u00edculo bem-feito aumenta as chances de conseguir uma entrevista e, consequentemente, um emprego.<\/p>\n<p style=\"text-align: justify;\">O curr\u00edculo geralmente \u00e9 dividido em se\u00e7\u00f5es, sendo elas: dados pessoais, objetivo profissional, forma\u00e7\u00e3o acad\u00eamica, experi\u00eancia profissional, qualifica\u00e7\u00f5es e habilidades, e, se aplic\u00e1vel, cursos complementares e idiomas. Nos dados pessoais, informa\u00e7\u00f5es como nome completo, telefone, Instagram, LinkedIn e, eventualmente, endere\u00e7o s\u00e3o necess\u00e1rias. Ao definir o objetivo, \u00e9 importante ser espec\u00edfico e demonstrar interesse pela \u00e1rea ou cargo pretendido.<\/p>\n<p style=\"text-align: justify;\">A se\u00e7\u00e3o de forma\u00e7\u00e3o acad\u00eamica deve indicar os n\u00edveis de escolaridade alcan\u00e7ados, sempre em ordem cronol\u00f3gica decrescente, come\u00e7ando pela forma\u00e7\u00e3o mais recente. Na experi\u00eancia profissional, mencione as empresas onde trabalhou, as fun\u00e7\u00f5es desempenhadas e as principais responsabilidades, tamb\u00e9m de forma cronol\u00f3gica. Habilidades e qualifica\u00e7\u00f5es relevantes para o cargo desejado, como conhecimento em ferramentas tecnol\u00f3gicas, idiomas ou certifica\u00e7\u00f5es, devem ser destacadas.<\/p>\n<p style=\"text-align: justify;\">A inclus\u00e3o de foto no curr\u00edculo \u00e9 um tema de debate. Em algumas \u00e1reas, como comunica\u00e7\u00e3o, publicidade e modelos, a foto pode ser exigida. No entanto, para a maioria das outras \u00e1reas, a pr\u00e1tica \u00e9 vista como desnecess\u00e1ria e, em alguns casos, at\u00e9 desaconselhada. A aus\u00eancia de uma foto no curr\u00edculo ajuda a evitar qualquer tipo de vi\u00e9s inconsciente ou discriminat\u00f3rio. Se optar por inclu\u00ed-la, \u00e9 fundamental que seja uma foto profissional, de boa qualidade, que transmita seriedade e confian\u00e7a, evitando selfies ou imagens em ambientes inadequados.<\/p>\n<p style=\"text-align: justify;\">Existem algumas pr\u00e1ticas que devem ser evitadas ao elaborar um curr\u00edculo. O primeiro erro comum \u00e9 o excesso de informa\u00e7\u00f5es. Um curr\u00edculo prolixo, com mais de duas p\u00e1ginas, tende a cansar o recrutador. Informa\u00e7\u00f5es pessoais irrelevantes, como n\u00famero de documentos, estado civil ou nome dos pais, tamb\u00e9m n\u00e3o devem constar no curr\u00edculo, a menos que sejam solicitadas explicitamente pela vaga.<\/p>\n<p style=\"text-align: justify;\">Outro aspecto importante \u00e9 evitar erros de portugu\u00eas ou formata\u00e7\u00e3o confusa. Um curr\u00edculo com erros gramaticais pode transmitir desleixo e falta de aten\u00e7\u00e3o aos detalhes. Al\u00e9m disso, \u00e9 crucial manter a coer\u00eancia visual, utilizando uma formata\u00e7\u00e3o simples e limpa, com uma fonte leg\u00edvel e sem excessos de cores ou estilos.<\/p>\n<p style=\"text-align: justify;\">Mentir ou exagerar as qualifica\u00e7\u00f5es tamb\u00e9m \u00e9 um erro grave. A veracidade das informa\u00e7\u00f5es pode ser verificada durante o processo seletivo, e qualquer inconsist\u00eancia pode prejudicar sua credibilidade e eliminar suas chances de contrata\u00e7\u00e3o. Tamb\u00e9m \u00e9 desaconselh\u00e1vel enviar o mesmo curr\u00edculo para diferentes vagas sem adapt\u00e1-lo. \u00c9 importante ajustar o conte\u00fado de acordo com as exig\u00eancias de cada oportunidade.<\/p>\n<p style=\"text-align: justify;\">Refer\u00eancia de Imagem e texto:<\/p>\n<p style=\"text-align: justify;\">https:\/\/catracalivre.com.br\/educacao\/10-dicas-para-criar-um-curriculo-atrativo-e-eficiente\/<\/p>\n<p style=\"text-align: justify;\">https:\/\/blog.portalpos.com.br\/app\/uploads\/2024\/01\/como-fazer-curriculo-atrativo-scaled.jpg<\/p>\n<p style=\"text-align: justify;\">&nbsp;<\/p>\n<p>&nbsp;<\/p>\n","protected":false},"excerpt":{"rendered":"<p>Por Andr\u00e9a Alvarenga Consultoria, Assessoria e Auditoria em RH O curr\u00edculo \u00e9 uma ferramenta essencial para apresentar suas qualifica\u00e7\u00f5es e experi\u00eancias ao mercado de trabalho. Ele deve ser claro, conciso e bem estruturado, destacando as informa\u00e7\u00f5es mais relevantes para a vaga pretendida. Um curr\u00edculo bem-feito aumenta as chances de conseguir uma entrevista e, consequentemente, um [&hellip;]<\/p>\n","protected":false},"author":1,"featured_media":39071,"comment_status":"open","ping_status":"open","sticky":false,"template":"","format":"standard","meta":{"ngg_post_thumbnail":0,"footnotes":""},"categories":[2,155,41],"tags":[],"class_list":["post-39070","post","type-post","status-publish","format-standard","has-post-thumbnail","hentry","category-destaques","category-mercado-de-trabalho-2","category-ultimasnoticias"],"_links":{"self":[{"href":"https:\/\/somdepapo.com.br\/portal\/wp-json\/wp\/v2\/posts\/39070","targetHints":{"allow":["GET"]}}],"collection":[{"href":"https:\/\/somdepapo.com.br\/portal\/wp-json\/wp\/v2\/posts"}],"about":[{"href":"https:\/\/somdepapo.com.br\/portal\/wp-json\/wp\/v2\/types\/post"}],"author":[{"embeddable":true,"href":"https:\/\/somdepapo.com.br\/portal\/wp-json\/wp\/v2\/users\/1"}],"replies":[{"embeddable":true,"href":"https:\/\/somdepapo.com.br\/portal\/wp-json\/wp\/v2\/comments?post=39070"}],"version-history":[{"count":1,"href":"https:\/\/somdepapo.com.br\/portal\/wp-json\/wp\/v2\/posts\/39070\/revisions"}],"predecessor-version":[{"id":39072,"href":"https:\/\/somdepapo.com.br\/portal\/wp-json\/wp\/v2\/posts\/39070\/revisions\/39072"}],"wp:featuredmedia":[{"embeddable":true,"href":"https:\/\/somdepapo.com.br\/portal\/wp-json\/wp\/v2\/media\/39071"}],"wp:attachment":[{"href":"https:\/\/somdepapo.com.br\/portal\/wp-json\/wp\/v2\/media?parent=39070"}],"wp:term":[{"taxonomy":"category","embeddable":true,"href":"https:\/\/somdepapo.com.br\/portal\/wp-json\/wp\/v2\/categories?post=39070"},{"taxonomy":"post_tag","embeddable":true,"href":"https:\/\/somdepapo.com.br\/portal\/wp-json\/wp\/v2\/tags?post=39070"}],"curies":[{"name":"wp","href":"https:\/\/api.w.org\/{rel}","templated":true}]}}