{"id":39195,"date":"2024-10-01T13:06:26","date_gmt":"2024-10-01T16:06:26","guid":{"rendered":"https:\/\/somdepapo.com.br\/portal\/?p=39195"},"modified":"2024-10-01T13:06:26","modified_gmt":"2024-10-01T16:06:26","slug":"tecnologia-e-empregabilidade-adaptar-se-ou-ficar-pra-tras","status":"publish","type":"post","link":"https:\/\/somdepapo.com.br\/portal\/tecnologia-e-empregabilidade-adaptar-se-ou-ficar-pra-tras\/","title":{"rendered":"Tecnologia e Empregabilidade: adaptar-se ou ficar pra tr\u00e1s"},"content":{"rendered":"<p style=\"text-align: right;\">Por: Andr\u00e9a Alvarenga<\/p>\n<p style=\"text-align: right;\">Consultoria, Assessoria e Auditoria em RH<\/p>\n<p style=\"text-align: justify;\">\u00c9 passado o tempo em que pod\u00edamos nos dar ao luxo de dizer que n\u00e3o quer\u00edamos entrar no mundo da Tecnologia. O tempo em que pod\u00edamos ter as informa\u00e7\u00f5es em nosso pr\u00f3prio tempo e estar\u00edamos bem atualizados. Porque hoje, a informa\u00e7\u00e3o \u00e9 em tempo real. E numa fra\u00e7\u00e3o de segundos voc\u00ea j\u00e1 pode estar com a informa\u00e7\u00e3o ultrapassada. A informa\u00e7\u00e3o \u00e9 r\u00e1pida e a comunica\u00e7\u00e3o imediata.<\/p>\n<p style=\"text-align: justify;\">Ent\u00e3o prezados profissionais, entenda a import\u00e2ncia do dom\u00ednio da Tecnologia para a sua recoloca\u00e7\u00e3o e manuten\u00e7\u00e3o no Mercado de Trabalho atual.<\/p>\n<p style=\"text-align: justify;\">A tecnologia \u00e9 o principal pilar que sustenta as transforma\u00e7\u00f5es no mercado de trabalho. A digitaliza\u00e7\u00e3o de processos, a automa\u00e7\u00e3o e a crescente utiliza\u00e7\u00e3o de ferramentas de comunica\u00e7\u00e3o e informa\u00e7\u00e3o tornaram-se imprescind\u00edveis para qualquer profissional que deseja se manter competitivo. Neste contexto, o aprendizado cont\u00ednuo e o dom\u00ednio dessas tecnologias s\u00e3o essenciais, n\u00e3o apenas para se destacar, mas tamb\u00e9m para garantir a recoloca\u00e7\u00e3o no mercado e a sobreviv\u00eancia profissional.<\/p>\n<p style=\"text-align: justify;\">A tecnologia da informa\u00e7\u00e3o e comunica\u00e7\u00e3o evoluiu de maneira exponencial nas \u00faltimas d\u00e9cadas, e a pandemia de COVID-19, entre 2020 e 2022, acelerou esse processo. Hoje, profissionais de todas as \u00e1reas, independentemente de sua fun\u00e7\u00e3o ou n\u00edvel hier\u00e1rquico, precisam dominar ferramentas digitais b\u00e1sicas, como sistemas de videoconfer\u00eancia, softwares de gerenciamento de projetos, plataformas de compartilhamento de arquivos e programas de produtividade. No entanto, o mercado vai al\u00e9m do b\u00e1sico e exige conhecimentos que variam desde a automa\u00e7\u00e3o de tarefas at\u00e9 a an\u00e1lise de dados.<\/p>\n<p style=\"text-align: justify;\">Ferramentas de IA generativa e automa\u00e7\u00e3o, est\u00e3o sendo amplamente adotadas para otimizar processos e aumentar a produtividade. Para os profissionais que est\u00e3o em fase de recoloca\u00e7\u00e3o, ou que buscam manter-se atualizados, aprender a utilizar essas tecnologias pode ser o grande diferencial. Essas ferramentas podem n\u00e3o s\u00f3 acelerar o trabalho, mas tamb\u00e9m proporcionar insights inovadores, ajudando a resolver problemas complexos de forma mais eficiente. Isso coloca os profissionais que as dominam em uma posi\u00e7\u00e3o privilegiada no mercado.<\/p>\n<p style=\"text-align: justify;\">Outro ponto central \u00e9 o papel das ferramentas de comunica\u00e7\u00e3o digital no ambiente de trabalho. Com a expans\u00e3o do modelo h\u00edbrido e remoto, saber usar plataformas como Zoom, Microsoft Teams, Slack, entre outras, tornou-se um requisito b\u00e1sico para a maioria das fun\u00e7\u00f5es. Al\u00e9m de facilitar a intera\u00e7\u00e3o em tempo real, essas ferramentas ajudam a manter a produtividade e a colabora\u00e7\u00e3o \u00e0 dist\u00e2ncia, essenciais em um mundo onde as barreiras f\u00edsicas est\u00e3o sendo gradualmente dissolvidas.<\/p>\n<p style=\"text-align: justify;\">Dominar essas plataformas vai al\u00e9m de saber utiliz\u00e1-las tecnicamente. \u00c9 preciso entender a etiqueta da comunica\u00e7\u00e3o digital, a clareza na troca de informa\u00e7\u00f5es e a capacidade de transmitir ideias de maneira eficaz. Profissionais que sabem se comunicar bem nesses ambientes se destacam em processos seletivos e tamb\u00e9m no dia a dia de suas fun\u00e7\u00f5es, uma vez que a capacidade de colabora\u00e7\u00e3o remota passou a ser um dos principais requisitos.<\/p>\n<p style=\"text-align: justify;\">A velocidade com que novas tecnologias surgem e s\u00e3o adotadas no mercado exige uma postura de constante aprendizado.<\/p>\n<p style=\"text-align: justify;\">Mais do que nunca, aquele que buscam adquirir novos conhecimentos e dominar as ferramentas tecnol\u00f3gicas ter\u00e3o maior chance de se destacar, conquistar novas oportunidades e, mais importante, se manterem relevantes no mercado. Al\u00e9m disso, investir no aprendizado digital promove a autoconfian\u00e7a para lidar com mudan\u00e7as e desafios tecnol\u00f3gicos futuros.<\/p>\n<p style=\"text-align: justify;\">Refer\u00eancias texto e imagem:<\/p>\n<p style=\"text-align: justify;\">https:\/\/blog.uceff.edu.br\/impactos-da-tecnologia-no-mercado-de-trabalho\/<\/p>\n<p style=\"text-align: justify;\">\n<blockquote class=\"wp-embedded-content\" data-secret=\"0JqhT0N1zN\"><p><a href=\"https:\/\/realtime1.com.br\/brasil-foi-um-dos-paises-que-mais-investiram-em-tecnologias-em-2021\/\">Brasil foi um dos pa\u00edses que mais investiram em tecnologias em 2021<\/a><\/p><\/blockquote>\n<p><iframe class=\"wp-embedded-content\" sandbox=\"allow-scripts\" security=\"restricted\" style=\"position: absolute; visibility: hidden;\" title=\"&#8220;Brasil foi um dos pa\u00edses que mais investiram em tecnologias em 2021&#8221; &#8212; RealTime1\" src=\"https:\/\/realtime1.com.br\/brasil-foi-um-dos-paises-que-mais-investiram-em-tecnologias-em-2021\/embed\/#?secret=4UyNqECYCW#?secret=0JqhT0N1zN\" data-secret=\"0JqhT0N1zN\" width=\"500\" height=\"282\" frameborder=\"0\" marginwidth=\"0\" marginheight=\"0\" scrolling=\"no\"><\/iframe><\/p>\n<p style=\"text-align: justify;\">&nbsp;<\/p>\n<p>&nbsp;<\/p>\n<p>&nbsp;<\/p>\n<p>&nbsp;<\/p>\n<p>&nbsp;<\/p>\n<p>&nbsp;<\/p>\n<p>&nbsp;<\/p>\n<p>&nbsp;<\/p>\n<p>&nbsp;<\/p>\n<p>&nbsp;<\/p>\n<p>&nbsp;<\/p>\n<p>&nbsp;<\/p>\n<p>&nbsp;<\/p>\n<p>&nbsp;<\/p>\n","protected":false},"excerpt":{"rendered":"<p>Por: Andr\u00e9a Alvarenga Consultoria, Assessoria e Auditoria em RH \u00c9 passado o tempo em que pod\u00edamos nos dar ao luxo de dizer que n\u00e3o quer\u00edamos entrar no mundo da Tecnologia. O tempo em que pod\u00edamos ter as informa\u00e7\u00f5es em nosso pr\u00f3prio tempo e estar\u00edamos bem atualizados. Porque hoje, a informa\u00e7\u00e3o \u00e9 em tempo real. E [&hellip;]<\/p>\n","protected":false},"author":1,"featured_media":39196,"comment_status":"open","ping_status":"open","sticky":false,"template":"","format":"standard","meta":{"ngg_post_thumbnail":0,"footnotes":""},"categories":[2,155,41],"tags":[],"class_list":["post-39195","post","type-post","status-publish","format-standard","has-post-thumbnail","hentry","category-destaques","category-mercado-de-trabalho-2","category-ultimasnoticias"],"_links":{"self":[{"href":"https:\/\/somdepapo.com.br\/portal\/wp-json\/wp\/v2\/posts\/39195","targetHints":{"allow":["GET"]}}],"collection":[{"href":"https:\/\/somdepapo.com.br\/portal\/wp-json\/wp\/v2\/posts"}],"about":[{"href":"https:\/\/somdepapo.com.br\/portal\/wp-json\/wp\/v2\/types\/post"}],"author":[{"embeddable":true,"href":"https:\/\/somdepapo.com.br\/portal\/wp-json\/wp\/v2\/users\/1"}],"replies":[{"embeddable":true,"href":"https:\/\/somdepapo.com.br\/portal\/wp-json\/wp\/v2\/comments?post=39195"}],"version-history":[{"count":1,"href":"https:\/\/somdepapo.com.br\/portal\/wp-json\/wp\/v2\/posts\/39195\/revisions"}],"predecessor-version":[{"id":39197,"href":"https:\/\/somdepapo.com.br\/portal\/wp-json\/wp\/v2\/posts\/39195\/revisions\/39197"}],"wp:featuredmedia":[{"embeddable":true,"href":"https:\/\/somdepapo.com.br\/portal\/wp-json\/wp\/v2\/media\/39196"}],"wp:attachment":[{"href":"https:\/\/somdepapo.com.br\/portal\/wp-json\/wp\/v2\/media?parent=39195"}],"wp:term":[{"taxonomy":"category","embeddable":true,"href":"https:\/\/somdepapo.com.br\/portal\/wp-json\/wp\/v2\/categories?post=39195"},{"taxonomy":"post_tag","embeddable":true,"href":"https:\/\/somdepapo.com.br\/portal\/wp-json\/wp\/v2\/tags?post=39195"}],"curies":[{"name":"wp","href":"https:\/\/api.w.org\/{rel}","templated":true}]}}