{"id":39271,"date":"2024-10-07T18:19:23","date_gmt":"2024-10-07T21:19:23","guid":{"rendered":"https:\/\/somdepapo.com.br\/portal\/?p=39271"},"modified":"2024-10-08T07:59:13","modified_gmt":"2024-10-08T10:59:13","slug":"nao-fica-sem-emprego-nenhum-sabia-porque","status":"publish","type":"post","link":"https:\/\/somdepapo.com.br\/portal\/nao-fica-sem-emprego-nenhum-sabia-porque\/","title":{"rendered":"N\u00e3o fica em emprego nenhum: saiba o porqu\u00ea."},"content":{"rendered":"<p style=\"text-align: right;\">Por Andr\u00e9a Alvarenga<\/p>\n<p style=\"text-align: right;\">Consultoria, Assessoria e Auditoria em RH<\/p>\n<p style=\"text-align: justify;\">Em um mundo cada vez mais din\u00e2mico, muitos profissionais enfrentam um problema comum: a dificuldade em permanecer em um emprego por muito tempo. Se voc\u00ea se v\u00ea constantemente trocando de trabalho e se pergunta &#8220;Por que n\u00e3o consigo me fixar em lugar nenhum?&#8221;, saiba que n\u00e3o est\u00e1 sozinho. No entanto, esse padr\u00e3o pode ter ra\u00edzes mais profundas do que apenas insatisfa\u00e7\u00e3o moment\u00e2nea ou falta de oportunidades.<\/p>\n<p style=\"text-align: justify;\">Aqui est\u00e3o alguns fatores que podem influenciar nessa realidade:<\/p>\n<p style=\"text-align: justify;\">1. Falta de Identifica\u00e7\u00e3o com a Cultura da Empresa<\/p>\n<p style=\"text-align: justify;\">A cultura organizacional \u00e9 um dos fatores mais importantes para a reten\u00e7\u00e3o de profissionais. Empresas possuem valores, miss\u00f5es e estilos de trabalho pr\u00f3prios, e nem sempre eles estar\u00e3o alinhados com as expectativas do colaborador. Quando h\u00e1 uma desconex\u00e3o entre o que a empresa valoriza e o que o profissional busca, a insatisfa\u00e7\u00e3o pode crescer rapidamente, levando ao desejo de procurar algo novo.<\/p>\n<p style=\"text-align: justify;\">Por exemplo, se voc\u00ea valoriza um ambiente colaborativo e a empresa tem uma cultura altamente competitiva, \u00e9 natural sentir-se deslocado. Essa incompatibilidade, ainda que sutil, pode ser a raz\u00e3o para uma sequ\u00eancia de empregos frustrantes.<\/p>\n<p style=\"text-align: justify;\">2. Falta de Prop\u00f3sito e Desafios<\/p>\n<p style=\"text-align: justify;\">Em tempos de mudan\u00e7as r\u00e1pidas e com o desejo crescente por uma carreira significativa, muitos profissionais sentem que seu trabalho n\u00e3o tem prop\u00f3sito. Isso gera desmotiva\u00e7\u00e3o e, consequentemente, uma busca incessante por algo que possa proporcionar realiza\u00e7\u00e3o pessoal e profissional.<\/p>\n<p style=\"text-align: justify;\">Al\u00e9m disso, a falta de desafios constantes pode ser um motivo para a mudan\u00e7a frequente. Um emprego que se torna rotineiro, sem novas metas, sem oportunidades de aprendizado ou de crescimento, pode rapidamente perder o brilho.<\/p>\n<p style=\"text-align: justify;\">3. Fatores Externos: Mercado Vol\u00e1til e Instabilidade<\/p>\n<p style=\"text-align: justify;\">O cen\u00e1rio econ\u00f4mico tamb\u00e9m desempenha um papel importante. A crise econ\u00f4mica ou mudan\u00e7as nas pol\u00edticas internas das empresas podem for\u00e7ar demiss\u00f5es em massa ou uma reestrutura\u00e7\u00e3o do quadro de funcion\u00e1rios. Nesse contexto, pode parecer que o problema est\u00e1 na pessoa, quando na verdade a rotatividade est\u00e1 fora do seu controle.<\/p>\n<p style=\"text-align: justify;\">Al\u00e9m disso, novas oportunidades podem surgir repentinamente, fazendo com que o profissional se veja tentado a trocar de emprego por uma oferta mais atrativa, mesmo que essa decis\u00e3o nem sempre seja a mais sustent\u00e1vel a longo prazo.<\/p>\n<p style=\"text-align: justify;\">4. Autoconhecimento e Expectativas Irrealistas<\/p>\n<p style=\"text-align: justify;\">Outro fator importante \u00e9 o autoconhecimento. Muitos profissionais entram em um emprego com expectativas irreais, tanto em rela\u00e7\u00e3o ao trabalho quanto \u00e0s pr\u00f3prias capacidades. Se essas expectativas n\u00e3o forem gerenciadas, o descontentamento \u00e9 inevit\u00e1vel. Por exemplo, se voc\u00ea espera uma promo\u00e7\u00e3o ou um aumento em um curto prazo, pode se decepcionar rapidamente caso a empresa tenha pol\u00edticas mais r\u00edgidas quanto a esses processos.<\/p>\n<p style=\"text-align: justify;\">O autoconhecimento ajuda a entender quais s\u00e3o suas verdadeiras habilidades, interesses e valores. Sem isso, a escolha do emprego pode ser feita com base em crit\u00e9rios superficiais, levando a uma r\u00e1pida frustra\u00e7\u00e3o.<\/p>\n<p style=\"text-align: justify;\">5. Dificuldade em Lidar com Adversidades<\/p>\n<p style=\"text-align: justify;\">Todo trabalho apresenta desafios e momentos dif\u00edceis. No entanto, muitos profissionais, ao se depararem com situa\u00e7\u00f5es adversas, optam por trocar de emprego ao inv\u00e9s de tentar resolver o problema. Isso pode estar relacionado \u00e0 falta de habilidades para lidar com conflitos, press\u00e3o ou at\u00e9 mesmo com a gest\u00e3o de tempo.<\/p>\n<p style=\"text-align: justify;\">Aprender a enfrentar essas situa\u00e7\u00f5es e desenvolver resili\u00eancia \u00e9 essencial para criar uma carreira mais est\u00e1vel e satisfat\u00f3ria. Resolver problemas internos em vez de buscar solu\u00e7\u00f5es externas pode ser a chave para uma maior perman\u00eancia em um emprego.<\/p>\n<p style=\"text-align: justify;\">6. Ambiente de Trabalho T\u00f3xico<\/p>\n<p style=\"text-align: justify;\">Por \u00faltimo, mas n\u00e3o menos importante, \u00e9 necess\u00e1rio avaliar se os empregos anteriores ou atuais apresentavam um ambiente de trabalho saud\u00e1vel. Ambientes t\u00f3xicos, com lideran\u00e7a abusiva, falta de reconhecimento ou excesso de competitividade, podem ser um grande fator para a sa\u00edda precoce de muitos profissionais. Empresas que n\u00e3o valorizam o bem-estar de seus colaboradores acabam criando um clima de insatisfa\u00e7\u00e3o generalizada, levando \u00e0 alta rotatividade. Se voc\u00ea tem enfrentado esse tipo de ambiente repetidamente, \u00e9 importante refletir se as escolhas de emprego est\u00e3o sendo influenciadas por uma an\u00e1lise superficial das empresas.<\/p>\n<p style=\"text-align: justify;\">A dificuldade em permanecer em um emprego por um per\u00edodo mais longo pode ter v\u00e1rias causas, muitas vezes interligadas. Compreender esses fatores \u00e9 o primeiro passo para quebrar o ciclo e construir uma carreira mais est\u00e1vel e satisfat\u00f3ria.<\/p>\n<p style=\"text-align: justify;\">A chave est\u00e1 em entender seus valores, buscar empresas que compartilhem desses mesmos princ\u00edpios, manter expectativas realistas e aprender a enfrentar desafios de forma produtiva.<\/p>\n<p style=\"text-align: justify;\">Se voc\u00ea est\u00e1 se perguntando &#8220;Por que n\u00e3o consigo ficar em emprego nenhum?&#8221;, talvez seja hora de olhar para dentro e reavaliar suas escolhas e motiva\u00e7\u00f5es. Afinal, o sucesso profissional depende tanto de um ambiente adequado quanto de um comprometimento genu\u00edno com seu desenvolvimento pessoal e profissional.<\/p>\n<p>&nbsp;<\/p>\n<p>&nbsp;<\/p>\n<p>&nbsp;<\/p>\n<p>&nbsp;<\/p>\n<p>&nbsp;<\/p>\n<p>&nbsp;<\/p>\n<p>&nbsp;<\/p>\n<p>&nbsp;<\/p>\n<p>&nbsp;<\/p>\n<p>&nbsp;<\/p>\n<p>&nbsp;<\/p>\n<p>&nbsp;<\/p>\n<p>&nbsp;<\/p>\n<p>&nbsp;<\/p>\n<p>&nbsp;<\/p>\n<p>&nbsp;<\/p>\n<p>&nbsp;<\/p>\n","protected":false},"excerpt":{"rendered":"<p>Por Andr\u00e9a Alvarenga Consultoria, Assessoria e Auditoria em RH Em um mundo cada vez mais din\u00e2mico, muitos profissionais enfrentam um problema comum: a dificuldade em permanecer em um emprego por muito tempo. Se voc\u00ea se v\u00ea constantemente trocando de trabalho e se pergunta &#8220;Por que n\u00e3o consigo me fixar em lugar nenhum?&#8221;, saiba que n\u00e3o [&hellip;]<\/p>\n","protected":false},"author":1,"featured_media":39272,"comment_status":"open","ping_status":"open","sticky":false,"template":"","format":"standard","meta":{"ngg_post_thumbnail":0,"footnotes":""},"categories":[2,155,41],"tags":[],"class_list":["post-39271","post","type-post","status-publish","format-standard","has-post-thumbnail","hentry","category-destaques","category-mercado-de-trabalho-2","category-ultimasnoticias"],"_links":{"self":[{"href":"https:\/\/somdepapo.com.br\/portal\/wp-json\/wp\/v2\/posts\/39271","targetHints":{"allow":["GET"]}}],"collection":[{"href":"https:\/\/somdepapo.com.br\/portal\/wp-json\/wp\/v2\/posts"}],"about":[{"href":"https:\/\/somdepapo.com.br\/portal\/wp-json\/wp\/v2\/types\/post"}],"author":[{"embeddable":true,"href":"https:\/\/somdepapo.com.br\/portal\/wp-json\/wp\/v2\/users\/1"}],"replies":[{"embeddable":true,"href":"https:\/\/somdepapo.com.br\/portal\/wp-json\/wp\/v2\/comments?post=39271"}],"version-history":[{"count":3,"href":"https:\/\/somdepapo.com.br\/portal\/wp-json\/wp\/v2\/posts\/39271\/revisions"}],"predecessor-version":[{"id":39275,"href":"https:\/\/somdepapo.com.br\/portal\/wp-json\/wp\/v2\/posts\/39271\/revisions\/39275"}],"wp:featuredmedia":[{"embeddable":true,"href":"https:\/\/somdepapo.com.br\/portal\/wp-json\/wp\/v2\/media\/39272"}],"wp:attachment":[{"href":"https:\/\/somdepapo.com.br\/portal\/wp-json\/wp\/v2\/media?parent=39271"}],"wp:term":[{"taxonomy":"category","embeddable":true,"href":"https:\/\/somdepapo.com.br\/portal\/wp-json\/wp\/v2\/categories?post=39271"},{"taxonomy":"post_tag","embeddable":true,"href":"https:\/\/somdepapo.com.br\/portal\/wp-json\/wp\/v2\/tags?post=39271"}],"curies":[{"name":"wp","href":"https:\/\/api.w.org\/{rel}","templated":true}]}}