{"id":39547,"date":"2024-10-24T09:24:45","date_gmt":"2024-10-24T12:24:45","guid":{"rendered":"https:\/\/somdepapo.com.br\/portal\/?p=39547"},"modified":"2024-10-24T09:24:45","modified_gmt":"2024-10-24T12:24:45","slug":"definicao-de-prioridades-a-chave-para-uma-gestao-do-tempo-eficaz","status":"publish","type":"post","link":"https:\/\/somdepapo.com.br\/portal\/definicao-de-prioridades-a-chave-para-uma-gestao-do-tempo-eficaz\/","title":{"rendered":"Defini\u00e7\u00e3o de Prioridades: a chave para uma Gest\u00e3o do Tempo Eficaz"},"content":{"rendered":"<p style=\"text-align: right;\">Por Jo\u00e3o Zimmermann<\/p>\n<p style=\"text-align: right;\">Instagram: @joaozimmermann_oficial<\/p>\n<p style=\"text-align: right;\">YouTube: @joaozimmermann_oficial<\/p>\n<p style=\"text-align: justify;\">Ao longo da minha carreira como especialista em produtividade, percebi que muitas pessoas lutam n\u00e3o por falta de tempo, mas por n\u00e3o saberem como priorizar suas tarefas eficazmente.<\/p>\n<p style=\"text-align: justify;\">A Import\u00e2ncia da Prioriza\u00e7\u00e3o<\/p>\n<p style=\"text-align: justify;\">Antes de entrarmos nas t\u00e9cnicas espec\u00edficas, \u00e9 fundamental entender por que a prioriza\u00e7\u00e3o \u00e9 t\u00e3o importante. Em um mundo onde somos constantemente bombardeados com informa\u00e7\u00f5es e demandas, a capacidade de identificar o que realmente importa se torna uma habilidade essencial.<\/p>\n<p style=\"text-align: justify;\">Como diz Stephen Covey em seu livro &#8220;Os 7 H\u00e1bitos das Pessoas Altamente Eficazes&#8221;:<\/p>\n<p style=\"text-align: justify;\">&#8220;A chave n\u00e3o \u00e9 priorizar o que est\u00e1 na sua agenda, mas agendar suas prioridades.&#8221; (Covey, 1989)<\/p>\n<p style=\"text-align: justify;\">Esta frase resume perfeitamente a ess\u00eancia da prioriza\u00e7\u00e3o. N\u00e3o se trata apenas de organizar uma lista de tarefas, mas de garantir que as atividades mais importantes recebam a aten\u00e7\u00e3o necess\u00e1ria.<\/p>\n<p style=\"text-align: justify;\">T\u00e9cnicas de Prioriza\u00e7\u00e3o<\/p>\n<p style=\"text-align: justify;\">1. A Matriz de Eisenhower<\/p>\n<p style=\"text-align: justify;\">Uma das ferramentas mais poderosas para prioriza\u00e7\u00e3o \u00e9 a Matriz de Eisenhower, tamb\u00e9m conhecida como Matriz Urgente-Importante. Esta t\u00e9cnica, popularizada por Dwight D. Eisenhower e posteriormente por Stephen Covey, divide as tarefas em quatro quadrantes:<\/p>\n<p style=\"text-align: justify;\">Urgente e Importante<\/p>\n<p style=\"text-align: justify;\">Importante, mas N\u00e3o Urgente<\/p>\n<p style=\"text-align: justify;\">Urgente, mas N\u00e3o Importante<\/p>\n<p style=\"text-align: justify;\">Nem Urgente, Nem Importante<\/p>\n<p style=\"text-align: justify;\">A beleza desta matriz est\u00e1 na sua simplicidade e efic\u00e1cia. Ao categorizar suas tarefas, voc\u00ea ganha clareza sobre onde deve focar seus esfor\u00e7os.<\/p>\n<p style=\"text-align: justify;\">Dedique tempo especial ao quadrante 2 (Importante, mas N\u00e3o Urgente). \u00c9 aqui que residem as atividades que realmente impulsionam seu crescimento e sucesso a longo prazo.<\/p>\n<p style=\"text-align: justify;\">2. A T\u00e9cnica ABC<\/p>\n<p style=\"text-align: justify;\">Outra abordagem que tenho usado com sucesso \u00e9 a T\u00e9cnica ABC. Esta metodologia envolve categorizar tarefas em tr\u00eas n\u00edveis de prioridade:<\/p>\n<p style=\"text-align: justify;\">A: Tarefas de alta prioridade e import\u00e2ncia<\/p>\n<p style=\"text-align: justify;\">B: Tarefas de m\u00e9dia prioridade<\/p>\n<p style=\"text-align: justify;\">C: Tarefas de baixa prioridade<\/p>\n<p style=\"text-align: justify;\">Revise sua lista de tarefas regularmente e n\u00e3o tenha medo de recategorizar itens conforme as circunst\u00e2ncias mudam.<\/p>\n<p style=\"text-align: justify;\">Implementando a Prioriza\u00e7\u00e3o na Pr\u00e1tica<\/p>\n<p style=\"text-align: justify;\">Agora que exploramos algumas t\u00e9cnicas, vamos falar sobre como implement\u00e1-las no dia a dia:<\/p>\n<p style=\"text-align: justify;\">Comece o dia certo: Dedique os primeiros minutos do seu dia para revisar suas tarefas e definir prioridades. Isso estabelece o tom para um dia produtivo.<\/p>\n<p style=\"text-align: justify;\">Seja flex\u00edvel: Prioridades podem mudar. Esteja preparado para ajustar seu plano conforme necess\u00e1rio.<\/p>\n<p style=\"text-align: justify;\">Aprenda a dizer n\u00e3o: Uma parte crucial da prioriza\u00e7\u00e3o \u00e9 saber o que n\u00e3o fazer. Como Warren Buffett sabiamente disse:<\/p>\n<p style=\"text-align: justify;\">&#8220;A diferen\u00e7a entre pessoas bem-sucedidas e pessoas muito bem-sucedidas \u00e9 que as muito bem-sucedidas dizem n\u00e3o para quase tudo.&#8221; (Buffett, citado em Farnam Street, 2013)<\/p>\n<p style=\"text-align: justify;\">Use a tecnologia a seu favor: Aplicativos como Todoist, Asana ou Trello podem ajudar a visualizar e gerenciar suas prioridades.<\/p>\n<p style=\"text-align: justify;\">Reflita regularmente: No final de cada semana, reserve um tempo para refletir sobre suas prioridades. O que funcionou bem? O que precisa ser ajustado?<\/p>\n<p style=\"text-align: justify;\">O Poder da T\u00e9cnica Pomodoro na Prioriza\u00e7\u00e3o<\/p>\n<p style=\"text-align: justify;\">Uma t\u00e9cnica que complementa perfeitamente a prioriza\u00e7\u00e3o \u00e9 o M\u00e9todo Pomodoro, desenvolvido por Francesco Cirillo. Esta t\u00e9cnica envolve trabalhar em blocos focados de 25 minutos, seguidos por breves pausas.<\/p>\n<p style=\"text-align: justify;\">Ao combinar a T\u00e9cnica Pomodoro com suas tarefas priorizadas, voc\u00ea cria um sistema poderoso para manter o foco e a produtividade. Cirillo argumenta que esta abordagem n\u00e3o apenas aumenta a produtividade, mas tamb\u00e9m reduz a ansiedade associada a prazos e grandes projetos (Cirillo, 2006).<\/p>\n<p style=\"text-align: justify;\">Experimente dedicar seus primeiros &#8220;pomodoros&#8221; do dia \u00e0s suas tarefas de maior prioridade. Voc\u00ea ficar\u00e1 surpreso com o quanto pode realizar antes mesmo do almo\u00e7o!<\/p>\n<p style=\"text-align: justify;\">Prioriza\u00e7\u00e3o como H\u00e1bito<\/p>\n<p style=\"text-align: justify;\">Lembre-se, a prioriza\u00e7\u00e3o n\u00e3o \u00e9 uma habilidade que voc\u00ea domina da noite para o dia. \u00c9 um h\u00e1bito que se desenvolve com o tempo e a pr\u00e1tica. Como Charles Duhigg explica em &#8220;O Poder do H\u00e1bito&#8221;:<\/p>\n<p style=\"text-align: justify;\">&#8220;Os h\u00e1bitos s\u00e3o poderosos, mas delicados. Eles podem surgir fora da nossa consci\u00eancia ou ser deliberadamente projetados.&#8221; (Duhigg, 2012)<\/p>\n<p style=\"text-align: justify;\">Ao tornar a prioriza\u00e7\u00e3o um h\u00e1bito di\u00e1rio, voc\u00ea pode dar um grande passo em dire\u00e7\u00e3o a uma vida mais produtiva e equilibrada.<\/p>\n<p style=\"text-align: justify;\">&nbsp;Comece aos poucos, seja consistente e, com o tempo, voc\u00ea ver\u00e1 uma mudan\u00e7a not\u00e1vel na maneira como gerencia seu tempo e responsabilidades.<\/p>\n<p style=\"text-align: justify;\">&nbsp;Lembre-se: O objetivo n\u00e3o \u00e9 fazer mais, mas fazer o que realmente importa.<\/p>\n<p style=\"text-align: justify;\">&nbsp;A prioriza\u00e7\u00e3o eficaz \u00e9 a maneira de alcan\u00e7ar esse equil\u00edbrio.<\/p>\n<p style=\"text-align: justify;\">&nbsp;Espero que essas t\u00e9cnicas e insights ajudem voc\u00ea a dominar a arte da prioriza\u00e7\u00e3o.<\/p>\n<p style=\"text-align: justify;\">&nbsp;Se voc\u00ea tiver alguma d\u00favida ou quiser compartilhar sua experi\u00eancia, sinta-se \u00e0 vontade para entrar em contato comigo atrav\u00e9s das minhas redes sociais.<\/p>\n<p style=\"text-align: justify;\">&nbsp;Podemos continuar aprendendo e crescendo juntos.<\/p>\n<p style=\"text-align: justify;\">&nbsp;Na pr\u00f3xima semana, nos aprofundaremos em outro aspecto fascinante do gerenciamento do tempo.<\/p>\n<p style=\"text-align: justify;\">&nbsp;Refer\u00eancias Bibliogr\u00e1ficas:<\/p>\n<p style=\"text-align: justify;\">Cirillo, F. (2006). The Pomodoro Technique. FC Garage.<\/p>\n<p style=\"text-align: justify;\">Covey, S. R. (1989). Os 7 h\u00e1bitos das pessoas altamente eficazes. Best Seller.<\/p>\n<p style=\"text-align: justify;\">Duhigg, C. (2012). O Poder do H\u00e1bito. Objetiva.<\/p>\n<p style=\"text-align: justify;\">&nbsp;<\/p>\n","protected":false},"excerpt":{"rendered":"<p>Por Jo\u00e3o Zimmermann Instagram: @joaozimmermann_oficial YouTube: @joaozimmermann_oficial Ao longo da minha carreira como especialista em produtividade, percebi que muitas pessoas lutam n\u00e3o por falta de tempo, mas por n\u00e3o saberem como priorizar suas tarefas eficazmente. A Import\u00e2ncia da Prioriza\u00e7\u00e3o Antes de entrarmos nas t\u00e9cnicas espec\u00edficas, \u00e9 fundamental entender por que a prioriza\u00e7\u00e3o \u00e9 t\u00e3o importante. [&hellip;]<\/p>\n","protected":false},"author":1,"featured_media":39548,"comment_status":"open","ping_status":"open","sticky":false,"template":"","format":"standard","meta":{"ngg_post_thumbnail":0,"footnotes":""},"categories":[2,346,348,41],"tags":[],"class_list":["post-39547","post","type-post","status-publish","format-standard","has-post-thumbnail","hentry","category-destaques","category-gestao-de-tempo","category-gestao-do-tempo","category-ultimasnoticias"],"_links":{"self":[{"href":"https:\/\/somdepapo.com.br\/portal\/wp-json\/wp\/v2\/posts\/39547","targetHints":{"allow":["GET"]}}],"collection":[{"href":"https:\/\/somdepapo.com.br\/portal\/wp-json\/wp\/v2\/posts"}],"about":[{"href":"https:\/\/somdepapo.com.br\/portal\/wp-json\/wp\/v2\/types\/post"}],"author":[{"embeddable":true,"href":"https:\/\/somdepapo.com.br\/portal\/wp-json\/wp\/v2\/users\/1"}],"replies":[{"embeddable":true,"href":"https:\/\/somdepapo.com.br\/portal\/wp-json\/wp\/v2\/comments?post=39547"}],"version-history":[{"count":1,"href":"https:\/\/somdepapo.com.br\/portal\/wp-json\/wp\/v2\/posts\/39547\/revisions"}],"predecessor-version":[{"id":39549,"href":"https:\/\/somdepapo.com.br\/portal\/wp-json\/wp\/v2\/posts\/39547\/revisions\/39549"}],"wp:featuredmedia":[{"embeddable":true,"href":"https:\/\/somdepapo.com.br\/portal\/wp-json\/wp\/v2\/media\/39548"}],"wp:attachment":[{"href":"https:\/\/somdepapo.com.br\/portal\/wp-json\/wp\/v2\/media?parent=39547"}],"wp:term":[{"taxonomy":"category","embeddable":true,"href":"https:\/\/somdepapo.com.br\/portal\/wp-json\/wp\/v2\/categories?post=39547"},{"taxonomy":"post_tag","embeddable":true,"href":"https:\/\/somdepapo.com.br\/portal\/wp-json\/wp\/v2\/tags?post=39547"}],"curies":[{"name":"wp","href":"https:\/\/api.w.org\/{rel}","templated":true}]}}