{"id":39731,"date":"2024-11-07T08:27:57","date_gmt":"2024-11-07T11:27:57","guid":{"rendered":"https:\/\/somdepapo.com.br\/portal\/?p=39731"},"modified":"2024-11-07T08:27:57","modified_gmt":"2024-11-07T11:27:57","slug":"o-impacto-da-gestao-do-tempo-na-saude-masculina-uma-historia-inspiradora","status":"publish","type":"post","link":"https:\/\/somdepapo.com.br\/portal\/o-impacto-da-gestao-do-tempo-na-saude-masculina-uma-historia-inspiradora\/","title":{"rendered":"O impacto da Gest\u00e3o do Tempo na Sa\u00fade Masculina: uma hist\u00f3ria inspiradora"},"content":{"rendered":"<p style=\"text-align: right;\">Por: Jo\u00e3o Zimmermann<\/p>\n<p style=\"text-align: right;\">Youtube e Instagram: @joaozimmermann_oficial<\/p>\n<p style=\"text-align: right;\">Palestras\/Workshop:<\/p>\n<p style=\"text-align: right;\">Whats: 47984075482<\/p>\n<p style=\"text-align: right;\">E-mail: contato@joaozimmermann.com.br<\/p>\n<p>&nbsp;<\/p>\n<p style=\"text-align: justify;\">Introdu\u00e7\u00e3o<\/p>\n<p style=\"text-align: justify;\">No cora\u00e7\u00e3o de novembro, m\u00eas marcado pelo Novembro Azul, a aten\u00e7\u00e3o se volta para a sa\u00fade masculina e a import\u00e2ncia do diagn\u00f3stico precoce do c\u00e2ncer de pr\u00f3stata. Neste contexto, a gest\u00e3o do tempo se destaca n\u00e3o apenas como uma t\u00e9cnica de organiza\u00e7\u00e3o pessoal, mas como uma ferramenta poderosa para promover a sa\u00fade e o bem-estar geral.<\/p>\n<p style=\"text-align: justify;\">A Jornada de Carlos<\/p>\n<p style=\"text-align: justify;\">Carlos sempre foi um profissional dedicado e \u00e9 conhecido por sua capacidade de realizar multitarefas.<\/p>\n<p style=\"text-align: justify;\">&nbsp;Por\u00e9m, devido ao trabalho \u00e1rduo, negligenciei minha sa\u00fade.<\/p>\n<p style=\"text-align: justify;\">&nbsp;Como muitos homens, ele adiou a consulta m\u00e9dica porque acreditava que sua sa\u00fade poderia esperar.<\/p>\n<p style=\"text-align: justify;\">&nbsp;No in\u00edcio de novembro, Carlos participou de um semin\u00e1rio sobre gerenciamento de tempo e sa\u00fade masculina, onde aprendeu sobre a T\u00e9cnica Pomodoro e a Matriz de Eisenhower.<\/p>\n<p style=\"text-align: justify;\">&nbsp;Inspirado, ele decidiu incorporar essas t\u00e9cnicas ao seu dia a dia priorizando a sa\u00fade.<\/p>\n<p style=\"text-align: justify;\">&nbsp;Aplicando a T\u00e9cnica Pomodoro<\/p>\n<p style=\"text-align: justify;\">Carlos come\u00e7ou a dividir seu dia em blocos de 25 minutos de foco intenso, seguidos de pausas curtas. Durante essas pausas, ele incorporou atividades de autocuidado, como alongamentos e caminhadas r\u00e1pidas. Este m\u00e9todo n\u00e3o s\u00f3 melhorou sua produtividade, mas tamb\u00e9m lhe proporcionou mais energia e disposi\u00e7\u00e3o.<\/p>\n<p style=\"text-align: justify;\">Priorizando a Sa\u00fade com a Matriz de Eisenhower<\/p>\n<p style=\"text-align: justify;\">Usando a Matriz de Eisenhower, Carlos reorganizou suas prioridades e colocou consultas m\u00e9dicas e exames no topo de sua lista de tarefas.<\/p>\n<p style=\"text-align: justify;\">&nbsp;Percebeu que ao considerar sua sa\u00fade como urgente e importante, n\u00e3o estava apenas cuidando de si mesmo, mas tamb\u00e9m demonstrando um importante compromisso consigo mesmo e com sua fam\u00edlia.<\/p>\n<p style=\"text-align: justify;\">Os Resultados<\/p>\n<p style=\"text-align: justify;\">No final de Novembro, Carlos n\u00e3o s\u00f3 tinha conclu\u00eddo todos os exames exigidos, como tamb\u00e9m se sentia mais equilibrado e menos stressado.<\/p>\n<p style=\"text-align: justify;\">&nbsp;Ele percebeu que a gest\u00e3o eficaz do tempo n\u00e3o s\u00f3 melhora a efici\u00eancia do trabalho, mas tamb\u00e9m tem um impacto positivo na sa\u00fade f\u00edsica e mental.<\/p>\n<p style=\"text-align: justify;\">Reflex\u00f5es Finais<\/p>\n<p style=\"text-align: justify;\">A hist\u00f3ria de Carlos ilustra como pequenas mudan\u00e7as na gest\u00e3o do tempo podem ter um grande impacto na sa\u00fade masculina. No esp\u00edrito do Novembro Azul, a ado\u00e7\u00e3o de t\u00e9cnicas de gest\u00e3o do tempo pode inspirar muitos a cuidarem de sua sa\u00fade de forma mais proativa e consciente.<\/p>\n<p style=\"text-align: justify;\">Conclus\u00e3o<\/p>\n<p style=\"text-align: justify;\">O Novembro Azul nos lembra da import\u00e2ncia do autocuidado e do diagn\u00f3stico precoce. Ao utilizar t\u00e9cnicas de gest\u00e3o do tempo, homens como Carlos conseguem incorporar h\u00e1bitos saud\u00e1veis no seu dia a dia, promovendo um estilo de vida mais equilibrado e saud\u00e1vel.<\/p>\n<p style=\"text-align: justify;\">Refer\u00eancias:<\/p>\n<p style=\"text-align: justify;\">1. Cirillo, F. (2015). A T\u00e9cnica Pomodoro. Vozes.<\/p>\n<p style=\"text-align: justify;\">2. Covey, S. R. (2014). Os 7 H\u00e1bitos das Pessoas Altamente Eficazes. BestSeller.<\/p>\n<p style=\"text-align: justify;\">3. Thomas, R. J. (2017). Sa\u00fade Masculina: Guia Completo. Editora Gente.<\/p>\n<p style=\"text-align: justify;\">A hist\u00f3ria de Carlos \u00e9 um chamado a todos os homens para que aproveitem este m\u00eas de conscientiza\u00e7\u00e3o para refletir sobre seu dia a dia e encontrar um equil\u00edbrio entre responsabilidade e cuidado pessoal para alcan\u00e7ar uma sa\u00fade duradoura.<\/p>\n<p style=\"text-align: justify;\">&nbsp;<\/p>\n<p>&nbsp;<\/p>\n<p>&nbsp;<\/p>\n<p>&nbsp;<\/p>\n<p>&nbsp;<\/p>\n<p>&nbsp;<\/p>\n<p>&nbsp;<\/p>\n<p>&nbsp;<\/p>\n","protected":false},"excerpt":{"rendered":"<p>Por: Jo\u00e3o Zimmermann Youtube e Instagram: @joaozimmermann_oficial Palestras\/Workshop: Whats: 47984075482 E-mail: contato@joaozimmermann.com.br &nbsp; Introdu\u00e7\u00e3o No cora\u00e7\u00e3o de novembro, m\u00eas marcado pelo Novembro Azul, a aten\u00e7\u00e3o se volta para a sa\u00fade masculina e a import\u00e2ncia do diagn\u00f3stico precoce do c\u00e2ncer de pr\u00f3stata. Neste contexto, a gest\u00e3o do tempo se destaca n\u00e3o apenas como uma t\u00e9cnica de [&hellip;]<\/p>\n","protected":false},"author":1,"featured_media":39732,"comment_status":"open","ping_status":"open","sticky":false,"template":"","format":"standard","meta":{"ngg_post_thumbnail":0,"footnotes":""},"categories":[2,346,348,41],"tags":[],"class_list":["post-39731","post","type-post","status-publish","format-standard","has-post-thumbnail","hentry","category-destaques","category-gestao-de-tempo","category-gestao-do-tempo","category-ultimasnoticias"],"_links":{"self":[{"href":"https:\/\/somdepapo.com.br\/portal\/wp-json\/wp\/v2\/posts\/39731","targetHints":{"allow":["GET"]}}],"collection":[{"href":"https:\/\/somdepapo.com.br\/portal\/wp-json\/wp\/v2\/posts"}],"about":[{"href":"https:\/\/somdepapo.com.br\/portal\/wp-json\/wp\/v2\/types\/post"}],"author":[{"embeddable":true,"href":"https:\/\/somdepapo.com.br\/portal\/wp-json\/wp\/v2\/users\/1"}],"replies":[{"embeddable":true,"href":"https:\/\/somdepapo.com.br\/portal\/wp-json\/wp\/v2\/comments?post=39731"}],"version-history":[{"count":1,"href":"https:\/\/somdepapo.com.br\/portal\/wp-json\/wp\/v2\/posts\/39731\/revisions"}],"predecessor-version":[{"id":39733,"href":"https:\/\/somdepapo.com.br\/portal\/wp-json\/wp\/v2\/posts\/39731\/revisions\/39733"}],"wp:featuredmedia":[{"embeddable":true,"href":"https:\/\/somdepapo.com.br\/portal\/wp-json\/wp\/v2\/media\/39732"}],"wp:attachment":[{"href":"https:\/\/somdepapo.com.br\/portal\/wp-json\/wp\/v2\/media?parent=39731"}],"wp:term":[{"taxonomy":"category","embeddable":true,"href":"https:\/\/somdepapo.com.br\/portal\/wp-json\/wp\/v2\/categories?post=39731"},{"taxonomy":"post_tag","embeddable":true,"href":"https:\/\/somdepapo.com.br\/portal\/wp-json\/wp\/v2\/tags?post=39731"}],"curies":[{"name":"wp","href":"https:\/\/api.w.org\/{rel}","templated":true}]}}