{"id":39866,"date":"2024-11-19T10:38:21","date_gmt":"2024-11-19T13:38:21","guid":{"rendered":"https:\/\/somdepapo.com.br\/portal\/?p=39866"},"modified":"2024-11-19T10:39:55","modified_gmt":"2024-11-19T13:39:55","slug":"depressao-e-falta-de-fe","status":"publish","type":"post","link":"https:\/\/somdepapo.com.br\/portal\/depressao-e-falta-de-fe\/","title":{"rendered":"Depress\u00e3o \u00e9 falta de f\u00e9?"},"content":{"rendered":"<p style=\"text-align: right;\">Por Natalia Toneto \u2013 Psic\u00f3loga.<\/p>\n<p style=\"text-align: justify;\">\u00c9 muito comum ouvir que depress\u00e3o \u00e9 falta de Deus. E eu fico aqui pensando o que leva a popula\u00e7\u00e3o a acreditar que os diagn\u00f3sticos psiqui\u00e1tricos t\u00eam a ver com f\u00e9. Sinceramente, uma coisa n\u00e3o anula a outra. Ter f\u00e9 \u00e9 muito importante e de forma alguma devemos descartar a sua colabora\u00e7\u00e3o emocional para quem a tem, mas tamb\u00e9m n\u00e3o \u00e9 nada justo atribuir que uma pessoa que n\u00e3o tem a mesma f\u00e9 religiosa ou a mesma intensidade seja rotulada como algu\u00e9m que est\u00e1 \u201cadoecido\u201d porque n\u00e3o acredita em nada ou em Deus. Eu sempre tento abordar esse assunto com o m\u00e1ximo de respeito e sinceridade que tenho, pois para mim uma coisa nunca vai anular a outra. Pelo contr\u00e1rio. Todos n\u00f3s podemos acreditar no que quisermos e manifestar a f\u00e9 religiosa como quiser, o que nunca achei saud\u00e1vel e n\u00e3o vou concordar \u00e9 com o fanatismo, isso sim pode adoecer gravemente pessoas ou at\u00e9 mesmo coloc\u00e1-las em risco. Eu tive casos na cl\u00ednica que, infelizmente, tinham um conte\u00fado religioso extremista e em um desses casos quase custou a vida de uma jovem. Antes de criticar ou sugerir algo com \u201cboas inten\u00e7\u00f5es\u201d, busque pensar sobre as fragilidades que j\u00e1 atingem essa pessoa e o quanto deve ser dif\u00edcil administrar suas dores. E pode ter certeza: muitas pessoas que buscam a psicoterapia para se cuidarem, muitas vezes est\u00e3o cheias de f\u00e9, acreditam fielmente de que \u201cmilagres\u201d podem acontecer e isso tem uma grande import\u00e2ncia.<\/p>\n<p style=\"text-align: justify;\">Embora saibamos que existe uma rixa entre a religi\u00e3o e a f\u00e9, n\u00e3o podemos descartar que as duas t\u00eam a sua import\u00e2ncia e para algumas pessoas, sendo elas amantes da ci\u00eancia como eu, tamb\u00e9m n\u00e3o a descartam. Como o contr\u00e1rio tamb\u00e9m \u00e9 uma verdade, pessoas de muita f\u00e9 acreditam que a ci\u00eancia tem sua import\u00e2ncia e, segundo Ribeiro (2011):<\/p>\n<p style=\"text-align: justify;\">Apesar dos percal\u00e7os, ci\u00eancia e f\u00e9 compartilham caracter\u00edsticas comuns. S\u00e3o atividades racionais, com campo de atua\u00e7\u00e3o bem definido &#8211; mas gostam de aventurar-se fora dele, nem sempre com propriedade. E em seus fundamentos buscam, a seu modo, a felicidade do ser humano. E, sempre presente, mesmo que despercebido, o assombro perante os mundos exterior e interior. Estruturas de poder existem em ambas. E como todo poder exercido por humanos, h\u00e1 falhas, muitas vezes clamorosas, e exemplos deplor\u00e1veis de m\u00e1 conduta no seu exerc\u00edcio.<\/p>\n<p style=\"text-align: justify;\">Ou seja: \u00e9 uma luta desnecess\u00e1ria ficar apontando e criando situa\u00e7\u00f5es entre essas duas tem\u00e1ticas. Afinal, o que voc\u00ea ganha em achar que uma doen\u00e7a (seja ela qual for) \u00e9 resultado da falta de f\u00e9? Por um acaso a sua f\u00e9 te faz melhor ou ter menos problemas do que outras pessoas? N\u00e3o, claro que n\u00e3o! Tenho certeza que ela te d\u00e1 a possibilidade de ter dias com mais esperan\u00e7a no futuro, te faz acreditar que tudo pode ser diferente e em muitas situa\u00e7\u00f5es te impulsiona a buscar o melhor. \u00c9 como aquela frase: \u201clevanta, sacode a poeira e d\u00e1 a volta por cima\u201d. Ent\u00e3o se algum dia pessoas com depress\u00e3o, ansiedade e qualquer outro diagn\u00f3stico tiverem um contato direto com voc\u00ea, busque acolher, orientar o que \u00e9 poss\u00edvel e no seu \u00edntimo emane a sua f\u00e9 em forma de gentileza.<\/p>\n<p style=\"text-align: justify;\">Caso esse e outros temas que voc\u00ea tem visto no @portalsomdepapo te interessarem, entre em contato comigo no @psi.nataliatonetolima. Ser\u00e1 um prazer falar com voc\u00ea.<\/p>\n<p style=\"text-align: justify;\">Abra\u00e7os e at\u00e9 breve!<\/p>\n<p style=\"text-align: justify;\">Refer\u00eancia:<\/p>\n<p style=\"text-align: justify;\">MUNDIM, Eduardo Ribeiro. Bio\u00e9tica, ci\u00eancia e f\u00e9. Rev Med Minas Gerais [Internet], v. 21, n. 3, p. 348-52, 2011. &lt;https:\/\/www.rmmg.org\/exportar-pdf\/181\/v21n3a15.pdf&gt; Acesso em: nov. 2024.<\/p>\n<p style=\"text-align: justify;\">&nbsp;<\/p>\n<p>&nbsp;<\/p>\n<p>&nbsp;<\/p>\n","protected":false},"excerpt":{"rendered":"<p>Por Natalia Toneto \u2013 Psic\u00f3loga. \u00c9 muito comum ouvir que depress\u00e3o \u00e9 falta de Deus. E eu fico aqui pensando o que leva a popula\u00e7\u00e3o a acreditar que os diagn\u00f3sticos psiqui\u00e1tricos t\u00eam a ver com f\u00e9. Sinceramente, uma coisa n\u00e3o anula a outra. Ter f\u00e9 \u00e9 muito importante e de forma alguma devemos descartar a [&hellip;]<\/p>\n","protected":false},"author":1,"featured_media":39867,"comment_status":"open","ping_status":"open","sticky":false,"template":"","format":"standard","meta":{"ngg_post_thumbnail":0,"footnotes":""},"categories":[2,352,41],"tags":[],"class_list":["post-39866","post","type-post","status-publish","format-standard","has-post-thumbnail","hentry","category-destaques","category-terapias","category-ultimasnoticias"],"_links":{"self":[{"href":"https:\/\/somdepapo.com.br\/portal\/wp-json\/wp\/v2\/posts\/39866","targetHints":{"allow":["GET"]}}],"collection":[{"href":"https:\/\/somdepapo.com.br\/portal\/wp-json\/wp\/v2\/posts"}],"about":[{"href":"https:\/\/somdepapo.com.br\/portal\/wp-json\/wp\/v2\/types\/post"}],"author":[{"embeddable":true,"href":"https:\/\/somdepapo.com.br\/portal\/wp-json\/wp\/v2\/users\/1"}],"replies":[{"embeddable":true,"href":"https:\/\/somdepapo.com.br\/portal\/wp-json\/wp\/v2\/comments?post=39866"}],"version-history":[{"count":1,"href":"https:\/\/somdepapo.com.br\/portal\/wp-json\/wp\/v2\/posts\/39866\/revisions"}],"predecessor-version":[{"id":39868,"href":"https:\/\/somdepapo.com.br\/portal\/wp-json\/wp\/v2\/posts\/39866\/revisions\/39868"}],"wp:featuredmedia":[{"embeddable":true,"href":"https:\/\/somdepapo.com.br\/portal\/wp-json\/wp\/v2\/media\/39867"}],"wp:attachment":[{"href":"https:\/\/somdepapo.com.br\/portal\/wp-json\/wp\/v2\/media?parent=39866"}],"wp:term":[{"taxonomy":"category","embeddable":true,"href":"https:\/\/somdepapo.com.br\/portal\/wp-json\/wp\/v2\/categories?post=39866"},{"taxonomy":"post_tag","embeddable":true,"href":"https:\/\/somdepapo.com.br\/portal\/wp-json\/wp\/v2\/tags?post=39866"}],"curies":[{"name":"wp","href":"https:\/\/api.w.org\/{rel}","templated":true}]}}