{"id":39944,"date":"2024-11-26T09:56:15","date_gmt":"2024-11-26T12:56:15","guid":{"rendered":"https:\/\/somdepapo.com.br\/portal\/?p=39944"},"modified":"2024-11-26T09:56:15","modified_gmt":"2024-11-26T12:56:15","slug":"por-que-tenho-que-tomar-remedios-psiquiatricos","status":"publish","type":"post","link":"https:\/\/somdepapo.com.br\/portal\/por-que-tenho-que-tomar-remedios-psiquiatricos\/","title":{"rendered":"Por que tenho que tomar rem\u00e9dios psiqui\u00e1tricos?"},"content":{"rendered":"<p style=\"text-align: right;\">Por Natalia Toneto \u2013 Psic\u00f3loga<\/p>\n<p style=\"text-align: justify;\">Frequentemente ou\u00e7o essa pergunta. Embora eu n\u00e3o seja m\u00e9dica psiquiatra, eu trabalho com psicologia baseada em evidencia (ci\u00eancia). Ou seja, baseio os meus estudos e atendimentos no que os artigos cient\u00edficos apontam como tratamentos eficazes e, por mais que eu seja psic\u00f3loga, a psicologia tem ganhado espa\u00e7o significativo em estudos e nos protocolos para tratamentos como depress\u00e3o, ansiedade, transtorno afetivo bipolar e transtornos de personalidade, como por exemplo, TPB (transtorno de personalidade borderline). T\u00e1! Mas o que os rem\u00e9dios psiqui\u00e1tricos t\u00eam a ver com isso? Muita coisa, afinal quando \u00e9 identificado o diagn\u00f3stico psicol\u00f3gico\/psiqui\u00e1trico, em casos espec\u00edficos, o que vai auxiliar temporariamente ou durante toda a vida s\u00e3o as composi\u00e7\u00f5es qu\u00edmicas que os f\u00e1rmacos (rem\u00e9dios) possuem. Vou colocar aqui alguns exemplos. Voc\u00ea conhece algu\u00e9m que toma rem\u00e9dios para dormir, ou at\u00e9 mesmo para o quadro de depress\u00e3o e ansiedade? Ent\u00e3o, esses rem\u00e9dios n\u00e3o s\u00e3o dados por um acaso, como eu j\u00e1 mencionei no artigo sobre depress\u00e3o. As fun\u00e7\u00f5es neuroqu\u00edmicas est\u00e3o de uma forma disfuncional, que pode ser produzindo qu\u00edmicas\/horm\u00f4nios a mais ou a menos, n\u00e3o deixando o paciente em estado basal (\u00e9 o estado \u201cnormal\u201d do humor, sem varia\u00e7\u00f5es que prejudiquem o indiv\u00edduo), ou seja, o objetivo da medica\u00e7\u00e3o \u00e9 poder fazer com que o indiv\u00edduo tenha melhora significativa e volte a ficar est\u00e1vel no seu humor, podendo assim fazer suas atividades di\u00e1rias sem perdas significativas.<\/p>\n<p style=\"text-align: justify;\">Assim como uma pessoa que tem press\u00e3o alta (hipertens\u00e3o) ou diabetes precisa de medica\u00e7\u00f5es para estabilizar e manter-se est\u00e1vel fisicamente, as medica\u00e7\u00f5es psiqui\u00e1tricas tamb\u00e9m fazem isso. Eu sei que existem muitos mitos sobre essa tem\u00e1tica e \u00e0s vezes \u00e9 confuso, al\u00e9m do medo de ficar viciado. E eu jamais deixaria de considerar esses receios, mas estou aqui para pensarmos juntos sobre esse tema e poder desmistificar, pois muitas pessoas perdem significativamente sua qualidade de vida porque acreditam que estar medicado \u00e9 horr\u00edvel, ou que nunca mais vai parar de tomar medica\u00e7\u00f5es e, pior, aquelas que realmente precisam de estabilizadores de humor, como no diagn\u00f3stico de TAB \u2013 Transtorno Afetivo Bipolar, sentem-se envergonhadas em ter que depender da medica\u00e7\u00e3o para ficarem est\u00e1veis, gerando pensamentos como: \u201csem a medica\u00e7\u00e3o ent\u00e3o n\u00e3o sou eu\u201d, ou, \u201cque vergonha saber que para ficar bem eu preciso me medicar. O que as pessoas ir\u00e3o pensar se souberem? Pensar\u00e3o que sou louca!\u201d<\/p>\n<p style=\"text-align: justify;\">\n<p style=\"text-align: justify;\">Loucura, esse termo tantas vezes pejorativo, acorrenta as pessoas nos julgamentos de certo e errado sobre sa\u00fade mental e muitas vezes quem julga ou discrimina uma pessoa por buscar ajuda psiqui\u00e1trica e psicol\u00f3gica est\u00e1 t\u00e3o ou at\u00e9 mais necessitado de ajuda do que a pessoa que j\u00e1 est\u00e1 no processo.<\/p>\n<p style=\"text-align: justify;\">Tomar medica\u00e7\u00f5es vai al\u00e9m de s\u00f3 receber a receita, comprar e pronto. Existe todo um acompanhamento, as consultas regulares com o\/a psiquiatra e o acompanhamento psicoterap\u00eautico precisam estar em dia, assim fica mais f\u00e1cil de organizar a rotina, os efeitos colaterais, caso tenha e at\u00e9 mesmo ajustar as doses, caso necess\u00e1rio. Busquem lembrar que o nosso corpo \u00e0s vezes precisa de manuten\u00e7\u00f5es, assim como um carro que precisa ser revisado, e tem troca de \u00f3leo, pneus, far\u00f3is etc., n\u00f3s tamb\u00e9m precisamos e isso se diz a todo o corpo. Embora aqui eu esteja para falar sobre sa\u00fade mental, n\u00e3o \u00e9 poss\u00edvel descartar os cuidados com as outras \u00e1reas. Afinal, voc\u00ea \u00e9 um s\u00f3 e carrega um mundo dentro de si.<\/p>\n<p style=\"text-align: justify;\">Caso tenha d\u00favidas sobre esse tema ou outros que envolvam a psicologia, fico \u00e0 disposi\u00e7\u00e3o para esclarecer. Voc\u00ea pode entrar em contato comigo pelo @psi.nataliatonetolima. Ser\u00e1 um prazer falar com voc\u00ea!<\/p>\n<p style=\"text-align: justify;\">Abra\u00e7os e at\u00e9 breve.<\/p>\n<p style=\"text-align: justify;\">&nbsp;<\/p>\n<p>&nbsp;<\/p>\n<p>&nbsp;<\/p>\n<p>&nbsp;<\/p>\n<p>&nbsp;<\/p>\n","protected":false},"excerpt":{"rendered":"<p>Por Natalia Toneto \u2013 Psic\u00f3loga Frequentemente ou\u00e7o essa pergunta. Embora eu n\u00e3o seja m\u00e9dica psiquiatra, eu trabalho com psicologia baseada em evidencia (ci\u00eancia). Ou seja, baseio os meus estudos e atendimentos no que os artigos cient\u00edficos apontam como tratamentos eficazes e, por mais que eu seja psic\u00f3loga, a psicologia tem ganhado espa\u00e7o significativo em estudos [&hellip;]<\/p>\n","protected":false},"author":1,"featured_media":39945,"comment_status":"open","ping_status":"open","sticky":false,"template":"","format":"standard","meta":{"ngg_post_thumbnail":0,"footnotes":""},"categories":[2,352,41],"tags":[],"class_list":["post-39944","post","type-post","status-publish","format-standard","has-post-thumbnail","hentry","category-destaques","category-terapias","category-ultimasnoticias"],"_links":{"self":[{"href":"https:\/\/somdepapo.com.br\/portal\/wp-json\/wp\/v2\/posts\/39944","targetHints":{"allow":["GET"]}}],"collection":[{"href":"https:\/\/somdepapo.com.br\/portal\/wp-json\/wp\/v2\/posts"}],"about":[{"href":"https:\/\/somdepapo.com.br\/portal\/wp-json\/wp\/v2\/types\/post"}],"author":[{"embeddable":true,"href":"https:\/\/somdepapo.com.br\/portal\/wp-json\/wp\/v2\/users\/1"}],"replies":[{"embeddable":true,"href":"https:\/\/somdepapo.com.br\/portal\/wp-json\/wp\/v2\/comments?post=39944"}],"version-history":[{"count":1,"href":"https:\/\/somdepapo.com.br\/portal\/wp-json\/wp\/v2\/posts\/39944\/revisions"}],"predecessor-version":[{"id":39946,"href":"https:\/\/somdepapo.com.br\/portal\/wp-json\/wp\/v2\/posts\/39944\/revisions\/39946"}],"wp:featuredmedia":[{"embeddable":true,"href":"https:\/\/somdepapo.com.br\/portal\/wp-json\/wp\/v2\/media\/39945"}],"wp:attachment":[{"href":"https:\/\/somdepapo.com.br\/portal\/wp-json\/wp\/v2\/media?parent=39944"}],"wp:term":[{"taxonomy":"category","embeddable":true,"href":"https:\/\/somdepapo.com.br\/portal\/wp-json\/wp\/v2\/categories?post=39944"},{"taxonomy":"post_tag","embeddable":true,"href":"https:\/\/somdepapo.com.br\/portal\/wp-json\/wp\/v2\/tags?post=39944"}],"curies":[{"name":"wp","href":"https:\/\/api.w.org\/{rel}","templated":true}]}}