{"id":39963,"date":"2024-11-28T09:53:27","date_gmt":"2024-11-28T12:53:27","guid":{"rendered":"https:\/\/somdepapo.com.br\/portal\/?p=39963"},"modified":"2024-11-28T10:04:35","modified_gmt":"2024-11-28T13:04:35","slug":"a-ciencia-da-procrastinacao-entendendo-nossos-patroes-de-adiamento","status":"publish","type":"post","link":"https:\/\/somdepapo.com.br\/portal\/a-ciencia-da-procrastinacao-entendendo-nossos-patroes-de-adiamento\/","title":{"rendered":"A Ci\u00eancia da Procrastina\u00e7\u00e3o:  entendendo nossos padr\u00f5es de adiamento"},"content":{"rendered":"<p style=\"text-align: right;\">Por: Jo\u00e3o Zimmermann<\/p>\n<p style=\"text-align: right;\">@joaozimmermann_oficial<\/p>\n<p style=\"text-align: right;\">WhatsApp: 4798793371<\/p>\n<p style=\"text-align: justify;\">A Teoria da Temporalidade<\/p>\n<p style=\"text-align: justify;\">Uma das teorias mais citadas para explicar a procrastina\u00e7\u00e3o \u00e9 a teoria da temporalidade.<\/p>\n<p style=\"text-align: justify;\">&nbsp;A ideia \u00e9 que as pessoas adiem tarefas porque t\u00eam dificuldade em equilibrar a gratifica\u00e7\u00e3o imediata com recompensas futuras.<\/p>\n<p style=\"text-align: justify;\">&nbsp;No seu trabalho, Akerlof (1991) discute como as prefer\u00eancias temporais influenciam a nossa tomada de decis\u00e3o, levando-nos a favorecer recompensas imediatas em detrimento do sucesso a longo prazo.<\/p>\n<p style=\"text-align: justify;\">O Papel da Neuroci\u00eancia<\/p>\n<p style=\"text-align: justify;\">Neurocientificamente, a procrastina\u00e7\u00e3o est\u00e1 ligada a conflitos entre diferentes partes do c\u00e9rebro, como o sistema l\u00edmbico e o c\u00f3rtex pr\u00e9-frontal.<\/p>\n<p style=\"text-align: justify;\">O sistema l\u00edmbico, que lida com as emo\u00e7\u00f5es, frequentemente &#8220;ganha&#8221; o controle, priorizando gratifica\u00e7\u00f5es imediatas sobre o planejamento a longo prazo, que \u00e9 a fun\u00e7\u00e3o do c\u00f3rtex pr\u00e9-frontal.<\/p>\n<p style=\"text-align: justify;\">Est\u00e1 pronto para reprogramar seu c\u00e9rebro e superar os padr\u00f5es de adiamento? O M\u00e9todo Despertar pode ser a chave para transformar sua produtividade e alcan\u00e7ar suas metas com efic\u00e1cia. Entre em contato comigo para explorar como essa metodologia pode impactar positivamente a sua vida!<\/p>\n<p style=\"text-align: justify;\">Fatores Psicol\u00f3gicos<\/p>\n<p style=\"text-align: justify;\">Al\u00e9m dos aspectos neurol\u00f3gicos, fatores psicol\u00f3gicos tamb\u00e9m desempenham um papel importante. O medo do fracasso e o perfeccionismo s\u00e3o dois dos principais culpados. Pessoas que t\u00eam expectativas pessoais muito elevadas muitas vezes procrastinam pois temem que n\u00e3o conseguir\u00e3o atingir suas pr\u00f3prias normas.<\/p>\n<p style=\"text-align: justify;\">Conclus\u00e3o<\/p>\n<p style=\"text-align: justify;\">A procrastina\u00e7\u00e3o \u00e9 uma batalha complexa entre as recompensas imediatas e os objetivos a longo prazo. Ao compreender os mecanismos psicol\u00f3gicos e neurol\u00f3gicos por tr\u00e1s desse comportamento, podemos desenvolver estrat\u00e9gias mais eficazes para super\u00e1-lo, promovendo uma vida mais produtiva e satisfat\u00f3ria.<\/p>\n<p style=\"text-align: justify;\">Refer\u00eancias:<\/p>\n<p style=\"text-align: justify;\">\u2022 Akerlof, G. A. (1991). &#8220;Procrastination and Obedience.&#8221; The American Economic Review.<\/p>\n<p style=\"text-align: justify;\">\u2022 Tice, D. M., &amp; Baumeister, R. F. (1997). &#8220;Longitudinal Study of Procrastination, Performance, Stress, and Health: The Costs and Benefits of Dawdling.&#8221;<\/p>\n<p style=\"text-align: justify;\">&nbsp;<\/p>\n<p>&nbsp;<\/p>\n<p>&nbsp;<\/p>\n","protected":false},"excerpt":{"rendered":"<p>Por: Jo\u00e3o Zimmermann @joaozimmermann_oficial WhatsApp: 4798793371 A Teoria da Temporalidade Uma das teorias mais citadas para explicar a procrastina\u00e7\u00e3o \u00e9 a teoria da temporalidade. &nbsp;A ideia \u00e9 que as pessoas adiem tarefas porque t\u00eam dificuldade em equilibrar a gratifica\u00e7\u00e3o imediata com recompensas futuras. &nbsp;No seu trabalho, Akerlof (1991) discute como as prefer\u00eancias temporais influenciam a [&hellip;]<\/p>\n","protected":false},"author":1,"featured_media":39964,"comment_status":"open","ping_status":"open","sticky":false,"template":"","format":"standard","meta":{"ngg_post_thumbnail":0,"footnotes":""},"categories":[2,346,348,41],"tags":[],"class_list":["post-39963","post","type-post","status-publish","format-standard","has-post-thumbnail","hentry","category-destaques","category-gestao-de-tempo","category-gestao-do-tempo","category-ultimasnoticias"],"_links":{"self":[{"href":"https:\/\/somdepapo.com.br\/portal\/wp-json\/wp\/v2\/posts\/39963","targetHints":{"allow":["GET"]}}],"collection":[{"href":"https:\/\/somdepapo.com.br\/portal\/wp-json\/wp\/v2\/posts"}],"about":[{"href":"https:\/\/somdepapo.com.br\/portal\/wp-json\/wp\/v2\/types\/post"}],"author":[{"embeddable":true,"href":"https:\/\/somdepapo.com.br\/portal\/wp-json\/wp\/v2\/users\/1"}],"replies":[{"embeddable":true,"href":"https:\/\/somdepapo.com.br\/portal\/wp-json\/wp\/v2\/comments?post=39963"}],"version-history":[{"count":2,"href":"https:\/\/somdepapo.com.br\/portal\/wp-json\/wp\/v2\/posts\/39963\/revisions"}],"predecessor-version":[{"id":39966,"href":"https:\/\/somdepapo.com.br\/portal\/wp-json\/wp\/v2\/posts\/39963\/revisions\/39966"}],"wp:featuredmedia":[{"embeddable":true,"href":"https:\/\/somdepapo.com.br\/portal\/wp-json\/wp\/v2\/media\/39964"}],"wp:attachment":[{"href":"https:\/\/somdepapo.com.br\/portal\/wp-json\/wp\/v2\/media?parent=39963"}],"wp:term":[{"taxonomy":"category","embeddable":true,"href":"https:\/\/somdepapo.com.br\/portal\/wp-json\/wp\/v2\/categories?post=39963"},{"taxonomy":"post_tag","embeddable":true,"href":"https:\/\/somdepapo.com.br\/portal\/wp-json\/wp\/v2\/tags?post=39963"}],"curies":[{"name":"wp","href":"https:\/\/api.w.org\/{rel}","templated":true}]}}