{"id":40010,"date":"2024-12-01T07:48:49","date_gmt":"2024-12-01T10:48:49","guid":{"rendered":"https:\/\/somdepapo.com.br\/portal\/?p=40010"},"modified":"2024-12-01T07:48:49","modified_gmt":"2024-12-01T10:48:49","slug":"mulher-com-a-cara-do-verao","status":"publish","type":"post","link":"https:\/\/somdepapo.com.br\/portal\/mulher-com-a-cara-do-verao\/","title":{"rendered":"Mulher com a cara do Ver\u00e3o"},"content":{"rendered":"<p style=\"text-align: right;\">Por Marize Reges&nbsp;<\/p>\n<p style=\"text-align: justify;\">A Mulher com a Cara do Ver\u00e3o: Beleza que Vem de Dentro.<\/p>\n<p style=\"text-align: justify;\">O ver\u00e3o n\u00e3o \u00e9 apenas uma esta\u00e7\u00e3o; \u00e9 um estado de esp\u00edrito. A mulher com a cara do ver\u00e3o n\u00e3o se define apenas pelo que veste, mas pelo que transmite: leveza, alegria e autenticidade.<\/p>\n<p style=\"text-align: justify;\">Nesta esta\u00e7\u00e3o, \u00e9 hora de deixar a pele respirar e a alma brilhar. Um vestido de linho, um chap\u00e9u de palha, o sorriso que irradia confian\u00e7a. Mas o verdadeiro segredo est\u00e1 nos pequenos gestos: beber \u00e1gua de coco \u00e0 sombra de uma \u00e1rvore, sentir a brisa no rosto, sorrir sem motivo aparente.<\/p>\n<p style=\"text-align: justify;\">Cuidar da pele com protetor solar \u00e9 importante, mas cuidar da autoestima \u00e9 essencial. A mulher madura que abra\u00e7a o ver\u00e3o sabe que cada ruga conta uma hist\u00f3ria, cada curva \u00e9 um mapa de experi\u00eancias vividas. E que a verdadeira beleza n\u00e3o vem da maquiagem, mas da luz que vem de dentro.<\/p>\n<p style=\"text-align: justify;\">Ent\u00e3o, neste ver\u00e3o, mais do que exibir um bronzeado, exiba a leveza de ser quem voc\u00ea \u00e9, com todas as suas cores. Afinal, o ver\u00e3o n\u00e3o tem idade, e a felicidade tamb\u00e9m n\u00e3o.<\/p>\n<p style=\"text-align: justify;\">@marizerreges, segue instagram<\/p>\n<p style=\"text-align: justify;\">&nbsp;<\/p>\n","protected":false},"excerpt":{"rendered":"<p>Por Marize Reges&nbsp; A Mulher com a Cara do Ver\u00e3o: Beleza que Vem de Dentro. O ver\u00e3o n\u00e3o \u00e9 apenas uma esta\u00e7\u00e3o; \u00e9 um estado de esp\u00edrito. A mulher com a cara do ver\u00e3o n\u00e3o se define apenas pelo que veste, mas pelo que transmite: leveza, alegria e autenticidade. Nesta esta\u00e7\u00e3o, \u00e9 hora de deixar [&hellip;]<\/p>\n","protected":false},"author":1,"featured_media":40011,"comment_status":"open","ping_status":"open","sticky":false,"template":"","format":"standard","meta":{"ngg_post_thumbnail":0,"footnotes":""},"categories":[2,275,41],"tags":[],"class_list":["post-40010","post","type-post","status-publish","format-standard","has-post-thumbnail","hentry","category-destaques","category-mulher","category-ultimasnoticias"],"_links":{"self":[{"href":"https:\/\/somdepapo.com.br\/portal\/wp-json\/wp\/v2\/posts\/40010","targetHints":{"allow":["GET"]}}],"collection":[{"href":"https:\/\/somdepapo.com.br\/portal\/wp-json\/wp\/v2\/posts"}],"about":[{"href":"https:\/\/somdepapo.com.br\/portal\/wp-json\/wp\/v2\/types\/post"}],"author":[{"embeddable":true,"href":"https:\/\/somdepapo.com.br\/portal\/wp-json\/wp\/v2\/users\/1"}],"replies":[{"embeddable":true,"href":"https:\/\/somdepapo.com.br\/portal\/wp-json\/wp\/v2\/comments?post=40010"}],"version-history":[{"count":1,"href":"https:\/\/somdepapo.com.br\/portal\/wp-json\/wp\/v2\/posts\/40010\/revisions"}],"predecessor-version":[{"id":40012,"href":"https:\/\/somdepapo.com.br\/portal\/wp-json\/wp\/v2\/posts\/40010\/revisions\/40012"}],"wp:featuredmedia":[{"embeddable":true,"href":"https:\/\/somdepapo.com.br\/portal\/wp-json\/wp\/v2\/media\/40011"}],"wp:attachment":[{"href":"https:\/\/somdepapo.com.br\/portal\/wp-json\/wp\/v2\/media?parent=40010"}],"wp:term":[{"taxonomy":"category","embeddable":true,"href":"https:\/\/somdepapo.com.br\/portal\/wp-json\/wp\/v2\/categories?post=40010"},{"taxonomy":"post_tag","embeddable":true,"href":"https:\/\/somdepapo.com.br\/portal\/wp-json\/wp\/v2\/tags?post=40010"}],"curies":[{"name":"wp","href":"https:\/\/api.w.org\/{rel}","templated":true}]}}