{"id":40035,"date":"2024-12-03T10:00:38","date_gmt":"2024-12-03T13:00:38","guid":{"rendered":"https:\/\/somdepapo.com.br\/portal\/?p=40035"},"modified":"2024-12-04T12:12:33","modified_gmt":"2024-12-04T15:12:33","slug":"afinal-o-que-e-o-transtorno-afetivo-bipolar-tab","status":"publish","type":"post","link":"https:\/\/somdepapo.com.br\/portal\/afinal-o-que-e-o-transtorno-afetivo-bipolar-tab\/","title":{"rendered":"Afinal, o que \u00e9 o Transtorno Afetivo Bipolar \u2013 TAB?"},"content":{"rendered":"<p style=\"text-align: right;\"><strong>Por Natalia Toneto \u2013 Psic\u00f3loga. <\/strong><\/p>\n<p style=\"text-align: justify;\"><em>\u201cNossa, fulano muda de humor toda hora, parece bipolar!<\/em>\u201d N\u00e3o gente, isso n\u00e3o \u00e9 bipolaridade!! Mudar de humor algumas vezes ao longo do dia n\u00e3o significa que a pessoa tenha um diagn\u00f3stico de TAB (Transtorno Bipolar). As trocas de humor repentinas dentro de 24 horas podem ter muitas explica\u00e7\u00f5es e com certeza passar\u00edamos horas falando sobre isso. O objetivo aqui \u00e9 falar realmente sobre o que \u00e9 bipolaridade. H\u00e1 duas formas de diagnostic\u00e1-la: Transtorno Afetivo Bipolar tipo I e II e seus crit\u00e9rios diagn\u00f3sticos, segundo o DSM-5, incluem:<\/p>\n<p><u>Epis\u00f3dios de Mania:<\/u><\/p>\n<p style=\"text-align: justify;\">Per\u00edodo distinto de humor anormalmente elevado, expansivo ou irrit\u00e1vel e aumento de energia ou atividade, por pelo menos <u>uma semana<\/u>, presente na maior parte do dia, quase todos os dias. Tr\u00eas ou mais (ou quatro, se o humor for apenas irrit\u00e1vel) dos seguintes sintomas:<\/p>\n<ul>\n<li>Autoestima inflada ou grandiosidade.<\/li>\n<li>Diminui\u00e7\u00e3o da necessidade de sono.<\/li>\n<li>Fala acelerada.<\/li>\n<li>Fuga de ideias ou pensamento acelerado.<\/li>\n<li>Distra\u00e7\u00e3o.<\/li>\n<li>Aumento na atividade direcionada a objetivos ou agita\u00e7\u00e3o psicomotora.<\/li>\n<li>Envolvimento excessivo em atividades com alto potencial de consequ\u00eancias negativas.<\/li>\n<\/ul>\n<ul>\n<li>Os sintomas causam preju\u00edzo significativo no funcionamento social ou ocupacional ou requerem hospitaliza\u00e7\u00e3o para prevenir danos.<\/li>\n<li>N\u00e3o s\u00e3o atribu\u00edveis a efeitos de subst\u00e2ncias ou outras condi\u00e7\u00f5es m\u00e9dicas.<\/li>\n<\/ul>\n<p><u>Epis\u00f3dios de Hipomania:<\/u><\/p>\n<ul>\n<li style=\"text-align: justify;\">Sintomas semelhantes \u00e0 mania, mas com menor intensidade e <u>dura\u00e7\u00e3o m\u00ednima de 4 dias,<\/u> sem preju\u00edzo funcional grave.<\/li>\n<\/ul>\n<p><u>Epis\u00f3dios Depressivos:<\/u><\/p>\n<p style=\"text-align: justify;\">De cinco ou mais dos seguintes sintomas, por <u>pelo menos duas semanas, representando uma mudan\u00e7a no funcionamento, sendo que pelo menos um deve ser humor deprimido ou perda de interesse\/prazer:<\/u><\/p>\n<ol>\n<li>Humor deprimido na maior parte do dia.<\/li>\n<li>Diminui\u00e7\u00e3o do interesse\/prazer em atividades.<\/li>\n<li>Altera\u00e7\u00f5es de peso ou apetite.<\/li>\n<li>Ins\u00f4nia ou hipersonia.<\/li>\n<li>Agita\u00e7\u00e3o ou retardo psicomotor.<\/li>\n<li>Fadiga ou perda de energia.<\/li>\n<li>Sentimentos de inutilidade ou culpa excessiva.<\/li>\n<li>Dificuldade de concentra\u00e7\u00e3o.<\/li>\n<li>Pensamentos recorrentes de morte ou suic\u00eddio.<\/li>\n<\/ol>\n<p style=\"text-align: justify;\">Os sintomas devem causar sofrimento significativo ou preju\u00edzo funcional e n\u00e3o serem atribu\u00eddos a efeitos de subst\u00e2ncias ou condi\u00e7\u00f5es m\u00e9dicas.<\/p>\n<p style=\"text-align: justify;\">Quando existe um diagn\u00f3stico psiqui\u00e1trico como o TAB, estabilizadores de humor s\u00e3o essenciais e podem estar combinados com outras medica\u00e7\u00f5es que precisam ser tomadas pela vida toda. Como o transtorno bipolar \u00e9 um diagn\u00f3stico neuroqu\u00edmico e necessita de psicof\u00e1rmacos para manter a estabilidade do indiv\u00edduo, n\u00e3o se descarta de forma alguma o acompanhamento psicol\u00f3gico. Estar em psicoterapia \u00e9 muito importante, pois aprender a lidar com a ciclagem (trocas de humor), a adapta\u00e7\u00e3o da medica\u00e7\u00e3o e reconhecer poss\u00edveis sinais de que pode entrar em crise nem sempre \u00e9 f\u00e1cil. Infelizmente ainda existe muito julgamento e estere\u00f3tipo e por faltar informa\u00e7\u00e3o e sobrar opini\u00f5es do senso comum uma pessoa pode levar no m\u00ednimo 10 anos para um diagn\u00f3stico correto. Em homens observa-se que os epis\u00f3dios de mania ou hipomania podem ser apresentados por irritabilidade, como mencionado acima.&nbsp;<\/p>\n<p style=\"text-align: justify;\">Caso voc\u00ea tenha d\u00favidas, conhe\u00e7a ou esteja apresentando os sintomas acima busque ajuda de um profissional da sa\u00fade mental. Se quiser falar diretamente comigo, voc\u00ea me encontra no @psi.nataliatonetolima e ser\u00e1 um prazer falar com contigo.<\/p>\n","protected":false},"excerpt":{"rendered":"<p>Por Natalia Toneto \u2013 Psic\u00f3loga. \u201cNossa, fulano muda de humor toda hora, parece bipolar!\u201d N\u00e3o gente, isso n\u00e3o \u00e9 bipolaridade!! Mudar de humor algumas vezes ao longo do dia n\u00e3o significa que a pessoa tenha um diagn\u00f3stico de TAB (Transtorno Bipolar). As trocas de humor repentinas dentro de 24 horas podem ter muitas explica\u00e7\u00f5es e [&hellip;]<\/p>\n","protected":false},"author":1,"featured_media":40036,"comment_status":"open","ping_status":"open","sticky":false,"template":"","format":"standard","meta":{"ngg_post_thumbnail":0,"footnotes":""},"categories":[2,352,41],"tags":[],"class_list":["post-40035","post","type-post","status-publish","format-standard","has-post-thumbnail","hentry","category-destaques","category-terapias","category-ultimasnoticias"],"_links":{"self":[{"href":"https:\/\/somdepapo.com.br\/portal\/wp-json\/wp\/v2\/posts\/40035","targetHints":{"allow":["GET"]}}],"collection":[{"href":"https:\/\/somdepapo.com.br\/portal\/wp-json\/wp\/v2\/posts"}],"about":[{"href":"https:\/\/somdepapo.com.br\/portal\/wp-json\/wp\/v2\/types\/post"}],"author":[{"embeddable":true,"href":"https:\/\/somdepapo.com.br\/portal\/wp-json\/wp\/v2\/users\/1"}],"replies":[{"embeddable":true,"href":"https:\/\/somdepapo.com.br\/portal\/wp-json\/wp\/v2\/comments?post=40035"}],"version-history":[{"count":2,"href":"https:\/\/somdepapo.com.br\/portal\/wp-json\/wp\/v2\/posts\/40035\/revisions"}],"predecessor-version":[{"id":40067,"href":"https:\/\/somdepapo.com.br\/portal\/wp-json\/wp\/v2\/posts\/40035\/revisions\/40067"}],"wp:featuredmedia":[{"embeddable":true,"href":"https:\/\/somdepapo.com.br\/portal\/wp-json\/wp\/v2\/media\/40036"}],"wp:attachment":[{"href":"https:\/\/somdepapo.com.br\/portal\/wp-json\/wp\/v2\/media?parent=40035"}],"wp:term":[{"taxonomy":"category","embeddable":true,"href":"https:\/\/somdepapo.com.br\/portal\/wp-json\/wp\/v2\/categories?post=40035"},{"taxonomy":"post_tag","embeddable":true,"href":"https:\/\/somdepapo.com.br\/portal\/wp-json\/wp\/v2\/tags?post=40035"}],"curies":[{"name":"wp","href":"https:\/\/api.w.org\/{rel}","templated":true}]}}