{"id":40045,"date":"2024-12-04T10:00:50","date_gmt":"2024-12-04T13:00:50","guid":{"rendered":"https:\/\/somdepapo.com.br\/portal\/?p=40045"},"modified":"2024-12-04T09:06:57","modified_gmt":"2024-12-04T12:06:57","slug":"a-procrastinacao-como-um-sintoma-de-perfeccionismo","status":"publish","type":"post","link":"https:\/\/somdepapo.com.br\/portal\/a-procrastinacao-como-um-sintoma-de-perfeccionismo\/","title":{"rendered":"A Procrastina\u00e7\u00e3o Como um Sintoma de Perfeccionismo"},"content":{"rendered":"<p style=\"text-align: right;\">Por Jo\u00e3o Zimmermann &#8211; Especialista em Produtividade<br \/>\n@joaozimmermann_oficial<\/p>\n<p>A procrastina\u00e7\u00e3o \u00e9 muitas vezes vista como um sinal de pregui\u00e7a ou m\u00e1 gest\u00e3o do tempo. Mas<br \/>\npara muitos, esse h\u00e1bito est\u00e1 profundamente enraizado num desejo paralisante de perfei\u00e7\u00e3o.<br \/>\nMuitas pessoas adiam tarefas indefinidamente por medo de falhar ou de n\u00e3o atingir os<br \/>\nelevados padr\u00f5es exigidos. Este fen\u00f4meno n\u00e3o \u00e9 simplesmente uma avers\u00e3o ao trabalho, mas<br \/>\numa estrat\u00e9gia defensiva contra o julgamento de si mesmo e dos outros. O perfeccionismo cria<br \/>\num ciclo vicioso.<br \/>\nAs expectativas de atingir um n\u00edvel ideal s\u00e3o t\u00e3o altas que muitas pessoas optam pela ina\u00e7\u00e3o<br \/>\nem vez de arriscar o fracasso ou as cr\u00edticas. Esta hesita\u00e7\u00e3o n\u00e3o \u00e9 falta de motiva\u00e7\u00e3o, mas sim<br \/>\num mecanismo de defesa. Neste contexto, a procrastina\u00e7\u00e3o \u00e9, \u00e9 o medo disfar\u00e7ado de<br \/>\nestrat\u00e9gia, onde o &amp;quot;n\u00e3o come\u00e7ar&amp;quot; evita o &amp;quot;n\u00e3o ser perfeito&amp;quot;.<br \/>\nEm um mundo ideal, a perfei\u00e7\u00e3o seria alcan\u00e7\u00e1vel. No entanto, a realidade \u00e9 que o &amp;quot;perfeito&amp;quot; \u00e9<br \/>\nfrequentemente subjetivo e inating\u00edvel. Quando a busca pela perfei\u00e7\u00e3o se torna a prioridade,<br \/>\nas oportunidades de aprendizado e crescimento s\u00e3o perdidas. O &amp;quot;feito&amp;quot; \u00e9 um passo, uma<br \/>\nrealiza\u00e7\u00e3o concreta, enquanto o &amp;quot;perfeito&amp;quot; permanece um conceito ef\u00eamero e ilus\u00f3rio, sempre<br \/>\nfora de alcance.<br \/>\nReconhecer que a perfei\u00e7\u00e3o \u00e9 uma meta irrealiz\u00e1vel \u00e9 o primeiro passo para superar a<br \/>\nprocrastina\u00e7\u00e3o derivada do perfeccionismo. Estabelecer metas realistas e aceit\u00e1veis permite<br \/>\nque o progresso seja feito. Aceitar que os erros s\u00e3o parte natural do processo de<br \/>\naprendizagem \u00e9 crucial para quebrar o ciclo de adiamento.<br \/>\nPara aqueles que se identificam com este padr\u00e3o, buscar orienta\u00e7\u00e3o e apoio pode ser uma<br \/>\nmaneira eficaz de superar este desafio. Mudar a mentalidade de &amp;quot;tudo ou nada&amp;quot; para &amp;quot;algo \u00e9<br \/>\nmelhor que nada&amp;quot; pode fazer uma diferen\u00e7a significativa. A mudan\u00e7a come\u00e7a com pequenos<br \/>\npassos, e cada a\u00e7\u00e3o tomada \u00e9 um passo \u00e0 frente na jornada do crescimento pessoal.<br \/>\nSe voc\u00ea se v\u00ea lutando contra o perfeccionismo e a procrastina\u00e7\u00e3o, considere buscar mentoria<br \/>\npara desenvolver estrat\u00e9gias personalizadas que ajudem a transformar esse padr\u00e3o e liberar<br \/>\nseu verdadeiro potencial.<br \/>\nRefer\u00eancias<br \/>\n\uf0b7 Brown, B. (2010).&nbsp;The Gifts of Imperfection. Hazelden Publishing.<br \/>\n\uf0b7 Steel, P. (2011).&nbsp;The Procrastination Equation: How to Stop Putting Things Off and Start<br \/>\nGetting Stuff Done. HarperCollins.<br \/>\nAo buscar uma abordagem equilibrada e realista, voc\u00ea pode aprender a utilizar seus padr\u00f5es<br \/>\nde excel\u00eancia a seu favor, sem deixar que o perfeccionismo o impe\u00e7a de realizar suas metas.<\/p>\n","protected":false},"excerpt":{"rendered":"<p>Por Jo\u00e3o Zimmermann &#8211; Especialista em Produtividade @joaozimmermann_oficial A procrastina\u00e7\u00e3o \u00e9 muitas vezes vista como um sinal de pregui\u00e7a ou m\u00e1 gest\u00e3o do tempo. Mas para muitos, esse h\u00e1bito est\u00e1 profundamente enraizado num desejo paralisante de perfei\u00e7\u00e3o. Muitas pessoas adiam tarefas indefinidamente por medo de falhar ou de n\u00e3o atingir os elevados padr\u00f5es exigidos. Este [&hellip;]<\/p>\n","protected":false},"author":1,"featured_media":40046,"comment_status":"open","ping_status":"open","sticky":false,"template":"","format":"standard","meta":{"ngg_post_thumbnail":0,"footnotes":""},"categories":[2,348,41],"tags":[],"class_list":["post-40045","post","type-post","status-publish","format-standard","has-post-thumbnail","hentry","category-destaques","category-gestao-do-tempo","category-ultimasnoticias"],"_links":{"self":[{"href":"https:\/\/somdepapo.com.br\/portal\/wp-json\/wp\/v2\/posts\/40045","targetHints":{"allow":["GET"]}}],"collection":[{"href":"https:\/\/somdepapo.com.br\/portal\/wp-json\/wp\/v2\/posts"}],"about":[{"href":"https:\/\/somdepapo.com.br\/portal\/wp-json\/wp\/v2\/types\/post"}],"author":[{"embeddable":true,"href":"https:\/\/somdepapo.com.br\/portal\/wp-json\/wp\/v2\/users\/1"}],"replies":[{"embeddable":true,"href":"https:\/\/somdepapo.com.br\/portal\/wp-json\/wp\/v2\/comments?post=40045"}],"version-history":[{"count":2,"href":"https:\/\/somdepapo.com.br\/portal\/wp-json\/wp\/v2\/posts\/40045\/revisions"}],"predecessor-version":[{"id":40053,"href":"https:\/\/somdepapo.com.br\/portal\/wp-json\/wp\/v2\/posts\/40045\/revisions\/40053"}],"wp:featuredmedia":[{"embeddable":true,"href":"https:\/\/somdepapo.com.br\/portal\/wp-json\/wp\/v2\/media\/40046"}],"wp:attachment":[{"href":"https:\/\/somdepapo.com.br\/portal\/wp-json\/wp\/v2\/media?parent=40045"}],"wp:term":[{"taxonomy":"category","embeddable":true,"href":"https:\/\/somdepapo.com.br\/portal\/wp-json\/wp\/v2\/categories?post=40045"},{"taxonomy":"post_tag","embeddable":true,"href":"https:\/\/somdepapo.com.br\/portal\/wp-json\/wp\/v2\/tags?post=40045"}],"curies":[{"name":"wp","href":"https:\/\/api.w.org\/{rel}","templated":true}]}}