{"id":40165,"date":"2024-12-11T09:00:19","date_gmt":"2024-12-11T12:00:19","guid":{"rendered":"https:\/\/somdepapo.com.br\/portal\/?p=40165"},"modified":"2024-12-10T14:06:01","modified_gmt":"2024-12-10T17:06:01","slug":"como-manter-a-produtividade-no-final-do-ano","status":"publish","type":"post","link":"https:\/\/somdepapo.com.br\/portal\/como-manter-a-produtividade-no-final-do-ano\/","title":{"rendered":"Como Manter a Produtividade no Final do Ano"},"content":{"rendered":"<p style=\"text-align: right;\">Por: Jo\u00e3o Zimmermann<\/p>\n<p style=\"text-align: justify;\">Com o final do ano se aproximando, muitos de n\u00f3s enfrentam o desafio de manter a produtividade em meio a festividades, planejamentos familiares e balan\u00e7os de final de ano. Este per\u00edodo pode ser especialmente complicado para profissionais que precisam fechar metas ou preparar projetos para o in\u00edcio do pr\u00f3ximo ano. Como, ent\u00e3o, podemos manter o foco e garantir que o trabalho continue a fluir sem problemas?<\/p>\n<p style=\"text-align: justify;\">Dicas para Manter a Produtividade<\/p>\n<p style=\"text-align: justify;\">Planejamento Antecipado: Estabele\u00e7a um cronograma claro para as semanas finais do ano. Use ferramentas de gest\u00e3o de tempo e prioridade, como o m\u00e9todo Eisenhower ou o famoso Pomodoro, para ajudar a manter o foco.<\/p>\n<p style=\"text-align: justify;\">Defina Prioridades: Identifique quais tarefas s\u00e3o essenciais e quais podem ser postergadas. Isso evitar\u00e1 a sensa\u00e7\u00e3o de sobrecarga e permitir\u00e1 que voc\u00ea se concentre no que realmente importa.<\/p>\n<p style=\"text-align: justify;\">Pausas Regulares: N\u00e3o subestime o poder de uma pausa bem cronometrada. Pequenas pausas regulares ajudam a reenergizar a mente e a aumentar a efic\u00e1cia no trabalho, conforme explorado em estudos de produtividade [1].<\/p>\n<p style=\"text-align: justify;\">Ambiente Adequado: Crie um espa\u00e7o de trabalho livre de distra\u00e7\u00f5es. A organiza\u00e7\u00e3o do seu ambiente f\u00edsico pode ter um impacto significativo na sua capacidade de concentra\u00e7\u00e3o [2].<\/p>\n<p style=\"text-align: justify;\">Equil\u00edbrio entre Trabalho e Vida Pessoal: Lembre-se de reservar tempo para voc\u00ea e sua fam\u00edlia. O equil\u00edbrio \u00e9 crucial para evitar o esgotamento e manter a motiva\u00e7\u00e3o em alta.<\/p>\n<p style=\"text-align: justify;\">Outro ponto importante \u00e9 reconhecer a import\u00e2ncia do descanso. O final do ano \u00e9 tamb\u00e9m uma oportunidade de reflex\u00e3o e renova\u00e7\u00e3o. Permita-se momentos de pausa para recarregar as energias para o novo ano que se aproxima.<\/p>\n<p style=\"text-align: justify;\">Se voc\u00ea est\u00e1 buscando mais dicas personalizadas para melhorar sua produtividade ou precisa de ajuda na gest\u00e3o do tempo e organiza\u00e7\u00e3o, n\u00e3o hesite em procurar servi\u00e7os especializados. Empreendedores e empresas podem se beneficiar enormemente de consultorias que oferecem solu\u00e7\u00f5es adaptadas \u00e0s suas necessidades espec\u00edficas. Entre em contato para saber mais sobre como podemos ajudar voc\u00ea a atingir suas metas com efici\u00eancia e criatividade.<\/p>\n<p style=\"text-align: justify;\">Lembre-se, produtividade n\u00e3o \u00e9 sobre fazer mais em menos tempo, mas sim sobre fazer as coisas certas de maneira eficaz.<\/p>\n<p style=\"text-align: justify;\">Refer\u00eancias:<\/p>\n<p style=\"text-align: justify;\">Moura, A. S. (2021). T\u00e9cnicas de Produtividade: Um Guia Completo. Rio de Janeiro: Editora Nova Gest\u00e3o.<\/p>\n<p style=\"text-align: justify;\">Silva, P. R. (2020). O Impacto do Ambiente na Produtividade. S\u00e3o Paulo: Editora Efici\u00eancia.<\/p>\n<p style=\"text-align: justify;\">Aproveite o final do ano para renovar suas estrat\u00e9gias e come\u00e7ar o pr\u00f3ximo com o p\u00e9 direito!<\/p>\n<p style=\"text-align: justify;\">Se precisar de mais informa\u00e7\u00f5es ou quiser discutir suas necessidades espec\u00edficas, estou \u00e0 disposi\u00e7\u00e3o para ajudar!<\/p>\n<p>Jo\u00e3o Zimmermann<br \/>\n@joaozimmermann_oficial<br \/>\nWhatsApp: 47984793371<\/p>\n","protected":false},"excerpt":{"rendered":"<p>Por: Jo\u00e3o Zimmermann Com o final do ano se aproximando, muitos de n\u00f3s enfrentam o desafio de manter a produtividade em meio a festividades, planejamentos familiares e balan\u00e7os de final de ano. Este per\u00edodo pode ser especialmente complicado para profissionais que precisam fechar metas ou preparar projetos para o in\u00edcio do pr\u00f3ximo ano. Como, ent\u00e3o, [&hellip;]<\/p>\n","protected":false},"author":1,"featured_media":40166,"comment_status":"open","ping_status":"open","sticky":false,"template":"","format":"standard","meta":{"ngg_post_thumbnail":0,"footnotes":""},"categories":[2,348,41],"tags":[],"class_list":["post-40165","post","type-post","status-publish","format-standard","has-post-thumbnail","hentry","category-destaques","category-gestao-do-tempo","category-ultimasnoticias"],"_links":{"self":[{"href":"https:\/\/somdepapo.com.br\/portal\/wp-json\/wp\/v2\/posts\/40165","targetHints":{"allow":["GET"]}}],"collection":[{"href":"https:\/\/somdepapo.com.br\/portal\/wp-json\/wp\/v2\/posts"}],"about":[{"href":"https:\/\/somdepapo.com.br\/portal\/wp-json\/wp\/v2\/types\/post"}],"author":[{"embeddable":true,"href":"https:\/\/somdepapo.com.br\/portal\/wp-json\/wp\/v2\/users\/1"}],"replies":[{"embeddable":true,"href":"https:\/\/somdepapo.com.br\/portal\/wp-json\/wp\/v2\/comments?post=40165"}],"version-history":[{"count":1,"href":"https:\/\/somdepapo.com.br\/portal\/wp-json\/wp\/v2\/posts\/40165\/revisions"}],"predecessor-version":[{"id":40167,"href":"https:\/\/somdepapo.com.br\/portal\/wp-json\/wp\/v2\/posts\/40165\/revisions\/40167"}],"wp:featuredmedia":[{"embeddable":true,"href":"https:\/\/somdepapo.com.br\/portal\/wp-json\/wp\/v2\/media\/40166"}],"wp:attachment":[{"href":"https:\/\/somdepapo.com.br\/portal\/wp-json\/wp\/v2\/media?parent=40165"}],"wp:term":[{"taxonomy":"category","embeddable":true,"href":"https:\/\/somdepapo.com.br\/portal\/wp-json\/wp\/v2\/categories?post=40165"},{"taxonomy":"post_tag","embeddable":true,"href":"https:\/\/somdepapo.com.br\/portal\/wp-json\/wp\/v2\/tags?post=40165"}],"curies":[{"name":"wp","href":"https:\/\/api.w.org\/{rel}","templated":true}]}}