{"id":40305,"date":"2024-12-18T10:30:55","date_gmt":"2024-12-18T13:30:55","guid":{"rendered":"https:\/\/somdepapo.com.br\/portal\/?p=40305"},"modified":"2024-12-18T09:00:00","modified_gmt":"2024-12-18T12:00:00","slug":"a-mulher-na-atualidade","status":"publish","type":"post","link":"https:\/\/somdepapo.com.br\/portal\/a-mulher-na-atualidade\/","title":{"rendered":"A mulher na atualidade."},"content":{"rendered":"<p style=\"text-align: right;\">Por: &nbsp; Ign\u00eas Bruchez<\/p>\n<p style=\"text-align: justify;\">Hoje, estamos vivendo, em uma sociedade que a cada d\u00e9cada, a mulher vai se atualizando, para ter liberdade e os espa\u00e7os que n\u00e3o eram ocupados, hoje ocupam sem muita dificuldade, todas as profiss\u00f5es, as mulheres est\u00e3o ocupando cargos, pol\u00edticos, com a responsabilidade de criar Leis, pra que seja mantida a ordem na sociedade, c\u00edvel, e social.<\/p>\n<p style=\"text-align: justify;\">Como vereadoras, prefeitas, deputadas, governadoras, todos os cargos, no judici\u00e1rio ju\u00edza, promotora, tendo autoridade para julgar o cidad\u00e3o; mas a maior \u00e9 a maternidade, \u00e0 pouco tempo a mulher, n\u00e3o tinha direito algum, a n\u00e3o ser administradora do lar.&nbsp; Na d\u00e9cada de oitenta, tudo est\u00e1 mudando lentamente, a sociedade est\u00e1 perdendo o preconceito, contra a presen\u00e7a da mulher em cargos de alto comando, em todas as \u00e1reas, e cada vez elas tornassem independente e autossuficiente, sendo poss\u00edvel ter uma vida com liberdade, as morda\u00e7as do passado, quando as portas eram fechadas, viviam uma vida sem o reconhecimento da sociedade. Gloria Sandes lembra que a implanta\u00e7\u00e3o do Conselho foi resultado de v\u00e1rias assembleias gerais de mulheres. Em 1988 a Constitui\u00e7\u00e3o brasileira, passa a reconhecer as mulheres, como o mesmo direito dos homens. A luta unificada das mulheres resultou na cria\u00e7\u00e3o do conselho municipal, de defesa dos direitos da mulher (CMDM), que foi implantado por Lurdes Rufino, no governo Wall Ferras.<\/p>\n<p style=\"text-align: justify;\">Gloria Sandes lembra que a implanta\u00e7\u00e3o do Conselho foi resultado de varias assembleias gerais de mulheres. Em 1988- A Constitui\u00e7\u00e3o brasileira, passa a reconhecer as mulheres, como o mesmo direito dos homens.<\/p>\n<p style=\"text-align: justify;\">&nbsp;<br \/>\n&nbsp;&nbsp;&nbsp;&nbsp;&nbsp;&nbsp;&nbsp;&nbsp;&nbsp;&nbsp;&nbsp;&nbsp;&nbsp;&nbsp;&nbsp;&nbsp;&nbsp;&nbsp;&nbsp;&nbsp;&nbsp;&nbsp;&nbsp;&nbsp;&nbsp;&nbsp;&nbsp;&nbsp;&nbsp;&nbsp;&nbsp;&nbsp;&nbsp;&nbsp;&nbsp;&nbsp;&nbsp;&nbsp;&nbsp;&nbsp;&nbsp;&nbsp;&nbsp;&nbsp;&nbsp;&nbsp;&nbsp;&nbsp;&nbsp;&nbsp; Maring\u00e1 , 16 de dezembro 2024<\/p>\n<p style=\"text-align: justify;\">&nbsp;<\/p>\n<p style=\"text-align: justify;\">&nbsp; &nbsp; &nbsp; &nbsp; &nbsp; &nbsp; &nbsp; &nbsp; &nbsp; &nbsp; &nbsp; &nbsp; &nbsp; &nbsp; &nbsp; &nbsp; &nbsp; &nbsp; &nbsp; &nbsp; &nbsp; &nbsp; &nbsp; &nbsp; &nbsp; Ign\u00eas Bruchez<\/p>\n","protected":false},"excerpt":{"rendered":"<p>Por: &nbsp; Ign\u00eas Bruchez Hoje, estamos vivendo, em uma sociedade que a cada d\u00e9cada, a mulher vai se atualizando, para ter liberdade e os espa\u00e7os que n\u00e3o eram ocupados, hoje ocupam sem muita dificuldade, todas as profiss\u00f5es, as mulheres est\u00e3o ocupando cargos, pol\u00edticos, com a responsabilidade de criar Leis, pra que seja mantida a ordem [&hellip;]<\/p>\n","protected":false},"author":1,"featured_media":40306,"comment_status":"open","ping_status":"open","sticky":false,"template":"","format":"standard","meta":{"ngg_post_thumbnail":0,"footnotes":""},"categories":[2,275,41],"tags":[],"class_list":["post-40305","post","type-post","status-publish","format-standard","has-post-thumbnail","hentry","category-destaques","category-mulher","category-ultimasnoticias"],"_links":{"self":[{"href":"https:\/\/somdepapo.com.br\/portal\/wp-json\/wp\/v2\/posts\/40305","targetHints":{"allow":["GET"]}}],"collection":[{"href":"https:\/\/somdepapo.com.br\/portal\/wp-json\/wp\/v2\/posts"}],"about":[{"href":"https:\/\/somdepapo.com.br\/portal\/wp-json\/wp\/v2\/types\/post"}],"author":[{"embeddable":true,"href":"https:\/\/somdepapo.com.br\/portal\/wp-json\/wp\/v2\/users\/1"}],"replies":[{"embeddable":true,"href":"https:\/\/somdepapo.com.br\/portal\/wp-json\/wp\/v2\/comments?post=40305"}],"version-history":[{"count":1,"href":"https:\/\/somdepapo.com.br\/portal\/wp-json\/wp\/v2\/posts\/40305\/revisions"}],"predecessor-version":[{"id":40307,"href":"https:\/\/somdepapo.com.br\/portal\/wp-json\/wp\/v2\/posts\/40305\/revisions\/40307"}],"wp:featuredmedia":[{"embeddable":true,"href":"https:\/\/somdepapo.com.br\/portal\/wp-json\/wp\/v2\/media\/40306"}],"wp:attachment":[{"href":"https:\/\/somdepapo.com.br\/portal\/wp-json\/wp\/v2\/media?parent=40305"}],"wp:term":[{"taxonomy":"category","embeddable":true,"href":"https:\/\/somdepapo.com.br\/portal\/wp-json\/wp\/v2\/categories?post=40305"},{"taxonomy":"post_tag","embeddable":true,"href":"https:\/\/somdepapo.com.br\/portal\/wp-json\/wp\/v2\/tags?post=40305"}],"curies":[{"name":"wp","href":"https:\/\/api.w.org\/{rel}","templated":true}]}}