{"id":40342,"date":"2024-12-19T08:30:31","date_gmt":"2024-12-19T11:30:31","guid":{"rendered":"https:\/\/somdepapo.com.br\/portal\/?p=40342"},"modified":"2024-12-19T07:28:17","modified_gmt":"2024-12-19T10:28:17","slug":"planejamento-estrategico-parte-ll","status":"publish","type":"post","link":"https:\/\/somdepapo.com.br\/portal\/planejamento-estrategico-parte-ll\/","title":{"rendered":"PLANEJAMENTO ESTRAT\u00c9GICO PARTE ll"},"content":{"rendered":"<p style=\"text-align: right;\">Por Nedir Marchioro<\/p>\n<p style=\"text-align: justify;\"><strong>Como Implementar um Planejamento Estrat\u00e9gico<\/strong><\/p>\n<p style=\"text-align: justify;\"><strong>A import\u00e2ncia das estrat\u00e9gias para implementar o Planejamento Estrat\u00e9gico<\/strong><\/p>\n<p style=\"text-align: justify;\">Para que as empresas tenham sucesso na implanta\u00e7\u00e3o do planejamento estrat\u00e9gico \u00e9 importante considerar:<\/p>\n<p style=\"text-align: justify;\">O Planejamento detalhado da implementa\u00e7\u00e3o<\/p>\n<p style=\"text-align: justify;\">Definir quais s\u00e3o as prioridades da empresa<\/p>\n<p style=\"text-align: justify;\">Prazos para a implementa\u00e7\u00e3o de cada prioridade<\/p>\n<p style=\"text-align: justify;\">Monitoramento do andamento da implementa\u00e7\u00e3o e evolu\u00e7\u00e3o dos resultados<\/p>\n<p style=\"text-align: justify;\">Revis\u00e3o trimestral de forma estrat\u00e9gica e com foco no resultado planejado<\/p>\n<p style=\"text-align: justify;\">Coragem para fazer as a\u00e7\u00f5es necess\u00e1rias sempre que houver necessidade<\/p>\n<ol style=\"text-align: justify;\">\n<li><strong>Defini\u00e7\u00e3o de Miss\u00e3o, Vis\u00e3o e Valores<\/strong><\/li>\n<\/ol>\n<p style=\"text-align: justify;\">Estes elementos s\u00e3o a base para a constru\u00e7\u00e3o de um planejamento estrat\u00e9gico. A miss\u00e3o define o prop\u00f3sito da empresa, a vis\u00e3o determina onde ela quer chegar no futuro, e os valores guiam o comportamento e a cultura organizacional.<\/p>\n<ol style=\"text-align: justify;\">\n<li><strong>An\u00e1lise de Cen\u00e1rio (SWOT)<\/strong><\/li>\n<\/ol>\n<p style=\"text-align: justify;\">Uma an\u00e1lise de for\u00e7as, fraquezas, oportunidades e amea\u00e7as (SWOT) ajuda a empresa a identificar os fatores internos e externos que influenciam suas opera\u00e7\u00f5es. Essa an\u00e1lise \u00e9 essencial para entender o ambiente no qual a organiza\u00e7\u00e3o est\u00e1 inserida e criar estrat\u00e9gias que aproveitem oportunidades e minimizem riscos.<\/p>\n<ol style=\"text-align: justify;\">\n<li><strong>Defini\u00e7\u00e3o de Metas e Objetivos<\/strong><\/li>\n<\/ol>\n<p style=\"text-align: justify;\">Estabelecer metas claras e mensur\u00e1veis \u00e9 essencial para que o planejamento estrat\u00e9gico seja eficaz. Essas metas precisam ser espec\u00edficas, alcan\u00e7\u00e1veis e ter prazos definidos, para que possam ser monitoradas e ajustadas conforme necess\u00e1rio.<\/p>\n<ol style=\"text-align: justify;\">\n<li><strong>Elabora\u00e7\u00e3o de um Plano de A\u00e7\u00e3o<\/strong><\/li>\n<\/ol>\n<p style=\"text-align: justify;\">Com as metas definidas, o pr\u00f3ximo passo \u00e9 tra\u00e7ar as a\u00e7\u00f5es espec\u00edficas que ser\u00e3o executadas para alcan\u00e7ar cada objetivo. O plano de a\u00e7\u00e3o deve detalhar as responsabilidades, prazos e recursos necess\u00e1rios, garantindo que todos saibam o que deve ser feito.<\/p>\n<ol style=\"text-align: justify;\">\n<li><strong>Monitoramento e Avalia\u00e7\u00e3o 360 graus<\/strong><\/li>\n<\/ol>\n<p style=\"text-align: justify;\">O planejamento estrat\u00e9gico \u00e9 um processo cont\u00ednuo. Por isso, \u00e9 fundamental monitorar os resultados regularmente e fazer ajustes conforme necess\u00e1rio. Medir o progresso das a\u00e7\u00f5es e avaliar se as metas est\u00e3o sendo atingidas permite que a empresa corrija o rumo rapidamente, mantendo-se competitiva.<\/p>\n<p style=\"text-align: justify;\"><strong>Conclus\u00e3o<\/strong><\/p>\n<p style=\"text-align: justify;\">O planejamento estrat\u00e9gico \u00e9 essencial para empresas que desejam prosperar em um mercado competitivo e em constante evolu\u00e7\u00e3o. Ele proporciona dire\u00e7\u00e3o, aumenta a efici\u00eancia, melhora a tomada de decis\u00f5es e motiva a equipe. Al\u00e9m disso, permite que a empresa se antecipe \u00e0s mudan\u00e7as, garantindo uma vantagem competitiva sustent\u00e1vel.<\/p>\n<p style=\"text-align: justify;\">As organiza\u00e7\u00f5es que investem no desenvolvimento de um planejamento estrat\u00e9gico robusto t\u00eam mais chances de crescer, se adaptar e vencer desafios. Em resumo, o planejamento estrat\u00e9gico \u00e9 um guia que orienta o caminho para o sucesso e a longevidade empresarial.<\/p>\n","protected":false},"excerpt":{"rendered":"<p>Por Nedir Marchioro Como Implementar um Planejamento Estrat\u00e9gico A import\u00e2ncia das estrat\u00e9gias para implementar o Planejamento Estrat\u00e9gico Para que as empresas tenham sucesso na implanta\u00e7\u00e3o do planejamento estrat\u00e9gico \u00e9 importante considerar: O Planejamento detalhado da implementa\u00e7\u00e3o Definir quais s\u00e3o as prioridades da empresa Prazos para a implementa\u00e7\u00e3o de cada prioridade Monitoramento do andamento da implementa\u00e7\u00e3o [&hellip;]<\/p>\n","protected":false},"author":1,"featured_media":40343,"comment_status":"open","ping_status":"open","sticky":false,"template":"","format":"standard","meta":{"ngg_post_thumbnail":0,"footnotes":""},"categories":[2,30,41],"tags":[],"class_list":["post-40342","post","type-post","status-publish","format-standard","has-post-thumbnail","hentry","category-destaques","category-negocios","category-ultimasnoticias"],"_links":{"self":[{"href":"https:\/\/somdepapo.com.br\/portal\/wp-json\/wp\/v2\/posts\/40342","targetHints":{"allow":["GET"]}}],"collection":[{"href":"https:\/\/somdepapo.com.br\/portal\/wp-json\/wp\/v2\/posts"}],"about":[{"href":"https:\/\/somdepapo.com.br\/portal\/wp-json\/wp\/v2\/types\/post"}],"author":[{"embeddable":true,"href":"https:\/\/somdepapo.com.br\/portal\/wp-json\/wp\/v2\/users\/1"}],"replies":[{"embeddable":true,"href":"https:\/\/somdepapo.com.br\/portal\/wp-json\/wp\/v2\/comments?post=40342"}],"version-history":[{"count":1,"href":"https:\/\/somdepapo.com.br\/portal\/wp-json\/wp\/v2\/posts\/40342\/revisions"}],"predecessor-version":[{"id":40344,"href":"https:\/\/somdepapo.com.br\/portal\/wp-json\/wp\/v2\/posts\/40342\/revisions\/40344"}],"wp:featuredmedia":[{"embeddable":true,"href":"https:\/\/somdepapo.com.br\/portal\/wp-json\/wp\/v2\/media\/40343"}],"wp:attachment":[{"href":"https:\/\/somdepapo.com.br\/portal\/wp-json\/wp\/v2\/media?parent=40342"}],"wp:term":[{"taxonomy":"category","embeddable":true,"href":"https:\/\/somdepapo.com.br\/portal\/wp-json\/wp\/v2\/categories?post=40342"},{"taxonomy":"post_tag","embeddable":true,"href":"https:\/\/somdepapo.com.br\/portal\/wp-json\/wp\/v2\/tags?post=40342"}],"curies":[{"name":"wp","href":"https:\/\/api.w.org\/{rel}","templated":true}]}}