{"id":40385,"date":"2024-12-22T09:30:55","date_gmt":"2024-12-22T12:30:55","guid":{"rendered":"https:\/\/somdepapo.com.br\/portal\/?p=40385"},"modified":"2024-12-22T08:53:07","modified_gmt":"2024-12-22T11:53:07","slug":"a-mulher-que-faz-tudo-no-natal-alem-de-comprar-presentes","status":"publish","type":"post","link":"https:\/\/somdepapo.com.br\/portal\/a-mulher-que-faz-tudo-no-natal-alem-de-comprar-presentes\/","title":{"rendered":"A Mulher Que Faz Tudo no Natal Al\u00e9m de Comprar Presentes"},"content":{"rendered":"<p style=\"text-align: right;\">Por Marize Ribeiro Reges<\/p>\n<div style=\"text-align: justify;\">Quando pensamos no Natal, \u00e9 comum imaginar o Papai Noel como o grande protagonista da festa, mas a verdade \u00e9 que, nos lares ao redor do mundo, a verdadeira magia acontece gra\u00e7as \u00e0 \u201cMam\u00e3e Noel\u201d \u2014 aquela mulher que faz tudo acontecer, muitas vezes sem ser notada.<\/div>\n<div style=\"text-align: justify;\">&nbsp;<\/div>\n<div style=\"text-align: justify;\">Ela n\u00e3o s\u00f3 compra presentes, mas tamb\u00e9m organiza a ceia, escolhe a decora\u00e7\u00e3o, arruma a casa, pensa em cada detalhe para que todos se sintam especiais. Enquanto o \u201cPapai Noel\u201d chega com os presentes na noite de Natal, a Mam\u00e3e Noel j\u00e1 esteve nos bastidores por semanas \u2014 ou at\u00e9 meses \u2014 planejando e executando cada etapa.<\/div>\n<div style=\"text-align: justify;\">&nbsp;<\/div>\n<div style=\"text-align: justify;\">A Carga Mental do Natal<\/div>\n<div style=\"text-align: justify;\">Para muitas mulheres, o Natal n\u00e3o \u00e9 apenas uma data de celebra\u00e7\u00e3o, mas uma verdadeira maratona de compromissos, emo\u00e7\u00f5es e responsabilidades. A carga mental inclui desde lembrar das prefer\u00eancias alimentares de cada convidado at\u00e9 se certificar de que ningu\u00e9m ser\u00e1 esquecido na lista de presentes. Tudo isso feito com carinho e aten\u00e7\u00e3o, mas tamb\u00e9m com um grande desgaste emocional e f\u00edsico.<\/div>\n<div style=\"text-align: justify;\">&nbsp;<\/div>\n<div style=\"text-align: justify;\">Mais do que Presentes: Mem\u00f3rias Afetivas<\/div>\n<div style=\"text-align: justify;\">Por tr\u00e1s de cada detalhe, est\u00e1 o desejo de criar mem\u00f3rias inesquec\u00edveis. A Mam\u00e3e Noel entende que o Natal n\u00e3o \u00e9 s\u00f3 sobre presentes, mas sobre momentos especiais: uma mesa decorada com amor, uma m\u00fasica tocando ao fundo, as luzes piscando e a alegria compartilhada entre familiares e amigos. S\u00e3o esses gestos que aquecem o cora\u00e7\u00e3o e deixam lembran\u00e7as para a vida toda.<\/div>\n<div style=\"text-align: justify;\">&nbsp;<\/div>\n<div style=\"text-align: justify;\">O Autocuidado N\u00e3o Pode Faltar<\/div>\n<div style=\"text-align: justify;\">Em meio a tantas tarefas, \u00e9 f\u00e1cil esquecer de si mesma. Por isso, \u00e9 importante que a Mam\u00e3e Noel tamb\u00e9m se permita desacelerar. Reservar um momento para respirar, delegar tarefas e lembrar que o Natal tamb\u00e9m \u00e9 para ela. Afinal, uma Mam\u00e3e Noel feliz e descansada espalha ainda mais amor e alegria.<\/div>\n<div style=\"text-align: justify;\">&nbsp;<\/div>\n<div style=\"text-align: justify;\">Resgatando o Verdadeiro Esp\u00edrito Natalino<\/div>\n<div style=\"text-align: justify;\">O esp\u00edrito do Natal vai muito al\u00e9m de consumo e presentes. \u00c9 uma oportunidade para valorizar gestos simples e verdadeiros. Que tal trocar presentes materiais por momentos juntos, experi\u00eancias compartilhadas e declara\u00e7\u00f5es sinceras de afeto?<\/div>\n<div style=\"text-align: justify;\">&nbsp;<\/div>\n<div style=\"text-align: justify;\">Neste Natal, que tal olhar ao redor e reconhecer a Mam\u00e3e Noel da sua vida? Ou, se voc\u00ea for essa mulher incans\u00e1vel, lembre-se de que sua dedica\u00e7\u00e3o vai muito al\u00e9m do que os olhos podem ver. Voc\u00ea faz o Natal acontecer \u2014 e isso, por si s\u00f3, j\u00e1 \u00e9 um presente inestim\u00e1vel.<\/div>\n<div style=\"text-align: justify;\">&nbsp;<\/div>\n<div style=\"text-align: justify;\">Feliz Natal a todas as Mam\u00e3es No\u00e9is que fazem tudo acontecer com amor!<\/div>\n<div style=\"text-align: justify;\">&nbsp;<\/div>\n<div style=\"text-align: justify;\">Marize Ribeiro Reges&nbsp;<\/div>\n<div style=\"text-align: justify;\">@marizerreges,&nbsp; instagran.<\/div>\n","protected":false},"excerpt":{"rendered":"<p>Por Marize Ribeiro Reges Quando pensamos no Natal, \u00e9 comum imaginar o Papai Noel como o grande protagonista da festa, mas a verdade \u00e9 que, nos lares ao redor do mundo, a verdadeira magia acontece gra\u00e7as \u00e0 \u201cMam\u00e3e Noel\u201d \u2014 aquela mulher que faz tudo acontecer, muitas vezes sem ser notada. &nbsp; Ela n\u00e3o s\u00f3 [&hellip;]<\/p>\n","protected":false},"author":1,"featured_media":40386,"comment_status":"open","ping_status":"open","sticky":false,"template":"","format":"standard","meta":{"ngg_post_thumbnail":0,"footnotes":""},"categories":[2,275,41],"tags":[],"class_list":["post-40385","post","type-post","status-publish","format-standard","has-post-thumbnail","hentry","category-destaques","category-mulher","category-ultimasnoticias"],"_links":{"self":[{"href":"https:\/\/somdepapo.com.br\/portal\/wp-json\/wp\/v2\/posts\/40385","targetHints":{"allow":["GET"]}}],"collection":[{"href":"https:\/\/somdepapo.com.br\/portal\/wp-json\/wp\/v2\/posts"}],"about":[{"href":"https:\/\/somdepapo.com.br\/portal\/wp-json\/wp\/v2\/types\/post"}],"author":[{"embeddable":true,"href":"https:\/\/somdepapo.com.br\/portal\/wp-json\/wp\/v2\/users\/1"}],"replies":[{"embeddable":true,"href":"https:\/\/somdepapo.com.br\/portal\/wp-json\/wp\/v2\/comments?post=40385"}],"version-history":[{"count":1,"href":"https:\/\/somdepapo.com.br\/portal\/wp-json\/wp\/v2\/posts\/40385\/revisions"}],"predecessor-version":[{"id":40387,"href":"https:\/\/somdepapo.com.br\/portal\/wp-json\/wp\/v2\/posts\/40385\/revisions\/40387"}],"wp:featuredmedia":[{"embeddable":true,"href":"https:\/\/somdepapo.com.br\/portal\/wp-json\/wp\/v2\/media\/40386"}],"wp:attachment":[{"href":"https:\/\/somdepapo.com.br\/portal\/wp-json\/wp\/v2\/media?parent=40385"}],"wp:term":[{"taxonomy":"category","embeddable":true,"href":"https:\/\/somdepapo.com.br\/portal\/wp-json\/wp\/v2\/categories?post=40385"},{"taxonomy":"post_tag","embeddable":true,"href":"https:\/\/somdepapo.com.br\/portal\/wp-json\/wp\/v2\/tags?post=40385"}],"curies":[{"name":"wp","href":"https:\/\/api.w.org\/{rel}","templated":true}]}}