{"id":40393,"date":"2024-12-22T11:00:27","date_gmt":"2024-12-22T14:00:27","guid":{"rendered":"https:\/\/somdepapo.com.br\/portal\/?p=40393"},"modified":"2024-12-22T09:41:34","modified_gmt":"2024-12-22T12:41:34","slug":"festividades-de-fim-de-ano-e-ansiedade-o-ano-termina-e-nasce-outra-vez","status":"publish","type":"post","link":"https:\/\/somdepapo.com.br\/portal\/festividades-de-fim-de-ano-e-ansiedade-o-ano-termina-e-nasce-outra-vez\/","title":{"rendered":"Festividades de Fim de Ano e Ansiedade: \u201co ano termina e nasce outra vez!\u201d"},"content":{"rendered":"<p style=\"text-align: right;\">Por: Psic\u00f3logo Paulo Roberto Reis<\/p>\n<p style=\"text-align: justify;\">As festividades de fim de ano, como o Natal e o Ano Novo, s\u00e3o momentos geralmente associados a celebra\u00e7\u00f5es, encontros familiares e troca de presentes. No entanto, para muitas pessoas, esses per\u00edodos podem ser fontes significativas de ansiedade, trazendo \u00e0 tona uma s\u00e9rie de press\u00f5es e expectativas que podem afetar o bem-estar emocional.<\/p>\n<p style=\"text-align: justify;\">O fim de ano \u00e9 um momento que naturalmente nos convida \u00e0 reflex\u00e3o e \u00e0 renova\u00e7\u00e3o. \u00c0 medida que o calend\u00e1rio se aproxima do \u00faltimo dia, muitas pessoas come\u00e7am a pensar nas possibilidades que o novo ano pode trazer. No entanto, esse &#8220;renascimento&#8221; gerado pela troca de ano pode gerar uma carga significativa de expectativas, que, em muitos casos, pode resultar em ansiedade e frustra\u00e7\u00e3o.<\/p>\n<p style=\"text-align: justify;\">A ansiedade nas festividades de fim de ano pode surgir por v\u00e1rios motivos. Um dos principais \u00e9 a sobrecarga de compromissos e responsabilidades. Com tantas atividades programadas, como compras de presentes, prepara\u00e7\u00e3o de ceias e participa\u00e7\u00e3o em reuni\u00f5es familiares ou de amigos, muitas pessoas sentem-se pressionadas para dar conta de tudo de forma perfeita. Essa necessidade de atender a todas as expectativas \u2014 seja em rela\u00e7\u00e3o \u00e0 apar\u00eancia, ao ambiente familiar ou ao sucesso das celebra\u00e7\u00f5es \u2014 pode gerar um estresse elevado.<\/p>\n<p style=\"text-align: justify;\">Al\u00e9m disso, o fim de ano \u00e9 um per\u00edodo de reflex\u00e3o sobre o ano que passou, o que pode trazer \u00e0 tona sentimentos de insatisfa\u00e7\u00e3o, frustra\u00e7\u00e3o ou arrependimento. As compara\u00e7\u00f5es com os outros, especialmente com a constante exibi\u00e7\u00e3o nas redes sociais de momentos felizes e aparentemente perfeitos, podem intensificar a sensa\u00e7\u00e3o de inadequa\u00e7\u00e3o. A ansiedade se intensifica quando a pessoa se sente distante de alcan\u00e7ar as metas pessoais ou profissionais que havia estabelecido, ou quando sente que n\u00e3o est\u00e1 &#8220;onde deveria estar&#8221; na vida.<\/p>\n<p style=\"text-align: justify;\">Outro fator importante \u00e9 a press\u00e3o social para estar sempre rodeado de pessoas e para demonstrar felicidade. Muitas pessoas que enfrentam dificuldades emocionais, como a solid\u00e3o, a perda de entes queridos ou o luto, podem se sentir ainda mais isoladas nesse per\u00edodo. A imposi\u00e7\u00e3o de um clima de alegria e celebra\u00e7\u00e3o pode gerar desconforto, exacerbando sentimentos de tristeza ou solid\u00e3o.<\/p>\n<p style=\"text-align: justify;\">A mudan\u00e7a de rotina tamb\u00e9m \u00e9 um fator que contribui para o aumento da ansiedade durante as festividades. A interrup\u00e7\u00e3o dos h\u00e1bitos di\u00e1rios, o aumento do consumo de alimentos e bebidas, e a altera\u00e7\u00e3o dos hor\u00e1rios de sono podem afetar o equil\u00edbrio emocional, tornando mais dif\u00edcil lidar com o estresse. O consumo excessivo de \u00e1lcool, por exemplo, pode temporariamente aliviar a ansiedade, mas, a longo prazo, tende a pior\u00e1-la.<\/p>\n<p style=\"text-align: justify;\">A ansiedade nas festividades de fim de ano tamb\u00e9m pode estar relacionada a quest\u00f5es familiares. As reuni\u00f5es familiares, embora possam ser momentos de uni\u00e3o, podem gerar tens\u00e3o, principalmente em fam\u00edlias com conflitos n\u00e3o resolvidos ou din\u00e2micas complexas. A expectativa de agradar a todos, evitar discuss\u00f5es ou at\u00e9 lidar com cr\u00edticas pode ser um grande gatilho para a ansiedade.<\/p>\n<p style=\"text-align: justify;\">Para lidar com a ansiedade durante as festas de fim de ano, \u00e9 importante estabelecer limites saud\u00e1veis e priorizar o autocuidado. Reconhecer que n\u00e3o \u00e9 necess\u00e1rio atingir padr\u00f5es perfeitos e que cada pessoa vive a festividade de forma \u00fanica pode ajudar a reduzir as press\u00f5es externas. Al\u00e9m disso, conversar abertamente sobre os sentimentos e as expectativas com os familiares ou amigos mais pr\u00f3ximos pode criar um ambiente mais acolhedor e menos exigente. A pr\u00e1tica de t\u00e9cnicas de relaxamento, como a medita\u00e7\u00e3o ou a respira\u00e7\u00e3o profunda, tamb\u00e9m pode ser uma forma eficaz de gerenciar o estresse.<\/p>\n<p style=\"text-align: justify;\">&nbsp;<\/p>\n<p style=\"text-align: justify;\">Paulo Roberto Santos Reis Soares, mestrando em Estudos de Linguagens (UNEB), graduado em Psicologia e Teologia (UCSAL), p\u00f3s-graduado em Gerontologia e Terapia Cognitiva-Comportamental (TCC), e p\u00f3s-graduando em Neuropsicologia. Atua como psic\u00f3logo cl\u00ednico, com foco na sa\u00fade mental da pessoa idosa prestando atendimento online e presencial; psic\u00f3logo das organiza\u00e7\u00f5es e do trabalho e palestrante.<\/p>\n<p style=\"text-align: justify;\">&nbsp;<\/p>\n<p style=\"text-align: justify;\">IMAGEM: produzida pela META IA.<\/p>\n","protected":false},"excerpt":{"rendered":"<p>Por: Psic\u00f3logo Paulo Roberto Reis As festividades de fim de ano, como o Natal e o Ano Novo, s\u00e3o momentos geralmente associados a celebra\u00e7\u00f5es, encontros familiares e troca de presentes. No entanto, para muitas pessoas, esses per\u00edodos podem ser fontes significativas de ansiedade, trazendo \u00e0 tona uma s\u00e9rie de press\u00f5es e expectativas que podem afetar [&hellip;]<\/p>\n","protected":false},"author":1,"featured_media":40394,"comment_status":"open","ping_status":"open","sticky":false,"template":"","format":"standard","meta":{"ngg_post_thumbnail":0,"footnotes":""},"categories":[2,38,41],"tags":[],"class_list":["post-40393","post","type-post","status-publish","format-standard","has-post-thumbnail","hentry","category-destaques","category-saude","category-ultimasnoticias"],"_links":{"self":[{"href":"https:\/\/somdepapo.com.br\/portal\/wp-json\/wp\/v2\/posts\/40393","targetHints":{"allow":["GET"]}}],"collection":[{"href":"https:\/\/somdepapo.com.br\/portal\/wp-json\/wp\/v2\/posts"}],"about":[{"href":"https:\/\/somdepapo.com.br\/portal\/wp-json\/wp\/v2\/types\/post"}],"author":[{"embeddable":true,"href":"https:\/\/somdepapo.com.br\/portal\/wp-json\/wp\/v2\/users\/1"}],"replies":[{"embeddable":true,"href":"https:\/\/somdepapo.com.br\/portal\/wp-json\/wp\/v2\/comments?post=40393"}],"version-history":[{"count":1,"href":"https:\/\/somdepapo.com.br\/portal\/wp-json\/wp\/v2\/posts\/40393\/revisions"}],"predecessor-version":[{"id":40395,"href":"https:\/\/somdepapo.com.br\/portal\/wp-json\/wp\/v2\/posts\/40393\/revisions\/40395"}],"wp:featuredmedia":[{"embeddable":true,"href":"https:\/\/somdepapo.com.br\/portal\/wp-json\/wp\/v2\/media\/40394"}],"wp:attachment":[{"href":"https:\/\/somdepapo.com.br\/portal\/wp-json\/wp\/v2\/media?parent=40393"}],"wp:term":[{"taxonomy":"category","embeddable":true,"href":"https:\/\/somdepapo.com.br\/portal\/wp-json\/wp\/v2\/categories?post=40393"},{"taxonomy":"post_tag","embeddable":true,"href":"https:\/\/somdepapo.com.br\/portal\/wp-json\/wp\/v2\/tags?post=40393"}],"curies":[{"name":"wp","href":"https:\/\/api.w.org\/{rel}","templated":true}]}}