{"id":40535,"date":"2024-12-31T11:00:31","date_gmt":"2024-12-31T14:00:31","guid":{"rendered":"https:\/\/somdepapo.com.br\/portal\/?p=40535"},"modified":"2024-12-31T08:50:12","modified_gmt":"2024-12-31T11:50:12","slug":"apos-gerar-250-empregos-em-salvador-em-2024-construtora-anuncia-investimento-de-mais-de-r-300-milhoes-no-mercado-local","status":"publish","type":"post","link":"https:\/\/somdepapo.com.br\/portal\/apos-gerar-250-empregos-em-salvador-em-2024-construtora-anuncia-investimento-de-mais-de-r-300-milhoes-no-mercado-local\/","title":{"rendered":"Ap\u00f3s gerar 250 empregos em Salvador em 2024, construtora anuncia investimento de mais de R$ 300 milh\u00f5es no mercado local"},"content":{"rendered":"<p style=\"text-align: right;\">Por: Andr\u00e9a Alvarenga<\/p>\n<p dir=\"ltr\" style=\"text-align: justify;\">Salvador foi a cidade escolhida para dar in\u00edcio ao processo de expans\u00e3o da construtora sergipana Stanza no Nordeste. A escolha trouxe diversos impactos positivos para o mercado de constru\u00e7\u00e3o civil da cidade. Dois empreendimentos foram lan\u00e7ados, Jardim Patamares e Ventura Patamares, gerando emprego e renda e com diferenciais que garantiram o sucesso de venda e resultados expressivos.<\/p>\n<p dir=\"ltr\" style=\"text-align: justify;\">O impacto econ\u00f4mico pode ser revelado nos n\u00fameros gerados pela chegada da marca \u00e0 capital. Foram mais de 250 empregos diretos e indiretos nas obras, no escrit\u00f3rio e na Loja Stanza em Salvador. Os dois empreendimentos lan\u00e7ados em 2024 resultar\u00e3o em um investimento de 300 milh\u00f5es nos pr\u00f3ximos dois anos.<\/p>\n<p dir=\"ltr\" style=\"text-align: justify;\">O foco em ter o melhor custo-benef\u00edcio atesta o sucesso de vendas na capital baiana: foram mais de 320 unidades vendidas nos \u00faltimos seis meses. No total, a empresa lan\u00e7ou, em Aracaju e Salvador, 1.344 unidades neste ano, e cerca de 500 unidades foram entregues \u00e0s fam\u00edlias, com diferenciais exclusivos, como ITBI\/ITIV e taxas de cart\u00f3rio gratuitas para todos os clientes.<\/p>\n<p dir=\"ltr\" style=\"text-align: justify;\">\u201cTrazer a marca Stanza para Salvador foi um desafio incr\u00edvel e gratificante. Tivemos que entender profundamente um novo p\u00fablico, ajustar a nossa comunica\u00e7\u00e3o para refletir o jeito \u00fanico da cidade e explorar diversos canais para alcan\u00e7ar as pessoas da melhor forma poss\u00edvel. Estivemos presentes em imobili\u00e1rias, m\u00eddias OOH e canais de alto alcance com r\u00e1dio e TV. Foi incr\u00edvel ver como a cidade nos recebeu de bra\u00e7os abertos e como conseguimos nos conectar com as pessoas de maneira t\u00e3o especial\u201d, ressalta N\u00edvia Lima, gerente de Marketing e Relacionamento.<\/p>\n<p dir=\"ltr\" style=\"text-align: justify;\">Para 2025, novos empreendimentos est\u00e3o no planejamento da marca, refor\u00e7ando o papel de crescimento e desenvolvimento de Salvador. \u201cSinto um enorme orgulho da hist\u00f3ria que estamos construindo na cidade. Este ano foi especialmente marcante para n\u00f3s. Chegamos com dois empreendimentos que oferecem o melhor custo-benef\u00edcio da regi\u00e3o de Patamares e tivemos uma excelente recep\u00e7\u00e3o no mercado. N\u00e3o tenho d\u00favidas de que o pr\u00f3ximo ano ser\u00e1 de expans\u00e3o das nossas atividades na cidade e que faremos muito por Salvador, com novos lan\u00e7amentos e o in\u00edcio das obras do Ventura Patamares, consolidando ainda mais a nossa presen\u00e7a na capital baiana\u201d, destaca Luciano Barreto, CEO da Stanza.<\/p>\n<p dir=\"ltr\" style=\"text-align: justify;\">Desde que a Stanza come\u00e7ou a atuar no segmento de empreendimentos residenciais, em 2008, um objetivo sempre esteve muito claro: transformar o sonho de um novo endere\u00e7o na concretiza\u00e7\u00e3o de um novo lar, unindo qualidade, experi\u00eancia e as melhores condi\u00e7\u00f5es do mercado, em produtos modernos, inovadores e que satisfizessem os clientes. Atrav\u00e9s de uma busca constante para oferecer o melhor, a marca evolui e lan\u00e7a continuamente empreendimentos que marcam a paisagem urbana das cidades em que atuam.<\/p>\n<p style=\"text-align: justify;\">&nbsp;<\/p>\n","protected":false},"excerpt":{"rendered":"<p>Por: Andr\u00e9a Alvarenga Salvador foi a cidade escolhida para dar in\u00edcio ao processo de expans\u00e3o da construtora sergipana Stanza no Nordeste. A escolha trouxe diversos impactos positivos para o mercado de constru\u00e7\u00e3o civil da cidade. Dois empreendimentos foram lan\u00e7ados, Jardim Patamares e Ventura Patamares, gerando emprego e renda e com diferenciais que garantiram o sucesso [&hellip;]<\/p>\n","protected":false},"author":1,"featured_media":40536,"comment_status":"open","ping_status":"open","sticky":false,"template":"","format":"standard","meta":{"ngg_post_thumbnail":0,"footnotes":""},"categories":[2,155,41],"tags":[],"class_list":["post-40535","post","type-post","status-publish","format-standard","has-post-thumbnail","hentry","category-destaques","category-mercado-de-trabalho-2","category-ultimasnoticias"],"_links":{"self":[{"href":"https:\/\/somdepapo.com.br\/portal\/wp-json\/wp\/v2\/posts\/40535","targetHints":{"allow":["GET"]}}],"collection":[{"href":"https:\/\/somdepapo.com.br\/portal\/wp-json\/wp\/v2\/posts"}],"about":[{"href":"https:\/\/somdepapo.com.br\/portal\/wp-json\/wp\/v2\/types\/post"}],"author":[{"embeddable":true,"href":"https:\/\/somdepapo.com.br\/portal\/wp-json\/wp\/v2\/users\/1"}],"replies":[{"embeddable":true,"href":"https:\/\/somdepapo.com.br\/portal\/wp-json\/wp\/v2\/comments?post=40535"}],"version-history":[{"count":1,"href":"https:\/\/somdepapo.com.br\/portal\/wp-json\/wp\/v2\/posts\/40535\/revisions"}],"predecessor-version":[{"id":40537,"href":"https:\/\/somdepapo.com.br\/portal\/wp-json\/wp\/v2\/posts\/40535\/revisions\/40537"}],"wp:featuredmedia":[{"embeddable":true,"href":"https:\/\/somdepapo.com.br\/portal\/wp-json\/wp\/v2\/media\/40536"}],"wp:attachment":[{"href":"https:\/\/somdepapo.com.br\/portal\/wp-json\/wp\/v2\/media?parent=40535"}],"wp:term":[{"taxonomy":"category","embeddable":true,"href":"https:\/\/somdepapo.com.br\/portal\/wp-json\/wp\/v2\/categories?post=40535"},{"taxonomy":"post_tag","embeddable":true,"href":"https:\/\/somdepapo.com.br\/portal\/wp-json\/wp\/v2\/tags?post=40535"}],"curies":[{"name":"wp","href":"https:\/\/api.w.org\/{rel}","templated":true}]}}