{"id":40540,"date":"2024-12-31T12:00:18","date_gmt":"2024-12-31T15:00:18","guid":{"rendered":"https:\/\/somdepapo.com.br\/portal\/?p=40540"},"modified":"2024-12-31T09:32:57","modified_gmt":"2024-12-31T12:32:57","slug":"campanha-janeiro-branco","status":"publish","type":"post","link":"https:\/\/somdepapo.com.br\/portal\/campanha-janeiro-branco\/","title":{"rendered":"Campanha janeiro branco"},"content":{"rendered":"<p style=\"text-align: right;\"><strong>Por Natalia Toneto \u2013 Psic\u00f3loga. <\/strong><\/p>\n<p style=\"text-align: justify;\">A <u>Campanha Janeiro Branco<\/u> \u00e9 um movimento dedicado \u00e0 conscientiza\u00e7\u00e3o sobre a import\u00e2ncia da <u>sa\u00fade mental <\/u>e do cuidado emocional. Criada em 2014, a campanha busca incentivar reflex\u00f5es sobre como as pessoas lidam com suas emo\u00e7\u00f5es, relacionamentos, metas de vida e bem-estar psicol\u00f3gico.<\/p>\n<h3 style=\"text-align: justify;\"><u>Objetivos da Campanha<\/u><\/h3>\n<ol style=\"text-align: justify;\">\n<li>Promover a sa\u00fade mental: Incentivar discuss\u00f5es abertas sobre sa\u00fade emocional, ajudando a reduzir o estigma em torno do tema.<\/li>\n<li>Preven\u00e7\u00e3o de transtornos mentais: Alertar sobre a import\u00e2ncia de buscar ajuda antes que problemas emocionais se agravem.<\/li>\n<li>Est\u00edmulo ao autocuidado: Fomentar a pr\u00e1tica de h\u00e1bitos saud\u00e1veis que promovam o equil\u00edbrio emocional.<\/li>\n<li>Impactar pol\u00edticas p\u00fablicas: Defender a cria\u00e7\u00e3o e o fortalecimento de estrat\u00e9gias de sa\u00fade mental em diversas esferas.<\/li>\n<\/ol>\n<h3 style=\"text-align: justify;\"><u>Por que janeiro?<\/u><\/h3>\n<p style=\"text-align: justify;\">Janeiro \u00e9 um m\u00eas simb\u00f3lico, marcado pelo in\u00edcio de um novo ciclo. \u00c9 um per\u00edodo em que muitas pessoas refletem sobre suas vidas e tra\u00e7am metas para o ano. A campanha utiliza essa atmosfera de renova\u00e7\u00e3o para convidar a sociedade a priorizar o bem-estar emocional.<\/p>\n<h3 style=\"text-align: justify;\"><u>Frase da Campanha<\/u><\/h3>\n<p style=\"text-align: justify;\">\u201cA vida pede equil\u00edbrio.\u201d<\/p>\n<h3 style=\"text-align: justify;\"><u>Atividades Comuns<\/u><\/h3>\n<ul style=\"text-align: justify;\">\n<li>Palestras e workshops sobre sa\u00fade mental.<\/li>\n<li>Divulga\u00e7\u00e3o de materiais educativos.<\/li>\n<li>Encontros e rodas de conversa.<\/li>\n<li>A\u00e7\u00f5es em escolas, empresas e espa\u00e7os p\u00fablicos.<\/li>\n<\/ul>\n<h3 style=\"text-align: justify;\"><u>Como Participar?<\/u><\/h3>\n<ul style=\"text-align: justify;\">\n<li>Promova conversas sobre sa\u00fade mental nas suas redes sociais ou no seu c\u00edrculo de conviv\u00eancia.<\/li>\n<li>Procure eventos locais ou organize iniciativas na sua comunidade.<\/li>\n<li>Ofere\u00e7a apoio e escuta para amigos e familiares.<\/li>\n<\/ul>\n<p style=\"text-align: justify;\">A Campanha Janeiro Branco \u00e9 um convite para transformar a forma como lidamos com a sa\u00fade mental, criando uma sociedade mais emp\u00e1tica e consciente. Caso queira falar comigo sobre esse tema e outros voc\u00ea me encontra no @psi.nataliatonetolima e ser\u00e1 um prazer falar com voc\u00ea.<\/p>\n<p style=\"text-align: justify;\">Eu desejo um feliz ano novo! Abra\u00e7os e at\u00e9 breve.<\/p>\n","protected":false},"excerpt":{"rendered":"<p>Por Natalia Toneto \u2013 Psic\u00f3loga. A Campanha Janeiro Branco \u00e9 um movimento dedicado \u00e0 conscientiza\u00e7\u00e3o sobre a import\u00e2ncia da sa\u00fade mental e do cuidado emocional. Criada em 2014, a campanha busca incentivar reflex\u00f5es sobre como as pessoas lidam com suas emo\u00e7\u00f5es, relacionamentos, metas de vida e bem-estar psicol\u00f3gico. Objetivos da Campanha Promover a sa\u00fade mental: [&hellip;]<\/p>\n","protected":false},"author":1,"featured_media":40541,"comment_status":"open","ping_status":"open","sticky":false,"template":"","format":"standard","meta":{"ngg_post_thumbnail":0,"footnotes":""},"categories":[2,352,41],"tags":[],"class_list":["post-40540","post","type-post","status-publish","format-standard","has-post-thumbnail","hentry","category-destaques","category-terapias","category-ultimasnoticias"],"_links":{"self":[{"href":"https:\/\/somdepapo.com.br\/portal\/wp-json\/wp\/v2\/posts\/40540","targetHints":{"allow":["GET"]}}],"collection":[{"href":"https:\/\/somdepapo.com.br\/portal\/wp-json\/wp\/v2\/posts"}],"about":[{"href":"https:\/\/somdepapo.com.br\/portal\/wp-json\/wp\/v2\/types\/post"}],"author":[{"embeddable":true,"href":"https:\/\/somdepapo.com.br\/portal\/wp-json\/wp\/v2\/users\/1"}],"replies":[{"embeddable":true,"href":"https:\/\/somdepapo.com.br\/portal\/wp-json\/wp\/v2\/comments?post=40540"}],"version-history":[{"count":1,"href":"https:\/\/somdepapo.com.br\/portal\/wp-json\/wp\/v2\/posts\/40540\/revisions"}],"predecessor-version":[{"id":40542,"href":"https:\/\/somdepapo.com.br\/portal\/wp-json\/wp\/v2\/posts\/40540\/revisions\/40542"}],"wp:featuredmedia":[{"embeddable":true,"href":"https:\/\/somdepapo.com.br\/portal\/wp-json\/wp\/v2\/media\/40541"}],"wp:attachment":[{"href":"https:\/\/somdepapo.com.br\/portal\/wp-json\/wp\/v2\/media?parent=40540"}],"wp:term":[{"taxonomy":"category","embeddable":true,"href":"https:\/\/somdepapo.com.br\/portal\/wp-json\/wp\/v2\/categories?post=40540"},{"taxonomy":"post_tag","embeddable":true,"href":"https:\/\/somdepapo.com.br\/portal\/wp-json\/wp\/v2\/tags?post=40540"}],"curies":[{"name":"wp","href":"https:\/\/api.w.org\/{rel}","templated":true}]}}