{"id":40621,"date":"2025-01-07T08:28:22","date_gmt":"2025-01-07T11:28:22","guid":{"rendered":"https:\/\/somdepapo.com.br\/portal\/?p=40621"},"modified":"2025-01-07T08:28:22","modified_gmt":"2025-01-07T11:28:22","slug":"joacles-costa-enaltece-a-leitura-como-alicerce-do-conhecimento-no-dia-do-leitor","status":"publish","type":"post","link":"https:\/\/somdepapo.com.br\/portal\/joacles-costa-enaltece-a-leitura-como-alicerce-do-conhecimento-no-dia-do-leitor\/","title":{"rendered":"Joacles Costa enaltece a leitura como alicerce do conhecimento no dia do Leitor"},"content":{"rendered":"<p style=\"text-align: right;\">Por Reda\u00e7\u00e3o&nbsp;<\/p>\n<p style=\"text-align: justify;\">7 de janeiro, comemora-se uma data importante no Brasil que \u00e9 o Dia do Leitor. Este dia \u00e9 especialmente dedicado \u00e0s pessoas apaixonadas pela literatura em geral, \u00e0quelas que encontram nos livros um universo infinito de possibilidades e que reconhecem o valor transformador da leitura. O Dia do Leitor \u00e9 uma homenagem a quem ama livros, um tributo ao poder que as palavras t\u00eam de moldar pensamentos, ampliar horizontes e despertar a imagina\u00e7\u00e3o.<\/p>\n<p style=\"text-align: justify;\">Ningu\u00e9m nasce sendo um leitor. O interesse pela literatura \u00e9 algo que se desenvolve ao longo dos anos, alimentado por influ\u00eancias positivas, como a conviv\u00eancia com pais leitores, professores dedicados e amigos que compartilham o gosto pelos livros. O h\u00e1bito de ler n\u00e3o surge de forma espont\u00e2nea; ele \u00e9 incentivado, cultivado e, quando bem conduzido, torna-se uma pr\u00e1tica que enriquece vidas e transforma realidades.<\/p>\n<p style=\"text-align: justify;\">A leitura desempenha um papel crucial no desenvolvimento humano. Ela aprimora a comunica\u00e7\u00e3o, estimula a interpreta\u00e7\u00e3o e promove o crescimento cognitivo. Al\u00e9m disso, \u00e9 a base para a forma\u00e7\u00e3o do pensamento cr\u00edtico, pois ensina a questionar, analisar e compreender as informa\u00e7\u00f5es recebidas. Ser um leitor \u00e9 muito mais do que decifrar palavras; \u00e9 viver experi\u00eancias, compreender diferentes perspectivas e adquirir conhecimento de forma cont\u00ednua.<\/p>\n<p style=\"text-align: justify;\">O escritor, professor e jornalista capixaba Joacles Costa, autor de livros infantis, contos, cr\u00f4nicas e uma pe\u00e7a de teatro, refor\u00e7a a import\u00e2ncia de incentivar o h\u00e1bito da leitura desde cedo: \u201cSer um bom leitor desde a inf\u00e2ncia \u00e9 a base para construir adultos mais curiosos, cr\u00edticos e conscientes. A leitura n\u00e3o \u00e9 apenas uma ferramenta de aprendizado, mas um portal para a imagina\u00e7\u00e3o e para o entendimento do mundo ao nosso redor. Quando incentivamos as crian\u00e7as a lerem, plantamos uma semente que florescer\u00e1 em um amor duradouro pelos livros. Isso transforma vidas e, consequentemente, a sociedade. Ler \u00e9 mais do que um h\u00e1bito; \u00e9 um ato de liberdade e de crescimento humano.\u201d<\/p>\n<p style=\"text-align: justify;\">No Brasil, a leitura enfrenta desafios. Dados recentes mostram que o brasileiro l\u00ea, em m\u00e9dia, apenas 2,5 livros por ano. A falta de acesso a livros, desigualdades sociais e a aus\u00eancia de est\u00edmulo familiar s\u00e3o fatores que contribuem para esse cen\u00e1rio. No entanto, iniciativas p\u00fablicas e privadas t\u00eam buscado mudar essa realidade, com projetos como bibliotecas itinerantes, distribui\u00e7\u00e3o gratuita de livros e clubes de leitura escolares. Essas a\u00e7\u00f5es s\u00e3o essenciais para democratizar o acesso \u00e0 literatura e formar novas gera\u00e7\u00f5es de leitores.<\/p>\n<p style=\"text-align: justify;\">Celebrar o Dia do Leitor \u00e9 mais do que uma homenagem; \u00e9 um convite para refletir sobre o impacto da leitura na sociedade. Escolher um bom livro, incentivar crian\u00e7as a ler, organizar rodas de leitura ou doar obras para quem precisa s\u00e3o formas simples, mas significativas, de celebrar essa data. A leitura \u00e9 uma forma de liberdade intelectual, que permite ao indiv\u00edduo explorar novas ideias e construir sua vis\u00e3o de mundo.<\/p>\n","protected":false},"excerpt":{"rendered":"<p>Por Reda\u00e7\u00e3o&nbsp; 7 de janeiro, comemora-se uma data importante no Brasil que \u00e9 o Dia do Leitor. Este dia \u00e9 especialmente dedicado \u00e0s pessoas apaixonadas pela literatura em geral, \u00e0quelas que encontram nos livros um universo infinito de possibilidades e que reconhecem o valor transformador da leitura. O Dia do Leitor \u00e9 uma homenagem a [&hellip;]<\/p>\n","protected":false},"author":1,"featured_media":40622,"comment_status":"open","ping_status":"open","sticky":false,"template":"","format":"standard","meta":{"ngg_post_thumbnail":0,"footnotes":""},"categories":[14,2,41],"tags":[],"class_list":["post-40621","post","type-post","status-publish","format-standard","has-post-thumbnail","hentry","category-arte-e-literatura","category-destaques","category-ultimasnoticias"],"_links":{"self":[{"href":"https:\/\/somdepapo.com.br\/portal\/wp-json\/wp\/v2\/posts\/40621","targetHints":{"allow":["GET"]}}],"collection":[{"href":"https:\/\/somdepapo.com.br\/portal\/wp-json\/wp\/v2\/posts"}],"about":[{"href":"https:\/\/somdepapo.com.br\/portal\/wp-json\/wp\/v2\/types\/post"}],"author":[{"embeddable":true,"href":"https:\/\/somdepapo.com.br\/portal\/wp-json\/wp\/v2\/users\/1"}],"replies":[{"embeddable":true,"href":"https:\/\/somdepapo.com.br\/portal\/wp-json\/wp\/v2\/comments?post=40621"}],"version-history":[{"count":1,"href":"https:\/\/somdepapo.com.br\/portal\/wp-json\/wp\/v2\/posts\/40621\/revisions"}],"predecessor-version":[{"id":40623,"href":"https:\/\/somdepapo.com.br\/portal\/wp-json\/wp\/v2\/posts\/40621\/revisions\/40623"}],"wp:featuredmedia":[{"embeddable":true,"href":"https:\/\/somdepapo.com.br\/portal\/wp-json\/wp\/v2\/media\/40622"}],"wp:attachment":[{"href":"https:\/\/somdepapo.com.br\/portal\/wp-json\/wp\/v2\/media?parent=40621"}],"wp:term":[{"taxonomy":"category","embeddable":true,"href":"https:\/\/somdepapo.com.br\/portal\/wp-json\/wp\/v2\/categories?post=40621"},{"taxonomy":"post_tag","embeddable":true,"href":"https:\/\/somdepapo.com.br\/portal\/wp-json\/wp\/v2\/tags?post=40621"}],"curies":[{"name":"wp","href":"https:\/\/api.w.org\/{rel}","templated":true}]}}