{"id":41172,"date":"2025-01-30T08:00:15","date_gmt":"2025-01-30T11:00:15","guid":{"rendered":"https:\/\/somdepapo.com.br\/portal\/?p=41172"},"modified":"2025-01-29T16:51:32","modified_gmt":"2025-01-29T19:51:32","slug":"o-poder-da-memoria-celular-no-corpo-humano","status":"publish","type":"post","link":"https:\/\/somdepapo.com.br\/portal\/o-poder-da-memoria-celular-no-corpo-humano\/","title":{"rendered":"O poder da mem\u00f3ria celular no corpo humano"},"content":{"rendered":"<p style=\"text-align: right;\">Por Dra Eneida Bonanza<\/p>\n<p>&nbsp;<\/p>\n<p style=\"text-align: justify;\">E se eu te dissesse que o seu corpo guarda mais mem\u00f3rias do que voc\u00ea imagina? Cada experi\u00eancia vivida \u2013 desde o momento da fecunda\u00e7\u00e3o \u2013 deixa marcas profundas em nossas c\u00e9lulas, influenciando a sa\u00fade f\u00edsica, emocional e comportamental. Essa descoberta pode ser transformadora, mas tamb\u00e9m desafiadora. Afinal, como essas mem\u00f3rias impactam o nosso dia a dia?<\/p>\n<p style=\"text-align: justify;\"><strong>Desde o \u00datero: Como Tudo Come\u00e7a<\/strong><\/p>\n<p style=\"text-align: justify;\">Sabia que as suas primeiras mem\u00f3rias come\u00e7aram a ser registradas ainda no ventre materno? Durante a gesta\u00e7\u00e3o, o beb\u00ea \u00e9 influenciado diretamente pela bioqu\u00edmica da m\u00e3e. Se a gravidez foi tranquila, as mem\u00f3rias geradas tendem a ser positivas. Mas, quando marcada por desafios \u2013 como crises conjugais, luto ou estresse \u2013 essas viv\u00eancias podem moldar as primeiras impress\u00f5es celulares de forma desafiadora.<\/p>\n<p style=\"text-align: justify;\">Depois do nascimento, experi\u00eancias significativas, como abandono, traumas, abusos ou at\u00e9 mesmo momentos de alegria e conquista, continuam a ser gravadas no corpo. \u00c9 como se nossas c\u00e9lulas carregassem um di\u00e1rio invis\u00edvel de tudo o que vivemos.<\/p>\n<p style=\"text-align: justify;\"><strong>Como o Corpo Reage \u00e0s Experi\u00eancias Impactantes?<\/strong><\/p>\n<p style=\"text-align: justify;\">Nosso corpo \u00e9 preparado para lidar com situa\u00e7\u00f5es do cotidiano. Mas, quando enfrentamos eventos inesperados e intensos, ele pode entrar em modo de sobreviv\u00eancia, gerando sobrecarga bioqu\u00edmica. Esses efeitos incluem:<\/p>\n<ul style=\"text-align: justify;\">\n<li>Aumento do cortisol, enfraquecendo a imunidade;<\/li>\n<li>Altera\u00e7\u00f5es nos n\u00edveis de adrenalina e noradrenalina, afetando cora\u00e7\u00e3o e respira\u00e7\u00e3o;<\/li>\n<li>Redu\u00e7\u00e3o de serotonina e dopamina, aumentando a vulnerabilidade \u00e0 ansiedade, depress\u00e3o e p\u00e2nico;<\/li>\n<li>Inflama\u00e7\u00f5es cr\u00f4nicas, ligadas a dores, enxaquecas e doen\u00e7as autoimunes.<\/li>\n<\/ul>\n<p style=\"text-align: justify;\"><strong>Sinais de Sobrecarga Celular<\/strong><\/p>\n<p style=\"text-align: justify;\">\u00c0 medida que acumulamos essas mem\u00f3rias, o corpo come\u00e7a a enviar sinais. J\u00e1 sentiu algo assim?<\/p>\n<ul style=\"text-align: justify;\">\n<li>Sintomas f\u00edsicos: dores cr\u00f4nicas, fadiga, alergias;<\/li>\n<li>Sintomas emocionais: ansiedade, irritabilidade, depress\u00e3o, p\u00e2nico;<\/li>\n<li>Sintomas comportamentais: dificuldade em manter rela\u00e7\u00f5es saud\u00e1veis ou rea\u00e7\u00f5es exageradas a situa\u00e7\u00f5es simples.<\/li>\n<\/ul>\n<p style=\"text-align: justify;\"><strong>Como Aliviar Essa Carga?<\/strong><\/p>\n<p style=\"text-align: justify;\">A boa not\u00edcia \u00e9 que podemos acessar e ressignificar essas mem\u00f3rias. T\u00e9cnicas terap\u00eauticas ajudam a liberar a sobrecarga, promovendo o equil\u00edbrio entre corpo e mente. Entre elas:<\/p>\n<ol style=\"text-align: justify;\">\n<li>Microfisioterapia: Identifica e libera traumas registrados nas c\u00e9lulas.<\/li>\n<li>Leitura Biol\u00f3gica: Conecta emo\u00e7\u00f5es e sintomas f\u00edsicos, facilitando a cura.<\/li>\n<li>Terapia Manual Evolutiva: Estimula o corpo com toques suaves para desbloquear mem\u00f3rias.<\/li>\n<li>EFT (Emotional Freedom Techniques): Trabalha emo\u00e7\u00f5es reprimidas ligadas a traumas.<\/li>\n<li>Constela\u00e7\u00e3o Familiar Sist\u00eamica: Ajuda a ressignificar din\u00e2micas familiares que geram sofrimento.<\/li>\n<\/ol>\n<p style=\"text-align: justify;\">Essas pr\u00e1ticas possibilitam a redu\u00e7\u00e3o do impacto das mem\u00f3rias celulares acumuladas, promovendo uma vida mais leve e equilibrada.<\/p>\n<p style=\"text-align: justify;\"><strong>Transforma\u00e7\u00e3o Vital: O Primeiro Passo<\/strong><\/p>\n<p style=\"text-align: justify;\">Reconhecer que seu corpo carrega mem\u00f3rias profundas \u00e9 o in\u00edcio de uma grande Transforma\u00e7\u00e3o Vital. Ao se permitir olhar para essas marcas e ressignific\u00e1-las, voc\u00ea pode recuperar sua vitalidade e construir um novo equil\u00edbrio.<\/p>\n<p style=\"text-align: justify;\">Que tal dar o primeiro passo nessa jornada? Reflita: quais mem\u00f3rias o seu corpo carrega? Talvez seja hora de come\u00e7ar essa transforma\u00e7\u00e3o.<\/p>\n<p style=\"text-align: justify;\">Siga-me no Instagram: @dra.eneidabonanza e acompanhe mais conte\u00fados sobre sa\u00fade e Transforma\u00e7\u00e3o Vital.<\/p>\n<p style=\"text-align: justify;\"><strong>Colunista: Eneida Bonanza<\/strong><\/p>\n<p style=\"text-align: justify;\">Fisioterapeuta e Terapeuta, diretora da Cl\u00ednica SHI e CHER Cl\u00ednica de Sa\u00fade, com p\u00f3s-gradua\u00e7\u00e3o em Medicina Tradicional Chinesa. Especialista em Microfisioterapia Avan\u00e7ada, Leitura Biol\u00f3gica, Terapia Informacional Integrativa, Constela\u00e7\u00e3o Familiar e Dermoneuromodula\u00e7\u00e3o. Professora, palestrante e criadora do m\u00e9todo terap\u00eautico TICS.<\/p>\n<p style=\"text-align: justify;\"><strong>Referencias Bibliogr\u00e1ficas:<\/strong><\/p>\n<ol style=\"text-align: justify;\">\n<li>Mem\u00f3ria Celular:<\/li>\n<\/ol>\n<ul style=\"text-align: justify;\">\n<li>Pearsall, P. (1999). The Heart\u2019s Code: Tapping the Wisdom and Power of Our Heart Energy. Broadway Books.<\/li>\n<\/ul>\n<ol style=\"text-align: justify;\" start=\"2\">\n<li>Altera\u00e7\u00f5es Bioqu\u00edmicas por Traumas:<\/li>\n<\/ol>\n<ul style=\"text-align: justify;\">\n<li>McEwen, B. S., &amp; Stellar, E. (1993). Stress and the individual: Mechanisms leading to disease. Archives of Internal Medicine, 153(18), 2093-2101.<\/li>\n<\/ul>\n<ol style=\"text-align: justify;\" start=\"6\">\n<li>Epigen\u00e9tica e Mem\u00f3ria Celular:<\/li>\n<\/ol>\n<ul>\n<li style=\"text-align: justify;\">Reik, W., &amp; Walter, J. (2001). Genomic imprinting: parental influence on the genome. Nature Reviews Genetics, 2(1), 21-32.<\/li>\n<\/ul>\n","protected":false},"excerpt":{"rendered":"<p>Por Dra Eneida Bonanza &nbsp; E se eu te dissesse que o seu corpo guarda mais mem\u00f3rias do que voc\u00ea imagina? Cada experi\u00eancia vivida \u2013 desde o momento da fecunda\u00e7\u00e3o \u2013 deixa marcas profundas em nossas c\u00e9lulas, influenciando a sa\u00fade f\u00edsica, emocional e comportamental. Essa descoberta pode ser transformadora, mas tamb\u00e9m desafiadora. Afinal, como essas [&hellip;]<\/p>\n","protected":false},"author":1,"featured_media":41175,"comment_status":"open","ping_status":"open","sticky":false,"template":"","format":"standard","meta":{"ngg_post_thumbnail":0,"footnotes":""},"categories":[2,358,41],"tags":[],"class_list":["post-41172","post","type-post","status-publish","format-standard","has-post-thumbnail","hentry","category-destaques","category-transformacao-vital","category-ultimasnoticias"],"_links":{"self":[{"href":"https:\/\/somdepapo.com.br\/portal\/wp-json\/wp\/v2\/posts\/41172","targetHints":{"allow":["GET"]}}],"collection":[{"href":"https:\/\/somdepapo.com.br\/portal\/wp-json\/wp\/v2\/posts"}],"about":[{"href":"https:\/\/somdepapo.com.br\/portal\/wp-json\/wp\/v2\/types\/post"}],"author":[{"embeddable":true,"href":"https:\/\/somdepapo.com.br\/portal\/wp-json\/wp\/v2\/users\/1"}],"replies":[{"embeddable":true,"href":"https:\/\/somdepapo.com.br\/portal\/wp-json\/wp\/v2\/comments?post=41172"}],"version-history":[{"count":1,"href":"https:\/\/somdepapo.com.br\/portal\/wp-json\/wp\/v2\/posts\/41172\/revisions"}],"predecessor-version":[{"id":41174,"href":"https:\/\/somdepapo.com.br\/portal\/wp-json\/wp\/v2\/posts\/41172\/revisions\/41174"}],"wp:featuredmedia":[{"embeddable":true,"href":"https:\/\/somdepapo.com.br\/portal\/wp-json\/wp\/v2\/media\/41175"}],"wp:attachment":[{"href":"https:\/\/somdepapo.com.br\/portal\/wp-json\/wp\/v2\/media?parent=41172"}],"wp:term":[{"taxonomy":"category","embeddable":true,"href":"https:\/\/somdepapo.com.br\/portal\/wp-json\/wp\/v2\/categories?post=41172"},{"taxonomy":"post_tag","embeddable":true,"href":"https:\/\/somdepapo.com.br\/portal\/wp-json\/wp\/v2\/tags?post=41172"}],"curies":[{"name":"wp","href":"https:\/\/api.w.org\/{rel}","templated":true}]}}