{"id":41176,"date":"2025-02-04T08:43:09","date_gmt":"2025-02-04T11:43:09","guid":{"rendered":"https:\/\/somdepapo.com.br\/portal\/?p=41176"},"modified":"2025-02-04T08:42:42","modified_gmt":"2025-02-04T11:42:42","slug":"transtorno-de-personalidade-borderline-caracteristicas-desafios-e-abordagens-terapeuticas-parte-ii","status":"publish","type":"post","link":"https:\/\/somdepapo.com.br\/portal\/transtorno-de-personalidade-borderline-caracteristicas-desafios-e-abordagens-terapeuticas-parte-ii\/","title":{"rendered":"Transtorno de personalidade borderline: caracter\u00edsticas, desafios e abordagens terap\u00eauticas. Parte II."},"content":{"rendered":"<p style=\"text-align: right;\">Por Dra. Natalia Toneto<\/p>\n<p style=\"text-align: justify;\">&nbsp;<\/p>\n<p style=\"text-align: justify;\">A hist\u00f3ria do <u>Transtorno de Personalidade Borderline (TPB)<\/u> remonta ao in\u00edcio do s\u00e9culo XX, quando psiquiatras come\u00e7aram a identificar pacientes que n\u00e3o se encaixavam nos diagn\u00f3sticos tradicionais de neuroses ou psicoses.<\/p>\n<p style=\"text-align: justify;\"><u>Origens do Conceito<\/u><\/p>\n<ul style=\"text-align: justify;\">\n<li>O termo <u>&#8220;borderline&#8221; (lim\u00edtrofe)<\/u> foi introduzido por <u>Adolph Stern<\/u>, em 1938, para descrever pacientes que apresentavam sintomas entre a neurose e a psicose. Esses indiv\u00edduos exibiam instabilidade emocional, impulsividade e dificuldades nos relacionamentos interpessoais, mas n\u00e3o apresentavam sintomas psic\u00f3ticos permanentes.<\/li>\n<li>Nas d\u00e9cadas de 1940 e 1950, o conceito foi amplamente explorado por psicanalistas, como <u>Otto Kernberg<\/u>, que descreveu o transtorno como uma organiza\u00e7\u00e3o espec\u00edfica da personalidade, caracterizada por rela\u00e7\u00f5es interpessoais inst\u00e1veis, medo do abandono e intensa reatividade emocional.<\/li>\n<\/ul>\n<p style=\"text-align: justify;\"><u>Evolu\u00e7\u00e3o no DSM (Manual Diagn\u00f3stico e Estat\u00edstico de Transtornos Mentais)<\/u><\/p>\n<ul style=\"text-align: justify;\">\n<li><u>DSM-III (1980):<\/u> O Transtorno de Personalidade Borderline foi reconhecido oficialmente como uma categoria diagn\u00f3stica distinta, com crit\u00e9rios pr\u00f3prios.<\/li>\n<li><u>DSM-IV (1994):<\/u> Houve uma melhor defini\u00e7\u00e3o dos sintomas centrais, como impulsividade, instabilidade emocional e comportamento autodestrutivo.<\/li>\n<li><u>DSM-5 (2013):<\/u> O transtorno manteve os mesmos crit\u00e9rios diagn\u00f3sticos, com foco na desregula\u00e7\u00e3o emocional, padr\u00f5es de relacionamentos intensos e impulsividade, sendo classificado dentro do grupo B dos transtornos de personalidade (dram\u00e1ticos, emocionais ou err\u00e1ticos).<\/li>\n<\/ul>\n<p style=\"text-align: justify;\"><u>Contribui\u00e7\u00f5es Contempor\u00e2neas<\/u><\/p>\n<ul style=\"text-align: justify;\">\n<li>Estudos modernos sugerem que o TPB tem uma base neurobiol\u00f3gica e pode estar associado a experi\u00eancias adversas na inf\u00e2ncia, como traumas e neglig\u00eancia.<\/li>\n<li>A Terapia Comportamental Dial\u00e9tica (DBT), desenvolvida por <u>Marsha Linehan,<\/u> nos anos 1990, revolucionou o tratamento do TPB, oferecendo estrat\u00e9gias eficazes para regula\u00e7\u00e3o emocional e habilidades sociais.<\/li>\n<\/ul>\n<p style=\"text-align: justify;\"><u>Conclus\u00e3o<\/u><\/p>\n<p style=\"text-align: justify;\">O Transtorno de Personalidade Borderline evoluiu de um conceito psicanal\u00edtico vago para uma condi\u00e7\u00e3o bem definida, com crit\u00e9rios diagn\u00f3sticos claros e abordagens terap\u00eauticas eficazes, refletindo uma compreens\u00e3o mais ampla da sua complexidade.<\/p>\n<p style=\"text-align: justify;\">Caso voc\u00ea tenha d\u00favidas sobre o tema ou conhece algu\u00e9m que precisa de ajuda, procure um profissional especializado na \u00e1rea da sa\u00fade mental. Se quiser falar diretamente comigo, voc\u00ea pode me encontrar no @psi.nataliatonetolima, ser\u00e1 um prazer falar com voc\u00ea.<\/p>\n<p style=\"text-align: justify;\">Abra\u00e7os!<\/p>\n<p style=\"text-align: justify;\">&nbsp;<\/p>\n","protected":false},"excerpt":{"rendered":"<p>Por Dra. Natalia Toneto &nbsp; A hist\u00f3ria do Transtorno de Personalidade Borderline (TPB) remonta ao in\u00edcio do s\u00e9culo XX, quando psiquiatras come\u00e7aram a identificar pacientes que n\u00e3o se encaixavam nos diagn\u00f3sticos tradicionais de neuroses ou psicoses. Origens do Conceito O termo &#8220;borderline&#8221; (lim\u00edtrofe) foi introduzido por Adolph Stern, em 1938, para descrever pacientes que apresentavam [&hellip;]<\/p>\n","protected":false},"author":1,"featured_media":41177,"comment_status":"open","ping_status":"open","sticky":false,"template":"","format":"standard","meta":{"ngg_post_thumbnail":0,"footnotes":""},"categories":[2,352,41],"tags":[],"class_list":["post-41176","post","type-post","status-publish","format-standard","has-post-thumbnail","hentry","category-destaques","category-terapias","category-ultimasnoticias"],"_links":{"self":[{"href":"https:\/\/somdepapo.com.br\/portal\/wp-json\/wp\/v2\/posts\/41176","targetHints":{"allow":["GET"]}}],"collection":[{"href":"https:\/\/somdepapo.com.br\/portal\/wp-json\/wp\/v2\/posts"}],"about":[{"href":"https:\/\/somdepapo.com.br\/portal\/wp-json\/wp\/v2\/types\/post"}],"author":[{"embeddable":true,"href":"https:\/\/somdepapo.com.br\/portal\/wp-json\/wp\/v2\/users\/1"}],"replies":[{"embeddable":true,"href":"https:\/\/somdepapo.com.br\/portal\/wp-json\/wp\/v2\/comments?post=41176"}],"version-history":[{"count":3,"href":"https:\/\/somdepapo.com.br\/portal\/wp-json\/wp\/v2\/posts\/41176\/revisions"}],"predecessor-version":[{"id":41180,"href":"https:\/\/somdepapo.com.br\/portal\/wp-json\/wp\/v2\/posts\/41176\/revisions\/41180"}],"wp:featuredmedia":[{"embeddable":true,"href":"https:\/\/somdepapo.com.br\/portal\/wp-json\/wp\/v2\/media\/41177"}],"wp:attachment":[{"href":"https:\/\/somdepapo.com.br\/portal\/wp-json\/wp\/v2\/media?parent=41176"}],"wp:term":[{"taxonomy":"category","embeddable":true,"href":"https:\/\/somdepapo.com.br\/portal\/wp-json\/wp\/v2\/categories?post=41176"},{"taxonomy":"post_tag","embeddable":true,"href":"https:\/\/somdepapo.com.br\/portal\/wp-json\/wp\/v2\/tags?post=41176"}],"curies":[{"name":"wp","href":"https:\/\/api.w.org\/{rel}","templated":true}]}}