{"id":41317,"date":"2025-02-19T09:11:43","date_gmt":"2025-02-19T12:11:43","guid":{"rendered":"https:\/\/somdepapo.com.br\/portal\/?p=41317"},"modified":"2025-02-19T09:20:22","modified_gmt":"2025-02-19T12:20:22","slug":"os-tipos-de-bebe-e-seus-impactos-psicossomaticos","status":"publish","type":"post","link":"https:\/\/somdepapo.com.br\/portal\/os-tipos-de-bebe-e-seus-impactos-psicossomaticos\/","title":{"rendered":"Os Tipos de Beb\u00ea e seus impactos Psicossom\u00e1ticos"},"content":{"rendered":"<p style=\"text-align: right;\">Por Eneida Bonanza<\/p>\n<p style=\"text-align: justify;\">&nbsp;<\/p>\n<p style=\"text-align: justify;\">A forma como uma vida \u00e9 concebida e gestada carrega significados profundos que v\u00e3o al\u00e9m da biologia. O per\u00edodo gestacional \u00e9 um momento de intensa troca emocional entre m\u00e3e e beb\u00ea, e os sentimentos vividos nesse per\u00edodo podem deixar registros profundos no inconsciente da crian\u00e7a. A psicossom\u00e1tica e a leitura biol\u00f3gica nos mostram que as emo\u00e7\u00f5es maternas e a din\u00e2mica familiar no momento da gesta\u00e7\u00e3o podem influenciar padr\u00f5es comportamentais, cren\u00e7as e at\u00e9 mesmo predisposi\u00e7\u00f5es f\u00edsicas do beb\u00ea.<\/p>\n<p style=\"text-align: justify;\">&nbsp;<\/p>\n<p style=\"text-align: justify;\">Vamos explorar alguns dos tipos de beb\u00ea e as poss\u00edveis consequ\u00eancias psicoemocionais que podem surgir:<\/p>\n<p style=\"text-align: justify;\">&nbsp;<\/p>\n<p style=\"text-align: justify;\">Beb\u00ea Surpresa<\/p>\n<p style=\"text-align: justify;\">O beb\u00ea surpresa chega sem aviso, em um momento n\u00e3o planejado da vida dos pais. Pode ser recebido com alegria ou com choque e resist\u00eancia. Se a m\u00e3e vive a gesta\u00e7\u00e3o com medo, inseguran\u00e7a ou rejei\u00e7\u00e3o, esse beb\u00ea pode crescer com uma sensa\u00e7\u00e3o inconsciente de n\u00e3o pertencimento, como se precisasse sempre justificar sua exist\u00eancia. Em alguns casos, pode desenvolver padr\u00f5es de autossabotagem ou dificuldades para encontrar seu lugar no mundo.<\/p>\n<p style=\"text-align: justify;\">&nbsp;<\/p>\n<p style=\"text-align: justify;\">Beb\u00ea Cola<\/p>\n<p style=\"text-align: justify;\">Esse \u00e9 o beb\u00ea concebido com a inten\u00e7\u00e3o de \u201csalvar\u201d um relacionamento em crise. Ele pode carregar o peso da expectativa de unir o casal e, muitas vezes, crescer sentindo uma responsabilidade que n\u00e3o \u00e9 sua. Na vida adulta, pode desenvolver um padr\u00e3o de media\u00e7\u00e3o de conflitos, tentando sempre harmonizar o ambiente ao seu redor, mas tamb\u00e9m pode sentir um vazio quando percebe que n\u00e3o pode sustentar rela\u00e7\u00f5es alheias.<\/p>\n<p style=\"text-align: justify;\">&nbsp;<\/p>\n<p style=\"text-align: justify;\">Beb\u00ea P\u00f3s-Perda<\/p>\n<p style=\"text-align: justify;\">Quando um beb\u00ea \u00e9 concebido ap\u00f3s abortos espont\u00e2neos, natimortos ou at\u00e9 perdas gestacionais anteriores, pode haver um campo emocional denso envolvendo sua chegada. A m\u00e3e pode carregar medo intenso de perder novamente, resultando em uma gravidez ansiosa e emocionalmente inst\u00e1vel. Esse beb\u00ea pode crescer sentindo que precisa compensar a aus\u00eancia do irm\u00e3o perdido, desenvolvendo um senso de culpa ou a sensa\u00e7\u00e3o de que nunca \u00e9 suficiente.<\/p>\n<p style=\"text-align: justify;\">&nbsp;<\/p>\n<p style=\"text-align: justify;\">Beb\u00ea Programado<\/p>\n<p style=\"text-align: justify;\">Esse \u00e9 o beb\u00ea que chega dentro de um planejamento rigoroso dos pais, muitas vezes atrelado a fatores externos como estabilidade financeira, carreira ou idade. Pode crescer com um senso inconsciente de que precisa corresponder a altas expectativas, tornando-se perfeccionista ou hiperrespons\u00e1vel. Se a gravidez ocorre com muitas cobran\u00e7as internas, esse beb\u00ea pode sentir que precisa \u201cvaler a pena\u201d e, na vida adulta, pode carregar um peso de desempenho constante.<\/p>\n<p style=\"text-align: justify;\">&nbsp;<\/p>\n<p style=\"text-align: justify;\">Beb\u00ea Desejado<\/p>\n<p style=\"text-align: justify;\">Quando um beb\u00ea \u00e9 fruto de um desejo genu\u00edno, mas sem uma programa\u00e7\u00e3o r\u00edgida, ele geralmente encontra um campo emocional mais fluido.<\/p>\n<p style=\"text-align: justify;\">&nbsp;<\/p>\n<p style=\"text-align: justify;\">O Impacto da Vida da M\u00e3e na Gesta\u00e7\u00e3o<\/p>\n<p style=\"text-align: justify;\">Independentemente do tipo de beb\u00ea, o estado emocional da m\u00e3e durante os nove meses de gesta\u00e7\u00e3o pode deixar marcas profundas. Se ela vive uma fase de tristeza profunda, medo ou inseguran\u00e7a, o beb\u00ea pode absorver essas emo\u00e7\u00f5es como uma esp\u00e9cie de \u201cheran\u00e7a emocional\u201d. Muitas quest\u00f5es emocionais que enfrentamos na vida adulta podem ter ra\u00edzes nesse per\u00edodo:<\/p>\n<p style=\"text-align: justify;\">\u2022 Beb\u00eas gestados durante trai\u00e7\u00f5es podem crescer com medo da rejei\u00e7\u00e3o ou dificuldades em confiar.<\/p>\n<p style=\"text-align: justify;\">\u2022 Beb\u00eas gestados em per\u00edodos de luto podem carregar uma tristeza inexplic\u00e1vel ou um senso de melancolia constante.<\/p>\n<p style=\"text-align: justify;\">\u2022 Beb\u00eas gestados em momentos de press\u00e3o extrema podem desenvolver um padr\u00e3o de ansiedade e hiperalerta.<\/p>\n<p style=\"text-align: justify;\">&nbsp;<\/p>\n<p style=\"text-align: justify;\">A boa not\u00edcia \u00e9 que esses registros podem ser ressignificados. Terapias integrativas, como a TICS \u2013 Terapia Integrativa de Conex\u00e3o Sist\u00eamica, podem ajudar a acessar e transformar esses padr\u00f5es inconscientes, permitindo que o adulto se liberte dessas influ\u00eancias iniciais e reconstrua sua rela\u00e7\u00e3o com sua pr\u00f3pria hist\u00f3ria.<\/p>\n<p style=\"text-align: justify;\">&nbsp;<\/p>\n<p style=\"text-align: justify;\">Se voc\u00ea se identificou com alguma dessas descri\u00e7\u00f5es, saiba que \u00e9 poss\u00edvel ressignificar sua origem e viver uma vida mais leve. Afinal, somos mais do que o que nos aconteceu \u2013 somos a transforma\u00e7\u00e3o que escolhemos fazer em nossa pr\u00f3pria hist\u00f3ria.<\/p>\n<p style=\"text-align: justify;\">&nbsp;<\/p>\n<p style=\"text-align: justify;\">Se esse tema ressoou com voc\u00ea e deseja aprofundar seu autoconhecimento, acompanhe minhas reflex\u00f5es e conte\u00fados exclusivos no Instagram @dra.eneidabonanza. L\u00e1 compartilho insights sobre psicossom\u00e1tica, terapias integrativas e transforma\u00e7\u00e3o pessoal. Vamos juntos nessa jornada de cura e consci\u00eancia!<\/p>\n<p style=\"text-align: justify;\">&nbsp;<\/p>\n<p style=\"text-align: justify;\">Refer\u00eancias Bibliogr\u00e1ficas<\/p>\n<p style=\"text-align: justify;\">\u2022 ANCELIN SCH\u00dcTZENBERGER, Anne. A S\u00edndrome dos Ancestrais: O inconsciente familiar e suas heran\u00e7as invis\u00edveis. S\u00e3o Paulo: Ala\u00fade, 2009.<\/p>\n<p style=\"text-align: justify;\">\u2022 HAMER, Ryke Geerd. A Medicina Germ\u00e2nica do Dr. Hamer. 2011. (Aborda a rela\u00e7\u00e3o entre emo\u00e7\u00f5es e manifesta\u00e7\u00f5es f\u00edsicas)<\/p>\n<p style=\"text-align: justify;\">\u2022 LEMKE, Erica. O Corpo Explica: Como decifrar os sinais do seu corpo e acessar as emo\u00e7\u00f5es por tr\u00e1s de cada sintoma. S\u00e3o Paulo: Luz da Serra, 2021.<\/p>\n<p style=\"text-align: justify;\">\u2022 ODENT, Michel. O Beb\u00ea \u00e9 um Mam\u00edfero. S\u00e3o Paulo: Ground, 2002.<\/p>\n<p style=\"text-align: justify;\">\u2022 SIMONDON, Gilbert. Individua\u00e7\u00e3o Ps\u00edquica e Coletiva. S\u00e3o Paulo: Deriva, 2021.<\/p>\n<p style=\"text-align: justify;\">\u2022 VERNY, Thomas. A Vida Secreta da Crian\u00e7a Antes de Nascer. S\u00e3o Paulo: Cultrix, 2002.<\/p>\n<p style=\"text-align: justify;\">&nbsp;<\/p>\n","protected":false},"excerpt":{"rendered":"<p>Por Eneida Bonanza &nbsp; A forma como uma vida \u00e9 concebida e gestada carrega significados profundos que v\u00e3o al\u00e9m da biologia. O per\u00edodo gestacional \u00e9 um momento de intensa troca emocional entre m\u00e3e e beb\u00ea, e os sentimentos vividos nesse per\u00edodo podem deixar registros profundos no inconsciente da crian\u00e7a. A psicossom\u00e1tica e a leitura biol\u00f3gica [&hellip;]<\/p>\n","protected":false},"author":1,"featured_media":41320,"comment_status":"open","ping_status":"open","sticky":false,"template":"","format":"standard","meta":{"ngg_post_thumbnail":0,"footnotes":""},"categories":[2,358,41],"tags":[],"class_list":["post-41317","post","type-post","status-publish","format-standard","has-post-thumbnail","hentry","category-destaques","category-transformacao-vital","category-ultimasnoticias"],"_links":{"self":[{"href":"https:\/\/somdepapo.com.br\/portal\/wp-json\/wp\/v2\/posts\/41317","targetHints":{"allow":["GET"]}}],"collection":[{"href":"https:\/\/somdepapo.com.br\/portal\/wp-json\/wp\/v2\/posts"}],"about":[{"href":"https:\/\/somdepapo.com.br\/portal\/wp-json\/wp\/v2\/types\/post"}],"author":[{"embeddable":true,"href":"https:\/\/somdepapo.com.br\/portal\/wp-json\/wp\/v2\/users\/1"}],"replies":[{"embeddable":true,"href":"https:\/\/somdepapo.com.br\/portal\/wp-json\/wp\/v2\/comments?post=41317"}],"version-history":[{"count":1,"href":"https:\/\/somdepapo.com.br\/portal\/wp-json\/wp\/v2\/posts\/41317\/revisions"}],"predecessor-version":[{"id":41319,"href":"https:\/\/somdepapo.com.br\/portal\/wp-json\/wp\/v2\/posts\/41317\/revisions\/41319"}],"wp:featuredmedia":[{"embeddable":true,"href":"https:\/\/somdepapo.com.br\/portal\/wp-json\/wp\/v2\/media\/41320"}],"wp:attachment":[{"href":"https:\/\/somdepapo.com.br\/portal\/wp-json\/wp\/v2\/media?parent=41317"}],"wp:term":[{"taxonomy":"category","embeddable":true,"href":"https:\/\/somdepapo.com.br\/portal\/wp-json\/wp\/v2\/categories?post=41317"},{"taxonomy":"post_tag","embeddable":true,"href":"https:\/\/somdepapo.com.br\/portal\/wp-json\/wp\/v2\/tags?post=41317"}],"curies":[{"name":"wp","href":"https:\/\/api.w.org\/{rel}","templated":true}]}}