{"id":41358,"date":"2025-02-20T08:48:15","date_gmt":"2025-02-20T11:48:15","guid":{"rendered":"https:\/\/somdepapo.com.br\/portal\/?p=41358"},"modified":"2025-02-20T08:48:15","modified_gmt":"2025-02-20T11:48:15","slug":"os-olhos-sao-a-janela-da-alma-uma-reflexao-a-partir-da-arquitetura","status":"publish","type":"post","link":"https:\/\/somdepapo.com.br\/portal\/os-olhos-sao-a-janela-da-alma-uma-reflexao-a-partir-da-arquitetura\/","title":{"rendered":"Os olhos s\u00e3o a janela da alma: uma reflex\u00e3o a partir da Arquitetura"},"content":{"rendered":"<p style=\"text-align: right;\">Por Karen Goldberg&nbsp;<\/p>\n<p>&nbsp;<\/p>\n<p style=\"text-align: justify;\">A express\u00e3o \u201cos olhos s\u00e3o a janela da alma\u201d \u00e9 um clich\u00ea, mas carrega uma verdade profunda. No entanto, quando associamos essa ideia \u00e0 arte e \u00e0 arquitetura, sua complexidade se revela de forma inesperada. Um bom exemplo disso \u00e9 a pintura de Ren\u00e9 Magritte*, que nos faz questionar o que realmente vemos. Na s\u00e9rie de pinturas \u201cA condi\u00e7\u00e3o humana\u201d**, uma tela posicionada diante de uma janela parece retratar fielmente a paisagem exterior. Mas ser\u00e1 que estamos vendo a paisagem real ou apenas uma interpreta\u00e7\u00e3o criada pelo artista?&nbsp;<\/p>\n<p>&nbsp;<\/p>\n<p style=\"text-align: justify;\">A primeira impress\u00e3o nos leva a crer que a pintura no cavalete representa exatamente o que est\u00e1 do lado de fora. No entanto, percebemos que essa suposi\u00e7\u00e3o \u00e9 enganosa: tanto a tela quanto a cena ao redor fazem parte da mesma obra de arte. Magritte nos desafia a enxergar a ironia desse jogo visual, onde confundimos representa\u00e7\u00e3o e realidade.&nbsp;<\/p>\n<p>&nbsp;<\/p>\n<p style=\"text-align: justify;\">Essa reflex\u00e3o se aplica diretamente \u00e0 arquitetura. Uma janela n\u00e3o \u00e9 apenas um elemento funcional de um edif\u00edcio; ela \u00e9 um portal entre interior e exterior, uma moldura que orienta nossa percep\u00e7\u00e3o do espa\u00e7o. Assim como os olhos revelam o que h\u00e1 por tr\u00e1s das apar\u00eancias, as aberturas de um edif\u00edcio podem expor ou esconder sua verdadeira ess\u00eancia. Projetar uma constru\u00e7\u00e3o n\u00e3o se resume a criar algo visualmente agrad\u00e1vel, mas a pensar nesses \u201colhos\u201d arquitet\u00f4nicos de forma que promovam uma intera\u00e7\u00e3o honesta entre forma, fun\u00e7\u00e3o e ambiente.&nbsp;<\/p>\n<p>&nbsp;<\/p>\n<p style=\"text-align: justify;\">No entanto, transpar\u00eancia n\u00e3o significa exposi\u00e7\u00e3o total. Assim como os c\u00edlios protegem os olhos sem impedir a vis\u00e3o, elementos como venezianas, muxarabis e cobog\u00f3s filtram a luz, controlam a ventila\u00e7\u00e3o e preservam a privacidade sem comprometer a conex\u00e3o entre interior e exterior.&nbsp;<\/p>\n<p>&nbsp;<\/p>\n<p style=\"text-align: justify;\">A pintura de Magritte e o ditado popular nos convidam a um olhar mais atento sobre o espa\u00e7o constru\u00eddo. Mais do que apenas enquadrar vistas, as janelas da arquitetura s\u00e3o dispositivos sens\u00edveis, que revelam, protegem e respiram. Ao abrirmos esses portais, n\u00e3o buscamos apenas a beleza do exterior, mas a harmonia entre o que se v\u00ea e o que se vive.&nbsp;<\/p>\n<p>&nbsp;<\/p>\n<p>At\u00e9 a pr\u00f3xima,&nbsp;<\/p>\n<p>Arq. Karen Goldberg&nbsp;<\/p>\n<p>Kapa Arquitetura<\/p>\n<p>@kaparquitetura<\/p>\n<p>&nbsp;<\/p>\n<p>&nbsp;<\/p>\n<p>Refer\u00eancias:<\/p>\n<p style=\"text-align: justify;\">*Ren\u00e9 Magritte \u2013 artista Belga nascido em 1898 e falecido em 1967.&nbsp;<\/p>\n<p style=\"text-align: justify;\">** \u201cA Condi\u00e7\u00e3o Humana\u201d \u00e9 uma s\u00e9rie de pinturas da d\u00e9cada de 1930, feitas pelo pintor Ren\u00e9 Magritte, pertencente ao movimento surrealista.<\/p>\n<p>&nbsp;<\/p>\n<p>&nbsp;<\/p>\n<p>&nbsp;<\/p>\n<p>&nbsp;<\/p>\n<p>&nbsp;<\/p>\n<p>&nbsp;<\/p>\n<p>&nbsp;<\/p>\n<p>&nbsp;<\/p>\n<p>&nbsp;<\/p>\n<p>&nbsp;<\/p>\n<p>&nbsp;<\/p>\n<p>&nbsp;<\/p>\n<p>&nbsp;<\/p>\n<p>&nbsp;<\/p>\n<p>&nbsp;<\/p>\n<p>&nbsp;<\/p>\n","protected":false},"excerpt":{"rendered":"<p>Por Karen Goldberg&nbsp; &nbsp; A express\u00e3o \u201cos olhos s\u00e3o a janela da alma\u201d \u00e9 um clich\u00ea, mas carrega uma verdade profunda. No entanto, quando associamos essa ideia \u00e0 arte e \u00e0 arquitetura, sua complexidade se revela de forma inesperada. Um bom exemplo disso \u00e9 a pintura de Ren\u00e9 Magritte*, que nos faz questionar o que [&hellip;]<\/p>\n","protected":false},"author":1,"featured_media":41354,"comment_status":"open","ping_status":"open","sticky":false,"template":"","format":"standard","meta":{"ngg_post_thumbnail":0,"footnotes":""},"categories":[360,2,41],"tags":[],"class_list":["post-41358","post","type-post","status-publish","format-standard","has-post-thumbnail","hentry","category-arquitetura","category-destaques","category-ultimasnoticias"],"_links":{"self":[{"href":"https:\/\/somdepapo.com.br\/portal\/wp-json\/wp\/v2\/posts\/41358","targetHints":{"allow":["GET"]}}],"collection":[{"href":"https:\/\/somdepapo.com.br\/portal\/wp-json\/wp\/v2\/posts"}],"about":[{"href":"https:\/\/somdepapo.com.br\/portal\/wp-json\/wp\/v2\/types\/post"}],"author":[{"embeddable":true,"href":"https:\/\/somdepapo.com.br\/portal\/wp-json\/wp\/v2\/users\/1"}],"replies":[{"embeddable":true,"href":"https:\/\/somdepapo.com.br\/portal\/wp-json\/wp\/v2\/comments?post=41358"}],"version-history":[{"count":1,"href":"https:\/\/somdepapo.com.br\/portal\/wp-json\/wp\/v2\/posts\/41358\/revisions"}],"predecessor-version":[{"id":41359,"href":"https:\/\/somdepapo.com.br\/portal\/wp-json\/wp\/v2\/posts\/41358\/revisions\/41359"}],"wp:featuredmedia":[{"embeddable":true,"href":"https:\/\/somdepapo.com.br\/portal\/wp-json\/wp\/v2\/media\/41354"}],"wp:attachment":[{"href":"https:\/\/somdepapo.com.br\/portal\/wp-json\/wp\/v2\/media?parent=41358"}],"wp:term":[{"taxonomy":"category","embeddable":true,"href":"https:\/\/somdepapo.com.br\/portal\/wp-json\/wp\/v2\/categories?post=41358"},{"taxonomy":"post_tag","embeddable":true,"href":"https:\/\/somdepapo.com.br\/portal\/wp-json\/wp\/v2\/tags?post=41358"}],"curies":[{"name":"wp","href":"https:\/\/api.w.org\/{rel}","templated":true}]}}