{"id":41416,"date":"2025-02-24T13:01:32","date_gmt":"2025-02-24T16:01:32","guid":{"rendered":"https:\/\/somdepapo.com.br\/portal\/?p=41416"},"modified":"2025-02-24T13:02:38","modified_gmt":"2025-02-24T16:02:38","slug":"a-desumanidade","status":"publish","type":"post","link":"https:\/\/somdepapo.com.br\/portal\/a-desumanidade\/","title":{"rendered":"A Desumanidade"},"content":{"rendered":"<p style=\"text-align: right;\">Por Jucelia Camilo&nbsp;<\/p>\n<p style=\"text-align: justify;\">&nbsp;<\/p>\n<p style=\"text-align: justify;\">A desumanidade \u00e9 um tema que nos remete a reflex\u00f5es profundas sobre a natureza humana e os valores que nos guiam. Em um mundo onde a tecnologia e o progresso avan\u00e7am a passos largos, \u00e9 alarmante constatar que a desumanidade ainda \u00e9 uma realidade presente em nossa sociedade.<\/p>\n<p style=\"text-align: justify;\">&nbsp;<\/p>\n<p style=\"text-align: justify;\">Causas da Desumanidade<\/p>\n<p style=\"text-align: justify;\">1. _Falta de empatia_: A incapacidade de se colocar no lugar do outro e entender suas necessidades e sentimentos.<\/p>\n<p style=\"text-align: justify;\">2. _Preconceito e discrimina\u00e7\u00e3o_: A exclus\u00e3o e marginaliza\u00e7\u00e3o de grupos e indiv\u00edduos baseada em caracter\u00edsticas como ra\u00e7a, g\u00eanero, orienta\u00e7\u00e3o sexual, religi\u00e3o, entre outras.<\/p>\n<p style=\"text-align: justify;\">3. _Viol\u00eancia e agress\u00e3o_: A\u00e7\u00f5es que causam dano f\u00edsico ou emocional a outras pessoas.<\/p>\n<p style=\"text-align: justify;\">&nbsp;<\/p>\n<p style=\"text-align: justify;\">Consequ\u00eancias da Desumanidade<\/p>\n<p style=\"text-align: justify;\">1. _Sofrimento individual_: A desumanidade pode levar a danos psicol\u00f3gicos e emocionais irrepar\u00e1veis.<\/p>\n<p style=\"text-align: justify;\">2. _Desintegra\u00e7\u00e3o social_: A desumanidade pode minar a coes\u00e3o social e criar um ambiente de medo e desconfian\u00e7a.<\/p>\n<p style=\"text-align: justify;\">3. _Perda de valores_: A desumanidade pode corroer os valores fundamentais de respeito, compaix\u00e3o e dignidade.<\/p>\n<p style=\"text-align: justify;\">&nbsp;<\/p>\n<p style=\"text-align: justify;\">Combater a Desumanidade<\/p>\n<p style=\"text-align: justify;\">1. _Educa\u00e7\u00e3o e conscientiza\u00e7\u00e3o_: Promover a educa\u00e7\u00e3o e conscientiza\u00e7\u00e3o sobre os direitos humanos e a import\u00e2ncia da empatia.<\/p>\n<p style=\"text-align: justify;\">2. _A\u00e7\u00e3o coletiva_: Mobilizar a sociedade para combater a desumanidade e promover a justi\u00e7a social.<\/p>\n<p style=\"text-align: justify;\">3. _Respeito e compaix\u00e3o_: Cultivar o respeito e a compaix\u00e3o em nossas rela\u00e7\u00f5es cotidianas.<\/p>\n<p style=\"text-align: justify;\">&nbsp;<\/p>\n<p style=\"text-align: justify;\">Conclus\u00e3o<\/p>\n<p style=\"text-align: justify;\">A desumanidade \u00e9 um desafio que exige nossa aten\u00e7\u00e3o e a\u00e7\u00e3o. \u00c9 fundamental que nos esforcemos para criar um mundo mais humano, justo e compassivo. A mudan\u00e7a come\u00e7a com cada um de n\u00f3s.<\/p>\n<p style=\"text-align: justify;\">&nbsp;<\/p>\n<p style=\"text-align: justify;\">Refer\u00eancias<\/p>\n<p style=\"text-align: justify;\">&#8211; &#8220;A Desumanidade&#8221; (Hannah Arendt)<\/p>\n<p style=\"text-align: justify;\">&#8211; &#8220;O S\u00e9culo do \u00d3dio&#8221; (Samantha Power)<\/p>\n<p style=\"text-align: justify;\">&#8211; &#8220;A \u00c9tica da Empatia&#8221; (Martha Nussbaum)<\/p>\n<p style=\"text-align: justify;\">&nbsp;<\/p>\n<p style=\"text-align: justify;\">E algo que infelizmente \u00e9 humano&#8230;<\/p>\n<p style=\"text-align: justify;\">&nbsp;<\/p>\n<p style=\"text-align: justify;\">&nbsp;<\/p>\n<p style=\"text-align: justify;\">Juc\u00e9lia Camilo&nbsp;<\/p>\n<p style=\"text-align: justify;\">@juju.gatinhaoficial<\/p>\n<p style=\"text-align: justify;\">&nbsp;<\/p>\n<p style=\"text-align: justify;\">&nbsp;<\/p>\n","protected":false},"excerpt":{"rendered":"<p>Por Jucelia Camilo&nbsp; &nbsp; A desumanidade \u00e9 um tema que nos remete a reflex\u00f5es profundas sobre a natureza humana e os valores que nos guiam. Em um mundo onde a tecnologia e o progresso avan\u00e7am a passos largos, \u00e9 alarmante constatar que a desumanidade ainda \u00e9 uma realidade presente em nossa sociedade. &nbsp; Causas da [&hellip;]<\/p>\n","protected":false},"author":1,"featured_media":41418,"comment_status":"open","ping_status":"open","sticky":false,"template":"","format":"standard","meta":{"ngg_post_thumbnail":0,"footnotes":""},"categories":[355,2,41],"tags":[],"class_list":["post-41416","post","type-post","status-publish","format-standard","has-post-thumbnail","hentry","category-autoconhecimento","category-destaques","category-ultimasnoticias"],"_links":{"self":[{"href":"https:\/\/somdepapo.com.br\/portal\/wp-json\/wp\/v2\/posts\/41416","targetHints":{"allow":["GET"]}}],"collection":[{"href":"https:\/\/somdepapo.com.br\/portal\/wp-json\/wp\/v2\/posts"}],"about":[{"href":"https:\/\/somdepapo.com.br\/portal\/wp-json\/wp\/v2\/types\/post"}],"author":[{"embeddable":true,"href":"https:\/\/somdepapo.com.br\/portal\/wp-json\/wp\/v2\/users\/1"}],"replies":[{"embeddable":true,"href":"https:\/\/somdepapo.com.br\/portal\/wp-json\/wp\/v2\/comments?post=41416"}],"version-history":[{"count":1,"href":"https:\/\/somdepapo.com.br\/portal\/wp-json\/wp\/v2\/posts\/41416\/revisions"}],"predecessor-version":[{"id":41417,"href":"https:\/\/somdepapo.com.br\/portal\/wp-json\/wp\/v2\/posts\/41416\/revisions\/41417"}],"wp:featuredmedia":[{"embeddable":true,"href":"https:\/\/somdepapo.com.br\/portal\/wp-json\/wp\/v2\/media\/41418"}],"wp:attachment":[{"href":"https:\/\/somdepapo.com.br\/portal\/wp-json\/wp\/v2\/media?parent=41416"}],"wp:term":[{"taxonomy":"category","embeddable":true,"href":"https:\/\/somdepapo.com.br\/portal\/wp-json\/wp\/v2\/categories?post=41416"},{"taxonomy":"post_tag","embeddable":true,"href":"https:\/\/somdepapo.com.br\/portal\/wp-json\/wp\/v2\/tags?post=41416"}],"curies":[{"name":"wp","href":"https:\/\/api.w.org\/{rel}","templated":true}]}}