{"id":41487,"date":"2025-02-28T09:28:07","date_gmt":"2025-02-28T12:28:07","guid":{"rendered":"https:\/\/somdepapo.com.br\/portal\/?p=41487"},"modified":"2025-02-28T09:28:07","modified_gmt":"2025-02-28T12:28:07","slug":"a-alegria-feminina-no-carnaval-liberdade-expressao-e-empoderamento","status":"publish","type":"post","link":"https:\/\/somdepapo.com.br\/portal\/a-alegria-feminina-no-carnaval-liberdade-expressao-e-empoderamento\/","title":{"rendered":"A alegria feminina no Carnaval: Liberdade; Express\u00e3o e Empoderamento"},"content":{"rendered":"<p style=\"text-align: right;\">Por Marize Reges&nbsp;<\/p>\n<p style=\"text-align: justify;\">&nbsp;<\/p>\n<p style=\"text-align: justify;\">O Carnaval \u00e9 mais do que uma festa. Para muitas mulheres, ele representa um momento de liberta\u00e7\u00e3o, onde a alegria se torna um ato de resist\u00eancia e a fantasia, um s\u00edmbolo de empoderamento. Entre cores vibrantes, ritmos contagiantes e sorrisos iluminados, o que realmente se destaca nessa celebra\u00e7\u00e3o \u00e9 a liberdade de ser quem se deseja ser.<\/p>\n<p style=\"text-align: justify;\">&nbsp;<\/p>\n<p style=\"text-align: justify;\">Ao longo da hist\u00f3ria, as mulheres tiveram que lutar por espa\u00e7o e voz, e o Carnaval se tornou um territ\u00f3rio onde essa presen\u00e7a \u00e9 marcante. Seja atrav\u00e9s da dan\u00e7a, das roupas, da maquiagem ou das pr\u00f3prias marchinhas, ele permite que cada uma se expresse \u00e0 sua maneira. Aqui, n\u00e3o h\u00e1 regras: h\u00e1 brilho, ousadia e a chance de vestir (ou despir) a pr\u00f3pria personalidade.<\/p>\n<p style=\"text-align: justify;\">&nbsp;<\/p>\n<p style=\"text-align: justify;\">Mas, infelizmente, essa liberdade ainda vem acompanhada de desafios. O julgamento sobre o corpo feminino, os estere\u00f3tipos e at\u00e9 mesmo a viol\u00eancia de g\u00eanero continuam sendo quest\u00f5es que precisam ser combatidas. Felizmente, a sororidade tem se fortalecido, e cada vez mais vemos campanhas e iniciativas para garantir que todas possam viver essa festa sem medo.<\/p>\n<p style=\"text-align: justify;\">&nbsp;<\/p>\n<p style=\"text-align: justify;\">A energia feminina no Carnaval vai muito al\u00e9m da festa em si. Ela reflete a for\u00e7a de mulheres que escolhem celebrar a vida, independentemente da idade, do corpo ou do que a sociedade espera delas. Seja pulando em um bloco de rua, curtindo de casa ou apenas admirando a beleza da cultura carnavalesca, o mais importante \u00e9 permitir-se sentir a leveza que essa festa pode proporcionar.<\/p>\n<p style=\"text-align: justify;\">&nbsp;<\/p>\n<p style=\"text-align: justify;\">Que essa alegria transborde para os outros dias do ano. Que possamos carregar essa confian\u00e7a, essa liberdade e esse brilho sempre \u2013 dentro e fora da folia.<\/p>\n<p style=\"text-align: justify;\">&nbsp;<\/p>\n<p style=\"text-align: justify;\">Feliz Carnaval!<\/p>\n<p style=\"text-align: justify;\">&nbsp;<\/p>\n<p style=\"text-align: justify;\">Marize Ribeiro Reges&nbsp;<\/p>\n<p style=\"text-align: justify;\">@marizerreges<\/p>\n<p style=\"text-align: justify;\">&nbsp;<\/p>\n<p style=\"text-align: justify;\">&nbsp;<\/p>\n","protected":false},"excerpt":{"rendered":"<p>Por Marize Reges&nbsp; &nbsp; O Carnaval \u00e9 mais do que uma festa. Para muitas mulheres, ele representa um momento de liberta\u00e7\u00e3o, onde a alegria se torna um ato de resist\u00eancia e a fantasia, um s\u00edmbolo de empoderamento. Entre cores vibrantes, ritmos contagiantes e sorrisos iluminados, o que realmente se destaca nessa celebra\u00e7\u00e3o \u00e9 a liberdade [&hellip;]<\/p>\n","protected":false},"author":1,"featured_media":41488,"comment_status":"open","ping_status":"open","sticky":false,"template":"","format":"standard","meta":{"ngg_post_thumbnail":0,"footnotes":""},"categories":[2,275,41],"tags":[],"class_list":["post-41487","post","type-post","status-publish","format-standard","has-post-thumbnail","hentry","category-destaques","category-mulher","category-ultimasnoticias"],"_links":{"self":[{"href":"https:\/\/somdepapo.com.br\/portal\/wp-json\/wp\/v2\/posts\/41487","targetHints":{"allow":["GET"]}}],"collection":[{"href":"https:\/\/somdepapo.com.br\/portal\/wp-json\/wp\/v2\/posts"}],"about":[{"href":"https:\/\/somdepapo.com.br\/portal\/wp-json\/wp\/v2\/types\/post"}],"author":[{"embeddable":true,"href":"https:\/\/somdepapo.com.br\/portal\/wp-json\/wp\/v2\/users\/1"}],"replies":[{"embeddable":true,"href":"https:\/\/somdepapo.com.br\/portal\/wp-json\/wp\/v2\/comments?post=41487"}],"version-history":[{"count":1,"href":"https:\/\/somdepapo.com.br\/portal\/wp-json\/wp\/v2\/posts\/41487\/revisions"}],"predecessor-version":[{"id":41489,"href":"https:\/\/somdepapo.com.br\/portal\/wp-json\/wp\/v2\/posts\/41487\/revisions\/41489"}],"wp:featuredmedia":[{"embeddable":true,"href":"https:\/\/somdepapo.com.br\/portal\/wp-json\/wp\/v2\/media\/41488"}],"wp:attachment":[{"href":"https:\/\/somdepapo.com.br\/portal\/wp-json\/wp\/v2\/media?parent=41487"}],"wp:term":[{"taxonomy":"category","embeddable":true,"href":"https:\/\/somdepapo.com.br\/portal\/wp-json\/wp\/v2\/categories?post=41487"},{"taxonomy":"post_tag","embeddable":true,"href":"https:\/\/somdepapo.com.br\/portal\/wp-json\/wp\/v2\/tags?post=41487"}],"curies":[{"name":"wp","href":"https:\/\/api.w.org\/{rel}","templated":true}]}}