{"id":41511,"date":"2025-03-01T10:21:06","date_gmt":"2025-03-01T13:21:06","guid":{"rendered":"https:\/\/somdepapo.com.br\/portal\/?p=41511"},"modified":"2025-03-01T10:21:06","modified_gmt":"2025-03-01T13:21:06","slug":"marcio-victor-recebe-juliette-na-terca-feira-de-carnaval-em-salvador","status":"publish","type":"post","link":"https:\/\/somdepapo.com.br\/portal\/marcio-victor-recebe-juliette-na-terca-feira-de-carnaval-em-salvador\/","title":{"rendered":"M\u00e1rcio Victor recebe Juliette na ter\u00e7a-feira de Carnaval em Salvador"},"content":{"rendered":"<p style=\"text-align: right;\">Por Gilberto Romano&nbsp;<\/p>\n<p style=\"text-align: justify;\">O Carnaval de Salvador promete momentos hist\u00f3ricos na ter\u00e7a-feira (04), quando&nbsp;<strong>M\u00e1rcio Victor, l\u00edder da banda Psirico<\/strong>, receber\u00e1 ningu\u00e9m menos que&nbsp;<strong>Juliette&nbsp;<\/strong>em seu trio el\u00e9trico. A&nbsp;<strong>vencedora do BBB 21<\/strong>, que conquistou o Brasil com seu carisma e talento, subir\u00e1 ao trio para apresentar a rec\u00e9m-lan\u00e7ada&nbsp;<em>Me Pega<\/em>, parceria que une sua voz marcante \u00e0 energia contagiante do pagod\u00e3o baiano.<\/p>\n<p style=\"text-align: justify;\">&nbsp;<\/p>\n<p style=\"text-align: justify;\">Al\u00e9m de Psirico, a m\u00fasica conta com a participa\u00e7\u00e3o vibrante do \u00c0ttooxx\u00e1 e traz uma fus\u00e3o envolvente de ritmos nordestinos, refor\u00e7ando a versatilidade de Juliette e sua forte conex\u00e3o com as ra\u00edzes culturais do Brasil. O single j\u00e1 \u00e9 apontado como um dos grandes hits deste Carnaval, prometendo embalar multid\u00f5es na avenida.<\/p>\n<p>&nbsp;<\/p>\n<p style=\"text-align: justify;\"><em>\u201cA energia do pagod\u00e3o baiano chega com tudo nesse som! Fico muito feliz em trazer a nossa batida, essa mistura gostosa que faz todo mundo dan\u00e7ar. A conex\u00e3o com Juliette foi incr\u00edvel, e essa m\u00fasica tem a cara do Brasil. Tenho certeza de que a galera vai sentir essa vibra\u00e7\u00e3o e n\u00e3o vai conseguir ficar parada!\u201d,<\/em>&nbsp;destaca M\u00e1rcio Victor.<\/p>\n<p><img fetchpriority=\"high\" decoding=\"async\" class=\"alignnone size-full wp-image-41512\" src=\"https:\/\/somdepapo.com.br\/portal\/wp-content\/uploads\/2025\/03\/FOTO-1--scaled.jpeg\" alt=\"\" width=\"1708\" height=\"2560\" srcset=\"https:\/\/somdepapo.com.br\/portal\/wp-content\/uploads\/2025\/03\/FOTO-1--scaled.jpeg 1708w, https:\/\/somdepapo.com.br\/portal\/wp-content\/uploads\/2025\/03\/FOTO-1--200x300.jpeg 200w, https:\/\/somdepapo.com.br\/portal\/wp-content\/uploads\/2025\/03\/FOTO-1--683x1024.jpeg 683w, https:\/\/somdepapo.com.br\/portal\/wp-content\/uploads\/2025\/03\/FOTO-1--768x1151.jpeg 768w, https:\/\/somdepapo.com.br\/portal\/wp-content\/uploads\/2025\/03\/FOTO-1--1025x1536.jpeg 1025w, https:\/\/somdepapo.com.br\/portal\/wp-content\/uploads\/2025\/03\/FOTO-1--1366x2048.jpeg 1366w, https:\/\/somdepapo.com.br\/portal\/wp-content\/uploads\/2025\/03\/FOTO-1--150x225.jpeg 150w, https:\/\/somdepapo.com.br\/portal\/wp-content\/uploads\/2025\/03\/FOTO-1--750x1124.jpeg 750w, https:\/\/somdepapo.com.br\/portal\/wp-content\/uploads\/2025\/03\/FOTO-1--1140x1709.jpeg 1140w\" sizes=\"(max-width: 1708px) 100vw, 1708px\" \/><\/p>\n<p style=\"text-align: justify;\">Juliette, que vem consolidando sua carreira musical com um repert\u00f3rio aut\u00eantico e envolvente, chega a Salvador como um dos grandes nomes da festa, levando consigo uma legi\u00e3o de f\u00e3s apaixonados. Sua presen\u00e7a no trio do Psirico refor\u00e7a sua afinidade com a cultura nordestina e promete um momento inesquec\u00edvel para o p\u00fablico baiano.<\/p>\n<p style=\"text-align: justify;\">Sob o tema&nbsp;<strong>O Ritmo que Move o Mundo \u2013 Ax\u00e9 40 Anos<\/strong>, Psirico transforma seu desfile em um verdadeiro tributo ao g\u00eanero, misturando tradi\u00e7\u00e3o e inova\u00e7\u00e3o. O repert\u00f3rio trar\u00e1 desde os cl\u00e1ssicos do pagode raiz at\u00e9 os novos sucessos, incluindo&nbsp;<strong>Molen-Molen<\/strong>, aposta do grupo para diversas premia\u00e7\u00f5es, com participa\u00e7\u00f5es de Compadre Washington (\u00c9 o Tchan), Flavinho (Pagod\u2019art), Falc\u00e3o (Guig) e Rubynho.<\/p>\n<p style=\"text-align: justify;\">O clipe da faixa, que resgata a ess\u00eancia do pagode baiano, j\u00e1 ultrapassa 4 milh\u00f5es de visualiza\u00e7\u00f5es no YouTube e tem sido um dos grandes destaques do ver\u00e3o. Com a energia de M\u00e1rcio Victor e o carisma irresist\u00edvel de Juliette, a ter\u00e7a-feira de Carnaval em Salvador promete ser um espet\u00e1culo \u00e0 parte.<\/p>\n<p style=\"text-align: justify;\">&nbsp;<\/p>\n<p style=\"text-align: justify;\">Foto: Gabriela Schmidt<\/p>\n<p style=\"text-align: justify;\">Fonte:<\/p>\n<p style=\"text-align: justify;\"><strong><em>Penta Entretenimento \u2013 N\u00facleo de Comunica\u00e7\u00e3o<\/em><\/strong><\/p>\n<p style=\"text-align: justify;\"><strong><em>Assessoria de imprensa<\/em><\/strong><\/p>\n<p style=\"text-align: justify;\">&nbsp;<\/p>\n<p style=\"text-align: justify;\"><em>Bianca Rocha \u2013 71 &nbsp;98147-4334<\/em><\/p>\n","protected":false},"excerpt":{"rendered":"<p>Por Gilberto Romano&nbsp; O Carnaval de Salvador promete momentos hist\u00f3ricos na ter\u00e7a-feira (04), quando&nbsp;M\u00e1rcio Victor, l\u00edder da banda Psirico, receber\u00e1 ningu\u00e9m menos que&nbsp;Juliette&nbsp;em seu trio el\u00e9trico. A&nbsp;vencedora do BBB 21, que conquistou o Brasil com seu carisma e talento, subir\u00e1 ao trio para apresentar a rec\u00e9m-lan\u00e7ada&nbsp;Me Pega, parceria que une sua voz marcante \u00e0 energia [&hellip;]<\/p>\n","protected":false},"author":1,"featured_media":41513,"comment_status":"open","ping_status":"open","sticky":false,"template":"","format":"standard","meta":{"ngg_post_thumbnail":0,"footnotes":""},"categories":[1],"tags":[],"class_list":["post-41511","post","type-post","status-publish","format-standard","has-post-thumbnail","hentry","category-sem-categoria"],"_links":{"self":[{"href":"https:\/\/somdepapo.com.br\/portal\/wp-json\/wp\/v2\/posts\/41511","targetHints":{"allow":["GET"]}}],"collection":[{"href":"https:\/\/somdepapo.com.br\/portal\/wp-json\/wp\/v2\/posts"}],"about":[{"href":"https:\/\/somdepapo.com.br\/portal\/wp-json\/wp\/v2\/types\/post"}],"author":[{"embeddable":true,"href":"https:\/\/somdepapo.com.br\/portal\/wp-json\/wp\/v2\/users\/1"}],"replies":[{"embeddable":true,"href":"https:\/\/somdepapo.com.br\/portal\/wp-json\/wp\/v2\/comments?post=41511"}],"version-history":[{"count":1,"href":"https:\/\/somdepapo.com.br\/portal\/wp-json\/wp\/v2\/posts\/41511\/revisions"}],"predecessor-version":[{"id":41514,"href":"https:\/\/somdepapo.com.br\/portal\/wp-json\/wp\/v2\/posts\/41511\/revisions\/41514"}],"wp:featuredmedia":[{"embeddable":true,"href":"https:\/\/somdepapo.com.br\/portal\/wp-json\/wp\/v2\/media\/41513"}],"wp:attachment":[{"href":"https:\/\/somdepapo.com.br\/portal\/wp-json\/wp\/v2\/media?parent=41511"}],"wp:term":[{"taxonomy":"category","embeddable":true,"href":"https:\/\/somdepapo.com.br\/portal\/wp-json\/wp\/v2\/categories?post=41511"},{"taxonomy":"post_tag","embeddable":true,"href":"https:\/\/somdepapo.com.br\/portal\/wp-json\/wp\/v2\/tags?post=41511"}],"curies":[{"name":"wp","href":"https:\/\/api.w.org\/{rel}","templated":true}]}}