{"id":41602,"date":"2025-03-10T12:29:58","date_gmt":"2025-03-10T15:29:58","guid":{"rendered":"https:\/\/somdepapo.com.br\/portal\/?p=41602"},"modified":"2025-03-10T12:29:58","modified_gmt":"2025-03-10T15:29:58","slug":"como-reprogramar-emocoes-negativas-e-parar-de-se-sabotar","status":"publish","type":"post","link":"https:\/\/somdepapo.com.br\/portal\/como-reprogramar-emocoes-negativas-e-parar-de-se-sabotar\/","title":{"rendered":"Como reprogramar emo\u00e7\u00f5es negativas e parar de se sabotar?"},"content":{"rendered":"<p style=\"text-align: right;\">Por A\u00edres Lacerda<\/p>\n<p style=\"text-align: justify;\">Certamente, em algum momento, j\u00e1 nos vimos presos em padr\u00f5es emocionais que nos levaram \u00e0 autossabotagem, e estes diversas vezes passam despercebidos. Medo, culpa, frustra\u00e7\u00e3o e inseguran\u00e7a s\u00e3o sentimentos que, se n\u00e3o forem gerenciados, eles podem nos impedir de alcan\u00e7ar nossos objetivos e viver plenamente. Felizmente, existem estrat\u00e9gias eficazes para transformar essas emo\u00e7\u00f5es negativas e desenvolver um estado mental mais equilibrado e produtivo.<\/p>\n<p style=\"text-align: justify;\">Como Emo\u00e7\u00f5es Negativas Levam \u00e0 Autossabotagem<\/p>\n<p style=\"text-align: justify;\">A autossabotagem ocorre quando nossas a\u00e7\u00f5es (ou falta delas) nos afastam do que realmente desejamos. Emo\u00e7\u00f5es como:<\/p>\n<p style=\"text-align: justify;\">Medo: Nos paralisa e nos impede de tentar algo novo por receio do fracasso.<\/p>\n<p style=\"text-align: justify;\">Culpa: Faz-nos acreditar que n\u00e3o merecemos o sucesso ou a felicidade.<\/p>\n<p style=\"text-align: justify;\">Frustra\u00e7\u00e3o: Pode nos levar a desistir facilmente diante dos desafios.<\/p>\n<p style=\"text-align: justify;\">Esses sentimentos podem estar profundamente enraizados na nossa mente subconsciente, muitas vezes decorrentes de experi\u00eancias passadas. No entanto, \u00e9 poss\u00edvel substitu\u00ed-los por emo\u00e7\u00f5es mais saud\u00e1veis por meio de t\u00e9cnicas de reprograma\u00e7\u00e3o emocional.<\/p>\n<p style=\"text-align: justify;\">Reprogramando Emo\u00e7\u00f5es Negativas<\/p>\n<p style=\"text-align: justify;\">Identifica\u00e7\u00e3o e Aceita\u00e7\u00e3o<\/p>\n<p style=\"text-align: justify;\">Jamais ignore ou reprima seus sentimentos, o primeiro passo para reprogramar emo\u00e7\u00f5es negativas \u00e9 reconhec\u00ea-las, se ignorar ou reprimi-los vai apenas refor\u00e7ar padr\u00f5es destrutivos. Pratique a auto-observa\u00e7\u00e3o sem julgamento e aceite que esses sentimentos existem.<\/p>\n<p style=\"text-align: justify;\">Resignifica\u00e7\u00e3o das Experi\u00eancias<\/p>\n<p style=\"text-align: justify;\">Nosso c\u00e9rebro cria significados para tudo o que vivemos. Se algo deu errado no passado, podemos ter atribu\u00eddo a isso um significado negativo. Reflita sobre essas experi\u00eancias e tente reformular suas interpreta\u00e7\u00f5es. Em vez de ver um fracasso como um sinal de incapacidade, veja-o como um aprendizado necess\u00e1rio para o sucesso.<\/p>\n<p style=\"text-align: justify;\">Pr\u00e1tica da Gratid\u00e3o<\/p>\n<p style=\"text-align: justify;\">A gratid\u00e3o tem um poder transformador. Sempre que perceber emo\u00e7\u00f5es negativas surgindo, tente redirecionar sua aten\u00e7\u00e3o para algo positivo. Criar um di\u00e1rio de gratid\u00e3o pode ajudar a treinar sua mente para focar no que h\u00e1 de bom em sua vida.<\/p>\n<p style=\"text-align: justify;\">Visualiza\u00e7\u00e3o Criativa<\/p>\n<p style=\"text-align: justify;\">Nossa mente subconsciente responde bem a imagens mentais. Pratique visualizar-se lidando com situa\u00e7\u00f5es desafiadoras com calma e confian\u00e7a. Imagine-se superando dificuldades e sentindo emo\u00e7\u00f5es positivas.<\/p>\n<p style=\"text-align: justify;\">T\u00e9cnicas de Respira\u00e7\u00e3o e Medita\u00e7\u00e3o<\/p>\n<p style=\"text-align: justify;\">Pr\u00e1ticas como mindfulness e respira\u00e7\u00e3o profunda ajudam a reduzir a ansiedade e reprogramar o c\u00e9rebro para responder de maneira mais equilibrada \u00e0s situa\u00e7\u00f5es desafiadoras.<\/p>\n<p style=\"text-align: justify;\">Afirma\u00e7\u00f5es Positivas<\/p>\n<p style=\"text-align: justify;\">Repetir afirma\u00e7\u00f5es positivas pode ajudar a reconfigurar cren\u00e7as limitantes. Experimente frases como:<\/p>\n<p style=\"text-align: justify;\">&#8220;Eu sou capaz e mere\u00e7o o sucesso.&#8221;<\/p>\n<p style=\"text-align: justify;\">&#8220;Eu aprendo com os desafios e cres\u00e7o a cada dia.&#8221;<\/p>\n<p style=\"text-align: justify;\">&#8220;Estou no controle das minhas emo\u00e7\u00f5es e escolhas.&#8221;<\/p>\n<p style=\"text-align: justify;\">Buscar Ajuda Profissional<\/p>\n<p style=\"text-align: justify;\">Se os padr\u00f5es de autossabotagem forem muito intensos, considerar o aux\u00edlio de um terapeuta ou psic\u00f3logo ser\u00e1 fundamental.&nbsp;<\/p>\n<p style=\"text-align: justify;\">Reprogramar emo\u00e7\u00f5es negativas n\u00e3o \u00e9 como um \u201cpasse de m\u00e1gica\u201d muito longe disso, \u00e9 um processo cont\u00ednuo. Ao mudar a maneira como interpretamos nossas experi\u00eancias e treinar nossa mente para focar no positivo, podemos substituir padr\u00f5es destrutivos por atitudes mais saud\u00e1veis. Com persist\u00eancia e dedica\u00e7\u00e3o, podemos parar de nos sabotar e criar uma vida mais plena e equilibrada.<\/p>\n<p style=\"text-align: justify;\">Com essas pr\u00e1ticas, voc\u00ea pode assumir o controle de suas emo\u00e7\u00f5es e viver de maneira mais leve e positiva!<\/p>\n<p style=\"text-align: justify;\">Por: A\u00edres Lacerda, Terapeuta integrativa especialista em Reprograma\u00e7\u00e3o Emocional&nbsp;<\/p>\n<p style=\"text-align: justify;\">Telefone: 71 9 9174 9192 Instagram: @aireslacerda.terapeuta @aireslacerda.treinamentos<\/p>\n<p style=\"text-align: justify;\">Me acompanhe para mais conte\u00fados sobre autoconhecimento e transforma\u00e7\u00e3o emocional!<\/p>\n<p style=\"text-align: justify;\">&nbsp;<\/p>\n<p style=\"text-align: justify;\">Refer\u00eancias:<\/p>\n<p style=\"text-align: justify;\">Robbins, A. (2017). &#8220;O Poder da Coragem: Como Superar o Medo e Acreditar em Voc\u00ea Mesmo&#8221;. HarperCollins.<\/p>\n<p style=\"text-align: justify;\">Dweck, C. S. (2006). &#8220;Mindset: A Nova Psicologia do Sucesso&#8221;. Random House.<\/p>\n<p style=\"text-align: justify;\">Kabat-Zinn, J. (2005). &#8220;Aten\u00e7\u00e3o Plena Para Iniciantes&#8221;. Editora Rocco.<\/p>\n<p style=\"text-align: justify;\">Bandler, R., &amp; Grinder, J. (1975). &#8220;The Structure of Magic&#8221;. Science &amp; Behavior Books.<\/p>\n<p style=\"text-align: justify;\">&nbsp;<\/p>\n<p style=\"text-align: justify;\">&nbsp;<\/p>\n","protected":false},"excerpt":{"rendered":"<p>Por A\u00edres Lacerda Certamente, em algum momento, j\u00e1 nos vimos presos em padr\u00f5es emocionais que nos levaram \u00e0 autossabotagem, e estes diversas vezes passam despercebidos. Medo, culpa, frustra\u00e7\u00e3o e inseguran\u00e7a s\u00e3o sentimentos que, se n\u00e3o forem gerenciados, eles podem nos impedir de alcan\u00e7ar nossos objetivos e viver plenamente. Felizmente, existem estrat\u00e9gias eficazes para transformar essas [&hellip;]<\/p>\n","protected":false},"author":1,"featured_media":41603,"comment_status":"open","ping_status":"open","sticky":false,"template":"","format":"standard","meta":{"ngg_post_thumbnail":0,"footnotes":""},"categories":[2,361,41],"tags":[],"class_list":["post-41602","post","type-post","status-publish","format-standard","has-post-thumbnail","hentry","category-destaques","category-reprogramacao-emocional","category-ultimasnoticias"],"_links":{"self":[{"href":"https:\/\/somdepapo.com.br\/portal\/wp-json\/wp\/v2\/posts\/41602","targetHints":{"allow":["GET"]}}],"collection":[{"href":"https:\/\/somdepapo.com.br\/portal\/wp-json\/wp\/v2\/posts"}],"about":[{"href":"https:\/\/somdepapo.com.br\/portal\/wp-json\/wp\/v2\/types\/post"}],"author":[{"embeddable":true,"href":"https:\/\/somdepapo.com.br\/portal\/wp-json\/wp\/v2\/users\/1"}],"replies":[{"embeddable":true,"href":"https:\/\/somdepapo.com.br\/portal\/wp-json\/wp\/v2\/comments?post=41602"}],"version-history":[{"count":1,"href":"https:\/\/somdepapo.com.br\/portal\/wp-json\/wp\/v2\/posts\/41602\/revisions"}],"predecessor-version":[{"id":41604,"href":"https:\/\/somdepapo.com.br\/portal\/wp-json\/wp\/v2\/posts\/41602\/revisions\/41604"}],"wp:featuredmedia":[{"embeddable":true,"href":"https:\/\/somdepapo.com.br\/portal\/wp-json\/wp\/v2\/media\/41603"}],"wp:attachment":[{"href":"https:\/\/somdepapo.com.br\/portal\/wp-json\/wp\/v2\/media?parent=41602"}],"wp:term":[{"taxonomy":"category","embeddable":true,"href":"https:\/\/somdepapo.com.br\/portal\/wp-json\/wp\/v2\/categories?post=41602"},{"taxonomy":"post_tag","embeddable":true,"href":"https:\/\/somdepapo.com.br\/portal\/wp-json\/wp\/v2\/tags?post=41602"}],"curies":[{"name":"wp","href":"https:\/\/api.w.org\/{rel}","templated":true}]}}