{"id":41636,"date":"2025-03-12T15:36:53","date_gmt":"2025-03-12T18:36:53","guid":{"rendered":"https:\/\/somdepapo.com.br\/portal\/?p=41636"},"modified":"2025-03-12T15:36:53","modified_gmt":"2025-03-12T18:36:53","slug":"humano-versus-preconceito","status":"publish","type":"post","link":"https:\/\/somdepapo.com.br\/portal\/humano-versus-preconceito\/","title":{"rendered":"Humano versus preconceito"},"content":{"rendered":"<div id=\"m#msg-f:1826346434382368539\" class=\"mail-message expanded\">\n<div class=\"mail-message-header spacer\" style=\"text-align: right;\">Por Jucelia Camilo&nbsp;<\/div>\n<div id=\"m#msg-f:1826346434382368539-content\" class=\"mail-message-content collapsible zoom-normal mail-show-images \" style=\"text-align: justify;\">\n<div class=\"clear\">\n<div dir=\"auto\">\n<div dir=\"auto\">&nbsp;<\/div>\n<div dir=\"auto\">O ser humano \u00e9 uma criatura complexa e multifacetada, capaz de grandes feitos de bondade e compaix\u00e3o, mas tamb\u00e9m de atos de crueldade e discrimina\u00e7\u00e3o. Um dos maiores desafios que enfrentamos como sociedade \u00e9 o preconceito, que pode se manifestar de diversas formas e afetar profundamente a vida das pessoas.<\/div>\n<div dir=\"auto\">O que \u00e9 preconceito?<\/div>\n<div dir=\"auto\">O preconceito \u00e9 uma atitude ou cren\u00e7a preconcebida que leva a julgamentos e tratamentos injustos e discriminat\u00f3rios em rela\u00e7\u00e3o a indiv\u00edduos ou grupos. Pode ser baseado em caracter\u00edsticas como ra\u00e7a, g\u00eanero, orienta\u00e7\u00e3o sexual, religi\u00e3o, idade, defici\u00eancia, entre outras.<\/div>\n<div dir=\"auto\">Consequ\u00eancias do preconceito<\/div>\n<div dir=\"auto\">As consequ\u00eancias do preconceito podem ser devastadoras:<\/div>\n<div dir=\"auto\">&#8211; Isolamento e exclus\u00e3o*: As pessoas que s\u00e3o alvo de preconceito podem se sentir isoladas e exclu\u00eddas da sociedade.<\/div>\n<div dir=\"auto\">&#8211; *Perda de oportunidades: O preconceito pode impedir que as pessoas tenham acesso a oportunidades de educa\u00e7\u00e3o, emprego e sa\u00fade.<\/div>\n<div dir=\"auto\">&#8211; *Dano \u00e0 sa\u00fade mental*: O preconceito pode causar estresse, ansiedade e depress\u00e3o.<\/div>\n<div dir=\"auto\">Como superar o preconceito?<\/div>\n<div dir=\"auto\">Para superar o preconceito, \u00e9 necess\u00e1rio:<\/div>\n<div dir=\"auto\">Educa\u00e7\u00e3o e conscientiza\u00e7\u00e3o*: A educa\u00e7\u00e3o e a conscientiza\u00e7\u00e3o s\u00e3o fundamentais para combater o preconceito.<\/div>\n<div dir=\"auto\">&#8211; Di\u00e1logo e empatia*: O di\u00e1logo e a empatia podem ajudar a entender e a respeitar as diferen\u00e7as.<\/div>\n<div dir=\"auto\">&#8211; A\u00e7\u00e3o e mobiliza\u00e7\u00e3o*: A a\u00e7\u00e3o e a mobiliza\u00e7\u00e3o s\u00e3o necess\u00e1rias para criar mudan\u00e7as e promover a igualdade.<\/div>\n<div dir=\"auto\">Conclus\u00e3o<\/div>\n<div dir=\"auto\">O preconceito \u00e9 um desafio que enfrentamos como sociedade.<\/div>\n<div dir=\"auto\">O ser humano \u00e9 uma criatura complexa e multifacetada, capaz de grandes feitos de bondade e compaix\u00e3o, mas tamb\u00e9m de atos de crueldade e discrimina\u00e7\u00e3o. Um dos maiores desafios que enfrentamos como sociedade \u00e9 o preconceito, que pode se manifestar de diversas formas e afetar profundamente a vida das pessoas.<\/div>\n<div dir=\"auto\">&#8211; *Perda de oportunidades*: O preconceito pode impedir que as pessoas tenham acesso a oportunidades de educa\u00e7\u00e3o, emprego e sa\u00fade.<\/div>\n<div dir=\"auto\">&#8211; *Dano \u00e0 sa\u00fade mental*: O preconceito pode causar estresse, ansiedade e depress\u00e3o.<\/div>\n<div dir=\"auto\">Como superar o preconceito?<\/div>\n<div dir=\"auto\">Para superar o preconceito, \u00e9 necess\u00e1rio:<\/div>\n<div dir=\"auto\">&#8211; Educa\u00e7\u00e3o e conscientiza\u00e7\u00e3o*: A educa\u00e7\u00e3o e a conscientiza\u00e7\u00e3o s\u00e3o fundamentais para combater o preconceito.<\/div>\n<div dir=\"auto\">&#8211; *Di\u00e1logo e empatia*: O di\u00e1logo e a empatia podem ajudar a entender e a respeitar as diferen\u00e7as.<\/div>\n<div dir=\"auto\">&#8211; *A\u00e7\u00e3o e mobiliza\u00e7\u00e3o*: A a\u00e7\u00e3o e a mobiliza\u00e7\u00e3o s\u00e3o necess\u00e1rias para criar mudan\u00e7as e promover a igualdade.<\/div>\n<div dir=\"auto\">Conclus\u00e3o<\/div>\n<div dir=\"auto\">O preconceito \u00e9 um desafio que enfrentamos como sociedade, mas \u00e9 poss\u00edvel super\u00e1-lo. \u00c9 necess\u00e1rio que trabalhemos juntos para criar um mundo mais justo e igualit\u00e1rio, onde todos sejam respeitados e valorizados. Lembre-se de que cada pessoa \u00e9 \u00fanica e merece ser tratada com dignidade e respeito.<\/div>\n<div dir=\"auto\">&nbsp;<\/div>\n<div dir=\"auto\">@juju.gatinhaoficial<\/div>\n<div dir=\"auto\">Juc\u00e9lia Camilo.<\/div>\n<div dir=\"auto\">&nbsp;<\/div>\n<\/div>\n<\/div>\n<\/div>\n<div class=\"mail-message-footer spacer collapsible\" style=\"text-align: justify;\">&nbsp;<\/div>\n<\/div>\n","protected":false},"excerpt":{"rendered":"<p>Por Jucelia Camilo&nbsp; &nbsp; O ser humano \u00e9 uma criatura complexa e multifacetada, capaz de grandes feitos de bondade e compaix\u00e3o, mas tamb\u00e9m de atos de crueldade e discrimina\u00e7\u00e3o. Um dos maiores desafios que enfrentamos como sociedade \u00e9 o preconceito, que pode se manifestar de diversas formas e afetar profundamente a vida das pessoas. O [&hellip;]<\/p>\n","protected":false},"author":1,"featured_media":41637,"comment_status":"open","ping_status":"open","sticky":false,"template":"","format":"standard","meta":{"ngg_post_thumbnail":0,"footnotes":""},"categories":[357,2,41],"tags":[],"class_list":["post-41636","post","type-post","status-publish","format-standard","has-post-thumbnail","hentry","category-comportamento-humano","category-destaques","category-ultimasnoticias"],"_links":{"self":[{"href":"https:\/\/somdepapo.com.br\/portal\/wp-json\/wp\/v2\/posts\/41636","targetHints":{"allow":["GET"]}}],"collection":[{"href":"https:\/\/somdepapo.com.br\/portal\/wp-json\/wp\/v2\/posts"}],"about":[{"href":"https:\/\/somdepapo.com.br\/portal\/wp-json\/wp\/v2\/types\/post"}],"author":[{"embeddable":true,"href":"https:\/\/somdepapo.com.br\/portal\/wp-json\/wp\/v2\/users\/1"}],"replies":[{"embeddable":true,"href":"https:\/\/somdepapo.com.br\/portal\/wp-json\/wp\/v2\/comments?post=41636"}],"version-history":[{"count":1,"href":"https:\/\/somdepapo.com.br\/portal\/wp-json\/wp\/v2\/posts\/41636\/revisions"}],"predecessor-version":[{"id":41638,"href":"https:\/\/somdepapo.com.br\/portal\/wp-json\/wp\/v2\/posts\/41636\/revisions\/41638"}],"wp:featuredmedia":[{"embeddable":true,"href":"https:\/\/somdepapo.com.br\/portal\/wp-json\/wp\/v2\/media\/41637"}],"wp:attachment":[{"href":"https:\/\/somdepapo.com.br\/portal\/wp-json\/wp\/v2\/media?parent=41636"}],"wp:term":[{"taxonomy":"category","embeddable":true,"href":"https:\/\/somdepapo.com.br\/portal\/wp-json\/wp\/v2\/categories?post=41636"},{"taxonomy":"post_tag","embeddable":true,"href":"https:\/\/somdepapo.com.br\/portal\/wp-json\/wp\/v2\/tags?post=41636"}],"curies":[{"name":"wp","href":"https:\/\/api.w.org\/{rel}","templated":true}]}}