{"id":41804,"date":"2025-03-26T11:13:06","date_gmt":"2025-03-26T14:13:06","guid":{"rendered":"https:\/\/somdepapo.com.br\/portal\/?p=41804"},"modified":"2025-03-26T11:13:06","modified_gmt":"2025-03-26T14:13:06","slug":"como-posso-reduzir-meu-impacto-ambiental-morando-em-grandes-cidades","status":"publish","type":"post","link":"https:\/\/somdepapo.com.br\/portal\/como-posso-reduzir-meu-impacto-ambiental-morando-em-grandes-cidades\/","title":{"rendered":"Como posso reduzir meu impacto ambiental morando em grandes cidades?"},"content":{"rendered":"<p style=\"text-align: right;\">Por Andr\u00e9 Henrique&nbsp;<\/p>\n<p style=\"text-align: justify;\">&nbsp;<\/p>\n<p style=\"text-align: justify;\">Viver em grandes cidades pode parecer um desafio para quem deseja adotar um estilo de vida mais sustent\u00e1vel. O alto consumo de energia, a produ\u00e7\u00e3o excessiva de res\u00edduos e a polui\u00e7\u00e3o gerada pelo tr\u00e1fego intenso s\u00e3o fatores que aumentam a pegada ecol\u00f3gica da popula\u00e7\u00e3o urbana. No entanto, pequenas mudan\u00e7as nos h\u00e1bitos di\u00e1rios podem reduzir significativamente esse impacto e contribuir para um futuro mais equilibrado.<\/p>\n<p style=\"text-align: justify;\">&nbsp;<\/p>\n<p style=\"text-align: justify;\">&nbsp;<\/p>\n<p style=\"text-align: justify;\">1. Mobilidade Sustent\u00e1vel<\/p>\n<p style=\"text-align: justify;\">&nbsp;<\/p>\n<p style=\"text-align: justify;\">O transporte \u00e9 uma das principais fontes de emiss\u00e3o de gases de efeito estufa nas cidades. Para minimizar esse impacto, \u00e9 poss\u00edvel:<\/p>\n<p style=\"text-align: justify;\">Utilizar transporte p\u00fablico sempre que poss\u00edvel, reduzindo o n\u00famero de ve\u00edculos nas ruas.<\/p>\n<p style=\"text-align: justify;\">Optar por bicicleta ou caminhadas para trajetos curtos, melhorando a sa\u00fade e o meio ambiente.<\/p>\n<p style=\"text-align: justify;\">Compartilhar caronas ou usar aplicativos de mobilidade sustent\u00e1vel, diminuindo a emiss\u00e3o de CO\u2082 por pessoa.<\/p>\n<p style=\"text-align: justify;\">Investir em ve\u00edculos el\u00e9tricos ou h\u00edbridos, se houver possibilidade.<\/p>\n<p style=\"text-align: justify;\">&nbsp;<\/p>\n<p style=\"text-align: justify;\">&nbsp;<\/p>\n<p style=\"text-align: justify;\">2. Consumo Consciente<\/p>\n<p style=\"text-align: justify;\">&nbsp;<\/p>\n<p style=\"text-align: justify;\">O consumo excessivo sobrecarrega os recursos naturais e gera grande quantidade de res\u00edduos. Algumas atitudes para tornar o consumo mais sustent\u00e1vel incluem:<\/p>\n<p style=\"text-align: justify;\">Comprar apenas o necess\u00e1rio, evitando o desperd\u00edcio e reduzindo a gera\u00e7\u00e3o de lixo.<\/p>\n<p style=\"text-align: justify;\">Priorizar produtos sustent\u00e1veis e com certifica\u00e7\u00e3o ecol\u00f3gica, como aqueles feitos de materiais recicl\u00e1veis ou de origem respons\u00e1vel.<\/p>\n<p style=\"text-align: justify;\">Evitar embalagens pl\u00e1sticas e optar por sacolas reutiliz\u00e1veis.<\/p>\n<p style=\"text-align: justify;\">Dar prefer\u00eancia a marcas comprometidas com a sustentabilidade.<\/p>\n<p style=\"text-align: justify;\">&nbsp;<\/p>\n<p style=\"text-align: justify;\">&nbsp;<\/p>\n<p style=\"text-align: justify;\">3. Redu\u00e7\u00e3o e Destina\u00e7\u00e3o Correta dos Res\u00edduos<\/p>\n<p style=\"text-align: justify;\">&nbsp;<\/p>\n<p style=\"text-align: justify;\">Grandes cidades enfrentam desafios no gerenciamento de res\u00edduos s\u00f3lidos, e os cidad\u00e3os podem ajudar ao:<\/p>\n<p style=\"text-align: justify;\">Separar recicl\u00e1veis e org\u00e2nicos, facilitando a destina\u00e7\u00e3o correta.<\/p>\n<p style=\"text-align: justify;\">Descartar pilhas, baterias e eletr\u00f4nicos em pontos de coleta espec\u00edficos para evitar contamina\u00e7\u00e3o do solo e da \u00e1gua.<\/p>\n<p style=\"text-align: justify;\">Aproveitar restos de alimentos para compostagem, reduzindo a quantidade de lixo enviada aos aterros sanit\u00e1rios.<\/p>\n<p style=\"text-align: justify;\">&nbsp;<\/p>\n<p style=\"text-align: justify;\">&nbsp;<\/p>\n<p style=\"text-align: justify;\">4. Uso Consciente de \u00c1gua e Energia<\/p>\n<p style=\"text-align: justify;\">&nbsp;<\/p>\n<p style=\"text-align: justify;\">A demanda por \u00e1gua e energia \u00e9 alt\u00edssima nas cidades, mas algumas pr\u00e1ticas ajudam a economizar:<\/p>\n<p style=\"text-align: justify;\">Evitar banhos longos e fechar a torneira ao escovar os dentes.<\/p>\n<p style=\"text-align: justify;\">Instalar sistemas de reuso de \u00e1gua, como capta\u00e7\u00e3o da chuva para irriga\u00e7\u00e3o.<\/p>\n<p style=\"text-align: justify;\">Trocar l\u00e2mpadas comuns por LED, que consomem menos energia e duram mais.<\/p>\n<p style=\"text-align: justify;\">Desligar aparelhos eletr\u00f4nicos da tomada quando n\u00e3o estiverem em uso.<\/p>\n<p style=\"text-align: justify;\">&nbsp;<\/p>\n<p style=\"text-align: justify;\">&nbsp;<\/p>\n<p style=\"text-align: justify;\">5. Apoio a Iniciativas Sustent\u00e1veis<\/p>\n<p style=\"text-align: justify;\">&nbsp;<\/p>\n<p style=\"text-align: justify;\">Al\u00e9m das mudan\u00e7as individuais, \u00e9 importante apoiar a\u00e7\u00f5es coletivas, como:<\/p>\n<p style=\"text-align: justify;\">Incentivar o plantio e a preserva\u00e7\u00e3o de \u00e1reas verdes urbanas, que ajudam na qualidade do ar e no equil\u00edbrio t\u00e9rmico.<\/p>\n<p style=\"text-align: justify;\">Participar de projetos comunit\u00e1rios de reciclagem e compostagem.<\/p>\n<p style=\"text-align: justify;\">Cobrar pol\u00edticas p\u00fablicas voltadas \u00e0 sustentabilidade, como incentivos \u00e0 energia renov\u00e1vel e transporte eficiente.<\/p>\n<p style=\"text-align: justify;\">&nbsp;<\/p>\n<p style=\"text-align: justify;\">&nbsp;<\/p>\n<p style=\"text-align: justify;\">Conclus\u00e3o<\/p>\n<p style=\"text-align: justify;\">&nbsp;<\/p>\n<p style=\"text-align: justify;\">Morar em grandes cidades n\u00e3o significa que \u00e9 imposs\u00edvel reduzir a pegada ecol\u00f3gica. Pequenas atitudes individuais, quando adotadas por muitas pessoas, geram um impacto significativo no meio ambiente. A mudan\u00e7a come\u00e7a com escolhas conscientes no dia a dia, promovendo um estilo de vida mais sustent\u00e1vel e garantindo um futuro melhor para as pr\u00f3ximas gera\u00e7\u00f5es.<\/p>\n<p style=\"text-align: justify;\">&nbsp;<\/p>\n<p style=\"text-align: justify;\">Se voc\u00ea deseja aprender mais sobre como calcular e diminuir sua Pegada Ecol\u00f3gica, confira o eBook &#8220;Pegada Ecol\u00f3gica&#8221; dispon\u00edvel na Hotmart. Com ele, voc\u00ea ter\u00e1 um guia pr\u00e1tico para adotar um estilo de vida mais sustent\u00e1vel.<\/p>\n<p style=\"text-align: justify;\">&nbsp;<\/p>\n<p style=\"text-align: justify;\">&nbsp;<\/p>\n<p style=\"text-align: justify;\">Andr\u00e9 Henrique de Rezende Almeida<\/p>\n<p style=\"text-align: justify;\">@BIOLOGOANDREHENRIQUE<\/p>\n<p style=\"text-align: justify;\">Bi\u00f3logo CRBIO 02: 60.945<\/p>\n<p style=\"text-align: justify;\">Engenheiro Ambiental CREA: ES-055476\/D<\/p>\n<p style=\"text-align: justify;\">&nbsp;<\/p>\n<p style=\"text-align: justify;\">&nbsp;<\/p>\n","protected":false},"excerpt":{"rendered":"<p>Por Andr\u00e9 Henrique&nbsp; &nbsp; Viver em grandes cidades pode parecer um desafio para quem deseja adotar um estilo de vida mais sustent\u00e1vel. O alto consumo de energia, a produ\u00e7\u00e3o excessiva de res\u00edduos e a polui\u00e7\u00e3o gerada pelo tr\u00e1fego intenso s\u00e3o fatores que aumentam a pegada ecol\u00f3gica da popula\u00e7\u00e3o urbana. No entanto, pequenas mudan\u00e7as nos h\u00e1bitos [&hellip;]<\/p>\n","protected":false},"author":1,"featured_media":41805,"comment_status":"open","ping_status":"open","sticky":false,"template":"","format":"standard","meta":{"ngg_post_thumbnail":0,"footnotes":""},"categories":[2,345,41],"tags":[],"class_list":["post-41804","post","type-post","status-publish","format-standard","has-post-thumbnail","hentry","category-destaques","category-meio-ambiente","category-ultimasnoticias"],"_links":{"self":[{"href":"https:\/\/somdepapo.com.br\/portal\/wp-json\/wp\/v2\/posts\/41804","targetHints":{"allow":["GET"]}}],"collection":[{"href":"https:\/\/somdepapo.com.br\/portal\/wp-json\/wp\/v2\/posts"}],"about":[{"href":"https:\/\/somdepapo.com.br\/portal\/wp-json\/wp\/v2\/types\/post"}],"author":[{"embeddable":true,"href":"https:\/\/somdepapo.com.br\/portal\/wp-json\/wp\/v2\/users\/1"}],"replies":[{"embeddable":true,"href":"https:\/\/somdepapo.com.br\/portal\/wp-json\/wp\/v2\/comments?post=41804"}],"version-history":[{"count":1,"href":"https:\/\/somdepapo.com.br\/portal\/wp-json\/wp\/v2\/posts\/41804\/revisions"}],"predecessor-version":[{"id":41806,"href":"https:\/\/somdepapo.com.br\/portal\/wp-json\/wp\/v2\/posts\/41804\/revisions\/41806"}],"wp:featuredmedia":[{"embeddable":true,"href":"https:\/\/somdepapo.com.br\/portal\/wp-json\/wp\/v2\/media\/41805"}],"wp:attachment":[{"href":"https:\/\/somdepapo.com.br\/portal\/wp-json\/wp\/v2\/media?parent=41804"}],"wp:term":[{"taxonomy":"category","embeddable":true,"href":"https:\/\/somdepapo.com.br\/portal\/wp-json\/wp\/v2\/categories?post=41804"},{"taxonomy":"post_tag","embeddable":true,"href":"https:\/\/somdepapo.com.br\/portal\/wp-json\/wp\/v2\/tags?post=41804"}],"curies":[{"name":"wp","href":"https:\/\/api.w.org\/{rel}","templated":true}]}}