{"id":41808,"date":"2025-03-26T12:26:49","date_gmt":"2025-03-26T15:26:49","guid":{"rendered":"https:\/\/somdepapo.com.br\/portal\/?p=41808"},"modified":"2025-03-26T12:26:49","modified_gmt":"2025-03-26T15:26:49","slug":"casas-instagramaveis-x-casas-de-verdade","status":"publish","type":"post","link":"https:\/\/somdepapo.com.br\/portal\/casas-instagramaveis-x-casas-de-verdade\/","title":{"rendered":"Casas Instagram\u00e1veis X Casas de Verdade"},"content":{"rendered":"<p style=\"text-align: right;\">Por Karen Goldberg<\/p>\n<p style=\"text-align: justify;\">Como equilibrar est\u00e9tica e funcionalidade sem perder a m\u00e3o?<\/p>\n<p style=\"text-align: justify;\">As redes sociais ditam tend\u00eancias de decora\u00e7\u00e3o, e muitas pessoas sonham em ter um lar digno de feed perfeito. Mas a grande quest\u00e3o \u00e9: ser\u00e1 que essas casas s\u00e3o realmente funcionais no dia a dia? O que funciona na tela nem sempre funciona na vida real&#8230;<\/p>\n<p style=\"text-align: justify;\">H\u00e1 quem diga que arte n\u00e3o \u00e9 \u201ccoisa\u201d importante, que \u201cbeleza n\u00e3o p\u00f5e mesa\u201d, mas eu sou do partido do grande poeta Vinicius de Moraes: &#8220;Que me desculpem as feias, mas beleza \u00e9 fundamental&#8221;. Atualmente, o Instagram e o Pinterest moldam nossas expectativas sobre decora\u00e7\u00e3o. Imagens baseadas em ambientes impec\u00e1veis, sem fio aparente, sem bagun\u00e7a, sempre iluminados com uma luz perfeita nos conquistam e enchem os olhos. Mas onde est\u00e1 a vida real? Ser\u00e1 que esse espa\u00e7o vive de fato nesse momento perfeito?<\/p>\n<p style=\"text-align: justify;\">Quem tem filho(s) e pet em casa, sabe que n\u00e3o \u00e9 bem assim. Mas sim, \u00e9 poss\u00edvel escolher m\u00f3veis e materiais certos para cada lugar de forma a facilitar esse dia a dia e muitas vezes s\u00e3o itens bem simples.&nbsp;<\/p>\n<p style=\"text-align: justify;\">Se voc\u00ea tem pet, j\u00e1 deve saber que n\u00e3o \u00e9 qualquer tecido que funciona para voc\u00ea. Em especial se tem gatos, eles amam arranhar um tapete, um sof\u00e1&#8230; Recebe muitos amigos? N\u00e3o quer passar nervoso quando algu\u00e9m derruba aquele vinho tinto no seu sof\u00e1 claro? Sim, tem tecido perfeito para voc\u00ea tamb\u00e9m.&nbsp;<\/p>\n<p style=\"text-align: justify;\">Seu filho \u00e9 muito bagunceiro? Ser\u00e1 que \u00e9 mesmo, ou est\u00e1 faltando meios para que ele possa se organizar da melhor forma? Um ganchinho pr\u00f3ximo da porta pode resolver uma mochila que est\u00e1 sempre jogada no meio da casa.&nbsp;<\/p>\n<p style=\"text-align: justify;\">Tudo \u00e9 quest\u00e3o de estrat\u00e9gia! Uma casa n\u00e3o \u00e9 um cen\u00e1rio, \u00e9 um espa\u00e7o vivo e para mant\u00ea-la harm\u00f4nica \u00e9 necess\u00e1rio torna-la um espa\u00e7o verdadeiramente confort\u00e1vel e acolhedor. Al\u00e9m da escolha dos materiais certos, h\u00e1 outros fatores que influenciam no conforto da casa, como ilumina\u00e7\u00e3o e ventila\u00e7\u00e3o.<\/p>\n<p style=\"text-align: justify;\">Se voc\u00ea tem sol da tarde, o tecido da sua cortina deve ser um pouco mais encorpado para filtrar essa luz de forma que ela n\u00e3o queime os m\u00f3veis e tecidos. J\u00e1 no caso de pouca luz, o ideal \u00e9 conseguir colocar diferentes pontos para poder gerar diferentes combina\u00e7\u00f5es.&nbsp;<\/p>\n<p style=\"text-align: justify;\">A casa perfeita \u00e9 aquela que transformamos em lar! Mesmo que voc\u00ea se utilize dela para cria\u00e7\u00e3o de conte\u00fado digital, ela n\u00e3o precisa ser uma caricatura, ela pode refletir a sua verdadeira ess\u00eancia com eleg\u00e2ncia sem abrir m\u00e3o da praticidade.&nbsp;<\/p>\n<p style=\"text-align: justify;\">At\u00e9 a pr\u00f3xima,&nbsp;<\/p>\n<p style=\"text-align: justify;\">Arq. Karen Goldberg&nbsp;<\/p>\n<p style=\"text-align: justify;\">Kapa Arquitetura<\/p>\n<p style=\"text-align: justify;\">@kaparquitetura<\/p>\n<p style=\"text-align: justify;\">&nbsp;<\/p>\n<p style=\"text-align: justify;\">&nbsp;<\/p>\n<p style=\"text-align: justify;\">&nbsp;<\/p>\n","protected":false},"excerpt":{"rendered":"<p>Por Karen Goldberg Como equilibrar est\u00e9tica e funcionalidade sem perder a m\u00e3o? As redes sociais ditam tend\u00eancias de decora\u00e7\u00e3o, e muitas pessoas sonham em ter um lar digno de feed perfeito. Mas a grande quest\u00e3o \u00e9: ser\u00e1 que essas casas s\u00e3o realmente funcionais no dia a dia? O que funciona na tela nem sempre funciona [&hellip;]<\/p>\n","protected":false},"author":1,"featured_media":41809,"comment_status":"open","ping_status":"open","sticky":false,"template":"","format":"standard","meta":{"ngg_post_thumbnail":0,"footnotes":""},"categories":[360,2,41],"tags":[],"class_list":["post-41808","post","type-post","status-publish","format-standard","has-post-thumbnail","hentry","category-arquitetura","category-destaques","category-ultimasnoticias"],"_links":{"self":[{"href":"https:\/\/somdepapo.com.br\/portal\/wp-json\/wp\/v2\/posts\/41808","targetHints":{"allow":["GET"]}}],"collection":[{"href":"https:\/\/somdepapo.com.br\/portal\/wp-json\/wp\/v2\/posts"}],"about":[{"href":"https:\/\/somdepapo.com.br\/portal\/wp-json\/wp\/v2\/types\/post"}],"author":[{"embeddable":true,"href":"https:\/\/somdepapo.com.br\/portal\/wp-json\/wp\/v2\/users\/1"}],"replies":[{"embeddable":true,"href":"https:\/\/somdepapo.com.br\/portal\/wp-json\/wp\/v2\/comments?post=41808"}],"version-history":[{"count":1,"href":"https:\/\/somdepapo.com.br\/portal\/wp-json\/wp\/v2\/posts\/41808\/revisions"}],"predecessor-version":[{"id":41810,"href":"https:\/\/somdepapo.com.br\/portal\/wp-json\/wp\/v2\/posts\/41808\/revisions\/41810"}],"wp:featuredmedia":[{"embeddable":true,"href":"https:\/\/somdepapo.com.br\/portal\/wp-json\/wp\/v2\/media\/41809"}],"wp:attachment":[{"href":"https:\/\/somdepapo.com.br\/portal\/wp-json\/wp\/v2\/media?parent=41808"}],"wp:term":[{"taxonomy":"category","embeddable":true,"href":"https:\/\/somdepapo.com.br\/portal\/wp-json\/wp\/v2\/categories?post=41808"},{"taxonomy":"post_tag","embeddable":true,"href":"https:\/\/somdepapo.com.br\/portal\/wp-json\/wp\/v2\/tags?post=41808"}],"curies":[{"name":"wp","href":"https:\/\/api.w.org\/{rel}","templated":true}]}}