{"id":42089,"date":"2025-04-17T11:50:58","date_gmt":"2025-04-17T14:50:58","guid":{"rendered":"https:\/\/somdepapo.com.br\/portal\/?p=42089"},"modified":"2025-04-17T11:50:58","modified_gmt":"2025-04-17T14:50:58","slug":"o-impacto-na-economia-no-brasil-a-festa-da-pascoa","status":"publish","type":"post","link":"https:\/\/somdepapo.com.br\/portal\/o-impacto-na-economia-no-brasil-a-festa-da-pascoa\/","title":{"rendered":"O impacto na Economia no Brasil: A Festa da P\u00e1scoa"},"content":{"rendered":"<p style=\"text-align: right;\">Por Nedir Marchioro&nbsp;<\/p>\n<p style=\"text-align: justify;\">A P\u00e1scoa, tradicionalmente associada a valores religiosos e familiares, vai muito al\u00e9m do significado espiritual. No Brasil, a data se transformou em um dos principais motores do com\u00e9rcio no primeiro semestre, movimentando diversos setores da economia e gerando impactos significativos tanto no consumo quanto na produ\u00e7\u00e3o industrial.<\/p>\n<p style=\"text-align: justify;\">O setor de chocolates: o protagonista da P\u00e1scoa<\/p>\n<p style=\"text-align: justify;\">Sem d\u00favida, o chocolate \u00e9 o grande s\u00edmbolo da P\u00e1scoa no Brasil. De acordo com dados da Associa\u00e7\u00e3o Brasileira da Ind\u00fastria de Chocolates, Amendoim e Balas, a produ\u00e7\u00e3o de ovos de P\u00e1scoa come\u00e7a ainda no final do ano anterior, movimentando milhares de empregos tempor\u00e1rios nas f\u00e1bricas, centros de distribui\u00e7\u00e3o e pontos de venda.<\/p>\n<p style=\"text-align: justify;\">As grandes redes varejistas, supermercados e at\u00e9 o com\u00e9rcio local investem fortemente na P\u00e1scoa, desde a decora\u00e7\u00e3o tem\u00e1tica at\u00e9 promo\u00e7\u00f5es especiais. As vendas de ovos de chocolate, bombons e produtos artesanais representam um pico de faturamento importante para o setor aliment\u00edcio, al\u00e9m de impulsionar pequenos produtores e confeiteiros aut\u00f4nomos, que encontram na data uma oportunidade para aumentar a renda.<\/p>\n<p style=\"text-align: justify;\">Gera\u00e7\u00e3o de empregos tempor\u00e1rios<\/p>\n<p style=\"text-align: justify;\">A demanda sazonal da P\u00e1scoa estimula a contrata\u00e7\u00e3o de trabalhadores tempor\u00e1rios, especialmente nos setores de produ\u00e7\u00e3o, log\u00edstica e atendimento ao cliente. Segundo estimativas de entidades do com\u00e9rcio, a data gera dezenas de milhares de vagas tempor\u00e1rias em todo o pa\u00eds, muitas das quais se tornam efetivas, contribuindo para a diminui\u00e7\u00e3o do desemprego, ainda que pontualmente.<\/p>\n<p style=\"text-align: justify;\">Turismo e lazer tamb\u00e9m se beneficiam<\/p>\n<p style=\"text-align: justify;\">A P\u00e1scoa tamb\u00e9m impulsiona o turismo interno. Muitos brasileiros aproveitam o feriado prolongado para viajar, o que aquece setores como hotelaria, transporte, gastronomia e lazer. Destinos religiosos, como o interior de Minas Gerais, o Nordeste e cidades hist\u00f3ricas, recebem maior fluxo de visitantes, impactando positivamente a economia local.<\/p>\n<p style=\"text-align: justify;\">Com\u00e9rcio eletr\u00f4nico em ascens\u00e3o<\/p>\n<p style=\"text-align: justify;\">Nos \u00faltimos anos, o e-commerce tem ganhado for\u00e7a como canal de vendas na P\u00e1scoa. O consumidor busca comodidade, variedade de produtos e melhores pre\u00e7os, o que incentiva o crescimento das lojas virtuais e a profissionaliza\u00e7\u00e3o de pequenos neg\u00f3cios digitais. Esse movimento fortalece a digitaliza\u00e7\u00e3o do varejo e amplia a competitividade no mercado.<\/p>\n<p style=\"text-align: justify;\">Desafios e oportunidades<\/p>\n<p style=\"text-align: justify;\">Apesar do impacto positivo, o setor enfrenta desafios, como o aumento do custo de produ\u00e7\u00e3o, a concorr\u00eancia acirrada e a varia\u00e7\u00e3o do poder de compra do consumidor. Ainda assim, a P\u00e1scoa continua sendo uma data estrat\u00e9gica para o varejo e uma oportunidade de inova\u00e7\u00e3o, especialmente com a diversifica\u00e7\u00e3o de produtos \u2014 como ovos veganos, diet, artesanais e com brindes personalizados.<\/p>\n<p style=\"text-align: justify;\">&nbsp;<\/p>\n<p style=\"text-align: justify;\">Conclus\u00e3o<\/p>\n<p style=\"text-align: justify;\">A P\u00e1scoa \u00e9, sem d\u00favida, um evento com grande impacto econ\u00f4mico no Brasil. Ela impulsiona a produ\u00e7\u00e3o industrial, o com\u00e9rcio, o turismo e o mercado digital, ao mesmo tempo em que promove a gera\u00e7\u00e3o de empregos e aquece a economia em um per\u00edodo geralmente mais calmo para o varejo. Mais do que uma celebra\u00e7\u00e3o religiosa, a P\u00e1scoa se consolidou como uma importante alavanca econ\u00f4mica e social no pa\u00eds.<\/p>\n<p style=\"text-align: justify;\">&nbsp;<\/p>\n<p style=\"text-align: justify;\">&nbsp;<\/p>\n","protected":false},"excerpt":{"rendered":"<p>Por Nedir Marchioro&nbsp; A P\u00e1scoa, tradicionalmente associada a valores religiosos e familiares, vai muito al\u00e9m do significado espiritual. No Brasil, a data se transformou em um dos principais motores do com\u00e9rcio no primeiro semestre, movimentando diversos setores da economia e gerando impactos significativos tanto no consumo quanto na produ\u00e7\u00e3o industrial. O setor de chocolates: o [&hellip;]<\/p>\n","protected":false},"author":1,"featured_media":42090,"comment_status":"open","ping_status":"open","sticky":false,"template":"","format":"standard","meta":{"ngg_post_thumbnail":0,"footnotes":""},"categories":[2,30,31,41],"tags":[],"class_list":["post-42089","post","type-post","status-publish","format-standard","has-post-thumbnail","hentry","category-destaques","category-negocios","category-noticias","category-ultimasnoticias"],"_links":{"self":[{"href":"https:\/\/somdepapo.com.br\/portal\/wp-json\/wp\/v2\/posts\/42089","targetHints":{"allow":["GET"]}}],"collection":[{"href":"https:\/\/somdepapo.com.br\/portal\/wp-json\/wp\/v2\/posts"}],"about":[{"href":"https:\/\/somdepapo.com.br\/portal\/wp-json\/wp\/v2\/types\/post"}],"author":[{"embeddable":true,"href":"https:\/\/somdepapo.com.br\/portal\/wp-json\/wp\/v2\/users\/1"}],"replies":[{"embeddable":true,"href":"https:\/\/somdepapo.com.br\/portal\/wp-json\/wp\/v2\/comments?post=42089"}],"version-history":[{"count":1,"href":"https:\/\/somdepapo.com.br\/portal\/wp-json\/wp\/v2\/posts\/42089\/revisions"}],"predecessor-version":[{"id":42091,"href":"https:\/\/somdepapo.com.br\/portal\/wp-json\/wp\/v2\/posts\/42089\/revisions\/42091"}],"wp:featuredmedia":[{"embeddable":true,"href":"https:\/\/somdepapo.com.br\/portal\/wp-json\/wp\/v2\/media\/42090"}],"wp:attachment":[{"href":"https:\/\/somdepapo.com.br\/portal\/wp-json\/wp\/v2\/media?parent=42089"}],"wp:term":[{"taxonomy":"category","embeddable":true,"href":"https:\/\/somdepapo.com.br\/portal\/wp-json\/wp\/v2\/categories?post=42089"},{"taxonomy":"post_tag","embeddable":true,"href":"https:\/\/somdepapo.com.br\/portal\/wp-json\/wp\/v2\/tags?post=42089"}],"curies":[{"name":"wp","href":"https:\/\/api.w.org\/{rel}","templated":true}]}}