{"id":42393,"date":"2025-05-12T07:01:24","date_gmt":"2025-05-12T10:01:24","guid":{"rendered":"https:\/\/somdepapo.com.br\/portal\/?p=42393"},"modified":"2025-05-12T07:01:24","modified_gmt":"2025-05-12T10:01:24","slug":"doses-de-alegria-como-fazer-o-controle","status":"publish","type":"post","link":"https:\/\/somdepapo.com.br\/portal\/doses-de-alegria-como-fazer-o-controle\/","title":{"rendered":"Doses de Alegria: como fazer o controle?"},"content":{"rendered":"<p style=\"text-align: right;\">Por Dora Paiva<\/p>\n<p style=\"text-align: right;\">@dorapaiva51<\/p>\n<p style=\"text-align: justify;\">&nbsp;<\/p>\n<p style=\"text-align: justify;\">\u201cA Alegria n\u00e3o est\u00e1 nas coisas, est\u00e1 em n\u00f3s\u201d. Essa frase \u00e9 da autoria do te\u00f3logo e escritor franc\u00eas Charles Wagner, falecido em 1918. Atrav\u00e9s dela, podemos perceber e sentir, a profundidade das palavras. Tudo isso porque, na maior parte da nossa exist\u00eancia, n\u00f3s sempre buscamos a ALEGRIA nas coisas exteriores, por isso n\u00e3o percebemos que ela est\u00e1 dentro de n\u00f3s.<\/p>\n<p style=\"text-align: justify;\">A ALEGRIA faz parte do contexto de uma vida, muito embora n\u00e3o consigamos visualiz\u00e1-la perfeitamente, em nosso ser. Dessa forma, vamos esperando e postergando a sua apresenta\u00e7\u00e3o em n\u00f3s. Todos precisamos da ALEGRIA, pois ela faz muito bem ao corpo, \u00e0 mente, \u00e0 alma e ao nosso esp\u00edrito. Por\u00e9m quando ela \u00e9 extrapolada, e exagerada, vai se transformar em uma Euforia descontrolada, tornando a situa\u00e7\u00e3o fora do equil\u00edbrio e do discernimento.<\/p>\n<p style=\"text-align: justify;\">A ALEGRIA exagerada, traz em si, algumas situa\u00e7\u00f5es que muitos de n\u00f3s, n\u00e3o conseguimos perceber. H\u00e1 um ditado antigo e muito popular que diz: \u201ctudo aquilo que est\u00e1 em excesso, traz doen\u00e7as\u201d. Esse jarg\u00e3o, se aplica para as pessoas, que ainda n\u00e3o conseguem estabelecer um padr\u00e3o mais amenizado na sua express\u00e3o.<\/p>\n<p style=\"text-align: justify;\">Quando o teor da ALEGRIA \u00e9 normal, tudo resplandece, torna-se agrad\u00e1vel e contagiante. Por\u00e9m, quando esse padr\u00e3o \u00e9 alterado, desorganizado e desequilibrado, \u00e9 chegada a hora de ir em busca do seu ponto de centramento.<\/p>\n<p style=\"text-align: justify;\">\u00c9 preciso que as pessoas encontrem um ponto de ajuste, para a conten\u00e7\u00e3o da ALEGRIA em exagero. Esse excesso, pode esconder e camuflar alguns problemas psicol\u00f3gicos, a exemplo do Transtorno Bipolar e da Depress\u00e3o. J\u00e1 est\u00e1 comprovado que pessoas com esse tipo de Transtorno Comportamental, desenvolve uma certa euforia, antes da instala\u00e7\u00e3o do processo depressivo.<\/p>\n<p style=\"text-align: justify;\">O excesso de ALEGRIA, tamb\u00e9m \u00e9 uma forma de camuflar processos de Ansiedade, Tristeza e Melancolia. A sua origem, pode estar vinculada a diversas e diferentes causas psicol\u00f3gicas. Entre os seus efeitos encontramos: 1)A Positividade Toxica- que \u00e9 um processo obsessivo por pensamentos positivos. Reprimindo algumas emo\u00e7\u00f5es, a exemplo da Tristeza. 2) A S\u00edndrome do Cora\u00e7\u00e3o Feliz- essa \u00e9 uma situa\u00e7\u00e3o em que o excesso ou exagero da ALEGRIA, pode desencadear altera\u00e7\u00f5es na \u00e1rea card\u00edaca, trazendo sequelas irrevers\u00edveis.<\/p>\n<p style=\"text-align: justify;\">Ressaltamos, que a ALEGRIA \u00e9 uma condi\u00e7\u00e3o natural e pr\u00f3pria do ser humano. Por\u00e9m o seu trato exagerado, \u00e9 prejudicial em todos os sentidos. Portanto, vamos buscar o Eixo do Equil\u00edbrio das Emo\u00e7\u00f5es e procurar viver em harmonia consigo mesmo. Pense nisso carinhosamente. Namast\u00ea!<\/p>\n<p style=\"text-align: justify;\">&nbsp;<\/p>\n<p style=\"text-align: justify;\">Refer\u00eancias&nbsp;<\/p>\n<p style=\"text-align: justify;\">Texto: www. terra.com.br<\/p>\n<p style=\"text-align: justify;\">&nbsp; &nbsp; &nbsp; www.super.abril.com.br<\/p>\n<p style=\"text-align: justify;\">Imagem: www.pinterest.com.br<\/p>\n<p style=\"text-align: justify;\">Censura: 16 anos<\/p>\n<p style=\"text-align: justify;\">Contato: @dorapaiva51<\/p>\n<p style=\"text-align: justify;\">71991300030<\/p>\n<p style=\"text-align: justify;\">&nbsp;<\/p>\n<p style=\"text-align: justify;\">&nbsp;<\/p>\n","protected":false},"excerpt":{"rendered":"<p>Por Dora Paiva @dorapaiva51 &nbsp; \u201cA Alegria n\u00e3o est\u00e1 nas coisas, est\u00e1 em n\u00f3s\u201d. Essa frase \u00e9 da autoria do te\u00f3logo e escritor franc\u00eas Charles Wagner, falecido em 1918. Atrav\u00e9s dela, podemos perceber e sentir, a profundidade das palavras. Tudo isso porque, na maior parte da nossa exist\u00eancia, n\u00f3s sempre buscamos a ALEGRIA nas coisas [&hellip;]<\/p>\n","protected":false},"author":1,"featured_media":42395,"comment_status":"open","ping_status":"open","sticky":false,"template":"","format":"standard","meta":{"ngg_post_thumbnail":0,"footnotes":""},"categories":[2,36,41],"tags":[],"class_list":["post-42393","post","type-post","status-publish","format-standard","has-post-thumbnail","hentry","category-destaques","category-positividade","category-ultimasnoticias"],"_links":{"self":[{"href":"https:\/\/somdepapo.com.br\/portal\/wp-json\/wp\/v2\/posts\/42393","targetHints":{"allow":["GET"]}}],"collection":[{"href":"https:\/\/somdepapo.com.br\/portal\/wp-json\/wp\/v2\/posts"}],"about":[{"href":"https:\/\/somdepapo.com.br\/portal\/wp-json\/wp\/v2\/types\/post"}],"author":[{"embeddable":true,"href":"https:\/\/somdepapo.com.br\/portal\/wp-json\/wp\/v2\/users\/1"}],"replies":[{"embeddable":true,"href":"https:\/\/somdepapo.com.br\/portal\/wp-json\/wp\/v2\/comments?post=42393"}],"version-history":[{"count":1,"href":"https:\/\/somdepapo.com.br\/portal\/wp-json\/wp\/v2\/posts\/42393\/revisions"}],"predecessor-version":[{"id":42396,"href":"https:\/\/somdepapo.com.br\/portal\/wp-json\/wp\/v2\/posts\/42393\/revisions\/42396"}],"wp:featuredmedia":[{"embeddable":true,"href":"https:\/\/somdepapo.com.br\/portal\/wp-json\/wp\/v2\/media\/42395"}],"wp:attachment":[{"href":"https:\/\/somdepapo.com.br\/portal\/wp-json\/wp\/v2\/media?parent=42393"}],"wp:term":[{"taxonomy":"category","embeddable":true,"href":"https:\/\/somdepapo.com.br\/portal\/wp-json\/wp\/v2\/categories?post=42393"},{"taxonomy":"post_tag","embeddable":true,"href":"https:\/\/somdepapo.com.br\/portal\/wp-json\/wp\/v2\/tags?post=42393"}],"curies":[{"name":"wp","href":"https:\/\/api.w.org\/{rel}","templated":true}]}}